{"id":381691,"date":"2025-09-11T02:26:13","date_gmt":"2025-09-11T02:26:13","guid":{"rendered":"https:\/\/www.europesays.com\/fr\/381691\/"},"modified":"2025-09-11T02:26:13","modified_gmt":"2025-09-11T02:26:13","slug":"club-du-mieux-pour-luis-enrique","status":"publish","type":"post","link":"https:\/\/www.europesays.com\/fr\/381691\/","title":{"rendered":"Club : Du mieux pour Luis Enrique"},"content":{"rendered":"<p>Quelques jours apr\u00e8s sa fracture de la clavicule, Luis Enrique va mieux : l&rsquo;entra\u00eeneur du PSG a \u00e9t\u00e9 op\u00e9r\u00e9\u00a0avec\u00a0succ\u00e8s et attaque sa convalescence.<\/p>\n<p>La tr\u00eave internationale a \u00e9t\u00e9 synonyme de tr\u00e8s nombreuses blessures pour le PSG, avec les tr\u00e8s m\u00e9diatiques cas Ousmane Demb\u00e9l\u00e9 et D\u00e9sir\u00e9 Dou\u00e9 qui ont monopolis\u00e9 l&rsquo;opinion, mais cela fait d\u00e9sormais cinq jours que Luis Enrique est tomb\u00e9 en v\u00e9lo en Espagne et s&rsquo;est cass\u00e9 sa clavicule. Le club avait annonc\u00e9 la blessure de l&rsquo;entra\u00eeneur d\u00e8s le vendredi soir mais n&rsquo;a donn\u00e9 aucune nouvelle depuis.<\/p>\n<blockquote class=\"twitter-tweet\">\n<p dir=\"ltr\" lang=\"fr\">Luis Enrique s&rsquo;inqui\u00e8te pour son travail au quotidien <a href=\"https:\/\/t.co\/7iwGoeg6S8\" rel=\"nofollow\">https:\/\/t.co\/7iwGoeg6S8<\/a><\/p>\n<p>\u2014 CulturePSG (@CulturePSG) <a href=\"https:\/\/twitter.com\/CulturePSG\/status\/1964668628261072952?ref_src=twsrc%5Etfw\" rel=\"nofollow noopener\" target=\"_blank\">September 7, 2025<\/a><\/p><\/blockquote>\n<p>Alors que le PSG a repris l&rsquo;entra\u00eenement ce mercredi, c&rsquo;est finalement via un insider bien connu de la communaut\u00e9 parisienne que des nouvelles du bless\u00e9 sont apparues. Luis Enrique a \u00e9t\u00e9 op\u00e9r\u00e9 de sa clavicule, comme annonc\u00e9, et l&rsquo;op\u00e9ration s&rsquo;est bien pass\u00e9e. Place d\u00e9sormais \u00e0 la r\u00e9\u00e9ducation pour l&rsquo;entra\u00eeneur parisien, <a href=\"https:\/\/www.culturepsg.com\/news\/club\/luis-enrique-s-inquiete-pour-son-travail-au-quotidien\/56902\" rel=\"nofollow noopener\" target=\"_blank\">inquiet de savoir comment il allait pouvoir g\u00e9rer son quotidien au Campus PSG suite \u00e0 cette sale blessure<\/a>.<\/p>\n<blockquote class=\"twitter-tweet\">\n<p dir=\"ltr\" lang=\"fr\">=4=5 Luis Enrique a \u00e9t\u00e9 op\u00e9r\u00e9 avec succ\u00e8s pour sa fracture de la clavicule.<\/p>\n<p>Il va mieux et entame sa r\u00e9cup\u00e9ration. \ufffd <a href=\"https:\/\/t.co\/ure6NWRzQW\" rel=\"nofollow\">https:\/\/t.co\/ure6NWRzQW<\/a><\/p>\n<p>\u2014 Djamel September 10, 2025<\/p><\/blockquote>\n<p>Ce mercredi de fin de tr\u00eave internationale, rares \u00e9taient les Parisiens pr\u00e9sents lors de la s\u00e9ance d&rsquo;entra\u00eenement du jour, seuls Lucas Beraldo, Warren Za\u00efre-Emery et Senny Mayulu apparaissant sur les vid\u00e9os diffus\u00e9es par le club. En revanche, pas la moindre trace de Luis Enrique sur les images diffus\u00e9es par le club, ce qui peut para\u00eetre logique pour l&rsquo;heure puisque l&rsquo;Espagnol est cens\u00e9 avoir \u00e9t\u00e9 op\u00e9r\u00e9 en Espagne et n&rsquo;est pas forc\u00e9ment encore rentr\u00e9 \u00e0 Paris.<\/p>\n<p>A cet instant, la conf\u00e9rence de presse d&rsquo;avant-match de PSG\/Lens est en tout cas toujours pr\u00e9vue samedi \u00e0 13h, et surtout avec lui.<\/p>\n<p><script async src=\"https:\/\/platform.twitter.com\/widgets.js\" charset=\"utf-8\"><\/script><\/p>\n","protected":false},"excerpt":{"rendered":"Quelques jours apr\u00e8s sa fracture de la clavicule, Luis Enrique va mieux : l&rsquo;entra\u00eeneur du PSG a \u00e9t\u00e9&hellip;\n","protected":false},"author":2,"featured_media":381692,"comment_status":"","ping_status":"","sticky":false,"template":"","format":"standard","meta":{"footnotes":""},"categories":[1410],"tags":[63,1011,27,60],"class_list":{"0":"post-381691","1":"post","2":"type-post","3":"status-publish","4":"format-standard","5":"has-post-thumbnail","7":"category-football","8":"tag-football","9":"tag-fr","10":"tag-france","11":"tag-sports"},"share_on_mastodon":{"url":"https:\/\/pubeurope.com\/@fr\/115183300509503993","error":""},"_links":{"self":[{"href":"https:\/\/www.europesays.com\/fr\/wp-json\/wp\/v2\/posts\/381691","targetHints":{"allow":["GET"]}}],"collection":[{"href":"https:\/\/www.europesays.com\/fr\/wp-json\/wp\/v2\/posts"}],"about":[{"href":"https:\/\/www.europesays.com\/fr\/wp-json\/wp\/v2\/types\/post"}],"author":[{"embeddable":true,"href":"https:\/\/www.europesays.com\/fr\/wp-json\/wp\/v2\/users\/2"}],"replies":[{"embeddable":true,"href":"https:\/\/www.europesays.com\/fr\/wp-json\/wp\/v2\/comments?post=381691"}],"version-history":[{"count":0,"href":"https:\/\/www.europesays.com\/fr\/wp-json\/wp\/v2\/posts\/381691\/revisions"}],"wp:featuredmedia":[{"embeddable":true,"href":"https:\/\/www.europesays.com\/fr\/wp-json\/wp\/v2\/media\/381692"}],"wp:attachment":[{"href":"https:\/\/www.europesays.com\/fr\/wp-json\/wp\/v2\/media?parent=381691"}],"wp:term":[{"taxonomy":"category","embeddable":true,"href":"https:\/\/www.europesays.com\/fr\/wp-json\/wp\/v2\/categories?post=381691"},{"taxonomy":"post_tag","embeddable":true,"href":"https:\/\/www.europesays.com\/fr\/wp-json\/wp\/v2\/tags?post=381691"}],"curies":[{"name":"wp","href":"https:\/\/api.w.org\/{rel}","templated":true}]}}