{"id":381693,"date":"2025-09-11T02:27:12","date_gmt":"2025-09-11T02:27:12","guid":{"rendered":"https:\/\/www.europesays.com\/fr\/381693\/"},"modified":"2025-09-11T02:27:12","modified_gmt":"2025-09-11T02:27:12","slug":"kate-et-william-ils-sortent-les-tres-grands-moyens-pour-donald-et-melania-trump-operation-seduction","status":"publish","type":"post","link":"https:\/\/www.europesays.com\/fr\/381693\/","title":{"rendered":"Kate et William : ils sortent les tr\u00e8s grands moyens pour Donald et Melania Trump, op\u00e9ration s\u00e9duction"},"content":{"rendered":"<p data-pm-slice=\"0 0 []\">Alors que Kate et William rentrent tout<br \/>\njuste de <a class=\"qbe-widget\" href=\"https:\/\/www.closermag.fr\/royautes\/kate-et-william-en-grece-yacht-activites-securite-on-en-sait-plus-sur-leurs-vacances-incognito-3568363\" target=\"_blank\" rel=\"noopener noreferrer\">leurs vacances de r\u00eave en<br \/>\nGr\u00e8ce,<\/a> la rentr\u00e9e est plus charg\u00e9e que jamais. En \u00e0 peine une<br \/>\nsemaine, ils ont multipli\u00e9 les sorties publiques. Ils se sont<br \/>\nnotamment rendus au mus\u00e9e d\u2019histoire naturelle de Londres et, plus<br \/>\nr\u00e9cemment, la princesse de Galles a rejoint son mari lors de sa<br \/>\nvisite du \u00ab Women\u2019s Institute \u00bb de Sunningdale. Une sortie qui<br \/>\nn\u2019est pas pass\u00e9e inaper\u00e7ue, puisque <a class=\"qbe-widget\" href=\"https:\/\/www.closermag.fr\/royautes\/kate-middleton-court-circuite-le-prince-harry-elle-lui-coupe-lherbe-sous-le-pied-pour-son-retour-en-angleterre-3577915\" target=\"_blank\" rel=\"noopener noreferrer\">Kate Middleton a coup\u00e9<br \/>\nl\u2019herbe sous le pied du prince Harry<\/a>, qui se trouvait \u00e0 Londres<br \/>\n\u00e0 ce moment-l\u00e0.<\/p>\n<p>Mais dans quelques jours, plus pr\u00e9cis\u00e9ment du 17 au 19<br \/>\nseptembre, <a class=\"qbe-widget\" href=\"https:\/\/www.closermag.fr\/royautes\/melania-et-donald-trump-en-angleterre-changement-surprise-avant-leur-rencontre-avec-charles-iii-3559952\" target=\"_blank\" rel=\"noopener noreferrer\">le couple royal va<br \/>\nrecevoir Donald et Melania Trump.<\/a> Une visite d\u2019\u00c9tat qui<br \/>\nattirera, sans aucun doute, les cam\u00e9ras du monde entier. \u00c0 une<br \/>\nsemaine de leur arriv\u00e9e, les premiers d\u00e9tails du programme ont \u00e9t\u00e9<br \/>\nd\u00e9voil\u00e9s. Et ils ont mis les petits plats dans les grands !<\/p>\n<p>Cal\u00e8che et cort\u00e8ge pour Donald et Melania Trump<\/p>\n<p>C\u2019est sur X que le reporter royal Richard Palmer a d\u00e9voil\u00e9 de<br \/>\nnouvelles informations concernant la venue du couple pr\u00e9sidentiel<br \/>\nam\u00e9ricain. Et les d\u00e9tails viennent directement du palais ! \u201cLe<br \/>\npalais de Buckingham a d\u00e9voil\u00e9 les d\u00e9tails de la visite d\u00a0\u00bb\u00c9tat du<br \/>\npr\u00e9sident Trump au Royaume-Uni la semaine prochaine. Le prince et<br \/>\nla princesse de Galles y seront tr\u00e8s pr\u00e9sents, notamment pour<br \/>\n<strong>accueillir le pr\u00e9sident et la premi\u00e8re dame \u00e0<br \/>\nWindsor<\/strong> et les rejoindre dans <strong>un cort\u00e8ge en<br \/>\ncal\u00e8che avec le roi et la<br \/>\nreine<\/strong><strong>.<\/strong>\u201d<\/p>\n<p>Cela rappelle <a class=\"qbe-widget\" href=\"https:\/\/www.closermag.fr\/people\/brigitte-et-emmanuel-macron-a-londres-ce-fastueux-diner-ou-se-cachaient-un-celebre-chanteur-francais-expatrie-et-sa-compagne-3562506\" target=\"_blank\" rel=\"noopener noreferrer\">l\u2019arriv\u00e9e de Brigitte et<br \/>\nEmmanuel Macron<\/a> quelques mois auparavant. Une visite qui avait<br \/>\nfait d\u00e9bat, puisqu\u2019elle s\u2019est pass\u00e9e avant celle de Donald et<br \/>\nMelania Trump. Ils avaient eux aussi eu <a class=\"qbe-widget\" href=\"https:\/\/www.closermag.fr\/politique\/emmanuel-et-brigitte-macron-au-royaume-uni-accueil-de-kate-caleche-les-images-de-leur-premiere-journee-a-windsor-3562070\" target=\"_blank\" rel=\"noopener noreferrer\">le droit \u00e0 la<br \/>\ncal\u00e8che.<\/a><\/p>\n<p>Donald et Melania Trump seront bient\u00f4t<br \/>\n\u00e0 Windsor.<\/p>\n<p>Il faut dire que la visite de <a class=\"qbe-widget\" href=\"https:\/\/www.closermag.fr\/royautes\/charles-iii-consterne-par-donald-trump-pour-sa-prochaine-visite-il-sattend-au-pire-3568386\" target=\"_blank\" rel=\"noopener noreferrer\">Donald et Melania Trump<br \/>\nau Royaume-Uni<\/a> est un \u00e9v\u00e9nement sans pr\u00e9c\u00e9dent. En effet, il<br \/>\nest <strong>le premier pr\u00e9sident am\u00e9ricain \u00e0 venir deux fois au<br \/>\nRoyaume-Uni.<\/strong> Une seconde invitation qui sonne comme une<br \/>\nvraie reconnaissance diplomatique.<\/p>\n<p>Contrairement aux traditions, le successeur de Joe Biden ne sera<br \/>\npas re\u00e7u \u00e0 Buckingham. En effet, le palais est en travaux. Par<br \/>\ncons\u00e9quent, le roi Charles III recevra le dirigeant am\u00e9ricain \u00e0<br \/>\nWindsor. Avant lui, Brigitte et Emmanuel Macron avaient eux aussi<br \/>\neu ce privil\u00e8ge.<\/p>\n","protected":false},"excerpt":{"rendered":"Alors que Kate et William rentrent tout juste de leurs vacances de r\u00eave en Gr\u00e8ce, la rentr\u00e9e est&hellip;\n","protected":false},"author":2,"featured_media":381694,"comment_status":"","ping_status":"","sticky":false,"template":"","format":"standard","meta":{"footnotes":""},"categories":[1359],"tags":[548,58,75,59,1011,27,6585,21831,973],"class_list":{"0":"post-381693","1":"post","2":"type-post","3":"status-publish","4":"format-standard","5":"has-post-thumbnail","7":"category-people","8":"tag-article-simple","9":"tag-divertissement","10":"tag-donald-trump","11":"tag-entertainment","12":"tag-fr","13":"tag-france","14":"tag-kate-et-william","15":"tag-melania-trump","16":"tag-people"},"share_on_mastodon":{"url":"https:\/\/pubeurope.com\/@fr\/115183304332896231","error":""},"_links":{"self":[{"href":"https:\/\/www.europesays.com\/fr\/wp-json\/wp\/v2\/posts\/381693","targetHints":{"allow":["GET"]}}],"collection":[{"href":"https:\/\/www.europesays.com\/fr\/wp-json\/wp\/v2\/posts"}],"about":[{"href":"https:\/\/www.europesays.com\/fr\/wp-json\/wp\/v2\/types\/post"}],"author":[{"embeddable":true,"href":"https:\/\/www.europesays.com\/fr\/wp-json\/wp\/v2\/users\/2"}],"replies":[{"embeddable":true,"href":"https:\/\/www.europesays.com\/fr\/wp-json\/wp\/v2\/comments?post=381693"}],"version-history":[{"count":0,"href":"https:\/\/www.europesays.com\/fr\/wp-json\/wp\/v2\/posts\/381693\/revisions"}],"wp:featuredmedia":[{"embeddable":true,"href":"https:\/\/www.europesays.com\/fr\/wp-json\/wp\/v2\/media\/381694"}],"wp:attachment":[{"href":"https:\/\/www.europesays.com\/fr\/wp-json\/wp\/v2\/media?parent=381693"}],"wp:term":[{"taxonomy":"category","embeddable":true,"href":"https:\/\/www.europesays.com\/fr\/wp-json\/wp\/v2\/categories?post=381693"},{"taxonomy":"post_tag","embeddable":true,"href":"https:\/\/www.europesays.com\/fr\/wp-json\/wp\/v2\/tags?post=381693"}],"curies":[{"name":"wp","href":"https:\/\/api.w.org\/{rel}","templated":true}]}}