{"id":381697,"date":"2025-09-11T02:29:23","date_gmt":"2025-09-11T02:29:23","guid":{"rendered":"https:\/\/www.europesays.com\/fr\/381697\/"},"modified":"2025-09-11T02:29:23","modified_gmt":"2025-09-11T02:29:23","slug":"catherine-millet-la-mere-et-ses-abimes-liberation","status":"publish","type":"post","link":"https:\/\/www.europesays.com\/fr\/381697\/","title":{"rendered":"Catherine Millet, la\u00a0m\u00e8re et ses\u00a0ab\u00eemes \u2013 Lib\u00e9ration"},"content":{"rendered":"<p class=\"sc-cPiKLX AiZTS text-element\">Elle h\u00e9site sur la date et l\u2019h\u00e9sitation, affich\u00e9e, souligne la recherche de pr\u00e9cision \u2013 puis, arriv\u00e9e \u00e0 un certain point, son impasse. Le 21 ou le 22 mars 1982, Catherine Millet, alors \u00e2g\u00e9e de 33 ans, est all\u00e9e voir sa m\u00e8re Simone dans l\u2019appartement de celle-ci, \u00e0 Bois-Colombes (Hauts-de-Seine). Les lecteurs d\u2019<a href=\"https:\/\/www.liberation.fr\/livres\/2014\/04\/23\/mots-pour-mome-fondamentales_1003066\/\" target=\"_blank\" rel=\"noopener\" title=\"https:\/\/www.liberation.fr\/livres\/2014\/04\/23\/mots-pour-mome-fondamentales_1003066\/\">Une enfance de r\u00eave<\/a> (Flammarion, 2014) et de <a href=\"https:\/\/www.liberation.fr\/culture\/livres\/catherine-millet-dans-le-vif-du-debut-20220914_JZEXXROTYNHTFOSYAAYQVKTGNM\/\" target=\"_blank\" rel=\"noopener\" title=\"https:\/\/www.liberation.fr\/culture\/livres\/catherine-millet-dans-le-vif-du-debut-20220914_JZEXXROTYNHTFOSYAAYQVKTGNM\/\">Commencements<\/a> (Flammarion, 2022), deux de ses pr\u00e9c\u00e9dents livres autobiographiques, se rappellent peut-\u00eatre des lieux o\u00f9 l\u2019\u00e9crivaine a grandi. Sa m\u00e8re va mal, corps et \u00e2me. Elle fait de fr\u00e9quents s\u00e9jours \u00e0 l\u2019h\u00f4pital. Sa fille se souvient ne l\u2019avoir prise que deux fois dans ses bras. Elle l\u2019a aussi vue une fois, dans son enfance, enjamber la fen\u00eatre. Elle n\u2019avait pas saut\u00e9. <\/p>\n<p class=\"sc-cPiKLX AiZTS text-element\">Le 21 ou 22 mars, \u00abje n\u2019ai gard\u00e9 aucun souvenir de ce qui s\u2019est pass\u00e9 le temps que je suis rest\u00e9e dans l\u2019appartement ni de ce que nous nous sommes dit. Seule la derni\u00e8re sc\u00e8ne, sur le palier, forme un bloc bien distinct, d\u00e9pouill\u00e9, avec toujours cette lumi\u00e8re blond <\/p>\n","protected":false},"excerpt":{"rendered":"Elle h\u00e9site sur la date et l\u2019h\u00e9sitation, affich\u00e9e, souligne la recherche de pr\u00e9cision \u2013 puis, arriv\u00e9e \u00e0 un&hellip;\n","protected":false},"author":2,"featured_media":381698,"comment_status":"","ping_status":"","sticky":false,"template":"","format":"standard","meta":{"footnotes":""},"categories":[1357],"tags":[1379,10488,58,59,1011,27,1380],"class_list":{"0":"post-381697","1":"post","2":"type-post","3":"status-publish","4":"format-standard","5":"has-post-thumbnail","7":"category-livres","8":"tag-books","9":"tag-cahier-livres","10":"tag-divertissement","11":"tag-entertainment","12":"tag-fr","13":"tag-france","14":"tag-livres"},"share_on_mastodon":{"url":"https:\/\/pubeurope.com\/@fr\/115183312351395819","error":""},"_links":{"self":[{"href":"https:\/\/www.europesays.com\/fr\/wp-json\/wp\/v2\/posts\/381697","targetHints":{"allow":["GET"]}}],"collection":[{"href":"https:\/\/www.europesays.com\/fr\/wp-json\/wp\/v2\/posts"}],"about":[{"href":"https:\/\/www.europesays.com\/fr\/wp-json\/wp\/v2\/types\/post"}],"author":[{"embeddable":true,"href":"https:\/\/www.europesays.com\/fr\/wp-json\/wp\/v2\/users\/2"}],"replies":[{"embeddable":true,"href":"https:\/\/www.europesays.com\/fr\/wp-json\/wp\/v2\/comments?post=381697"}],"version-history":[{"count":0,"href":"https:\/\/www.europesays.com\/fr\/wp-json\/wp\/v2\/posts\/381697\/revisions"}],"wp:featuredmedia":[{"embeddable":true,"href":"https:\/\/www.europesays.com\/fr\/wp-json\/wp\/v2\/media\/381698"}],"wp:attachment":[{"href":"https:\/\/www.europesays.com\/fr\/wp-json\/wp\/v2\/media?parent=381697"}],"wp:term":[{"taxonomy":"category","embeddable":true,"href":"https:\/\/www.europesays.com\/fr\/wp-json\/wp\/v2\/categories?post=381697"},{"taxonomy":"post_tag","embeddable":true,"href":"https:\/\/www.europesays.com\/fr\/wp-json\/wp\/v2\/tags?post=381697"}],"curies":[{"name":"wp","href":"https:\/\/api.w.org\/{rel}","templated":true}]}}