{"id":381699,"date":"2025-09-11T02:30:59","date_gmt":"2025-09-11T02:30:59","guid":{"rendered":"https:\/\/www.europesays.com\/fr\/381699\/"},"modified":"2025-09-11T02:30:59","modified_gmt":"2025-09-11T02:30:59","slug":"yann-barthes-envoie-un","status":"publish","type":"post","link":"https:\/\/www.europesays.com\/fr\/381699\/","title":{"rendered":"Yann Barth\u00e8s envoie un &#8230;"},"content":{"rendered":"<p>EN BREF<\/p>\n<ul class=\"bloc_resume_post_list\">\n<li>Le 9 septembre, Yann Barth\u00e8s a souhait\u00e9 l\u00a0\u00bbanniversaire de<br \/>\nPascal Praud avec une pique, renfor\u00e7ant leur rivalit\u00e9<br \/>\nm\u00e9diatique.<\/li>\n<li>Yann Barth\u00e8s a lanc\u00e9 une remarque sarcastique sur l&rsquo;\u00e2ge<br \/>\nde Pascal Praud lors de son \u00e9mission Quotidien.<\/li>\n<li>Les tensions entre Yann Barth\u00e8s et Pascal Praud<br \/>\npersistent, alimentant une guerre m\u00e9diatique qui semble<br \/>\ninextinguible.<\/li>\n<\/ul>\n<p>Les relations entre Yann Barth\u00e8s et Pascal Praud sont<br \/>\nconflictuelles depuis des ann\u00e9es. Les deux pr\u00e9sentateurs s\u2019envoient<br \/>\nr\u00e9guli\u00e8rement des critiques mutuelles, notamment sur les pratiques<br \/>\njournalistiques et le contenu de leurs \u00e9missions respectives.<\/p>\n<p>Ce 9 septembre, Yann Barth\u00e8s a souhait\u00e9 l\u2019anniversaire de Pascal<br \/>\nPraud, mais comme toujours, \u00e0 travers un petit tacle.<\/p>\n<p>Quotidien : Yann Barth\u00e8s tacle Pascal Praud pour son<br \/>\nanniversaire<\/p>\n<p>Le 8 septembre dernier, <a href=\"https:\/\/www.telestar.fr\/people\/pascal-praud-surjoueur-de-lelegance-morale-apres-cyril-hanouna-jean-michel-aphatie-lattaque-1737626\" target=\"_blank\" rel=\"noopener\"><br \/>\nJean-Michel Aphatie<\/a> f\u00eatait ses 67 ans. Le lendemain, alors<br \/>\nqu\u2019il pr\u00e9sentait son \u00e9quipe du jour en d\u00e9but d\u2019\u00e9mission, Yann<br \/>\nBarth\u00e8s a lanc\u00e9 : \u00ab\u00a0Jean-Michel Aphatie, dont on resouhaite<br \/>\nl\u2019anniversaire aujourd\u2019hui, on va le souhaiter toute la<br \/>\nsemaine\u00a0\u00bb. Le chroniqueur a alors r\u00e9pondu : \u00ab\u00a0Tous les jours<br \/>\ntu vas me le souhaiter ? C\u2019est gentil, merci ! C\u2019est l\u2019anniversaire<br \/>\nde quelqu\u2019un d\u2019autre\u2026\u00a0\u00bb.<\/p>\n<p>L&rsquo;animateur de TMC a alors r\u00e9v\u00e9l\u00e9 : \u00ab\u00a0<strong>C\u2019est<br \/>\nl\u2019anniversaire de Pascal Praud, qui est juste<br \/>\nau-dessus<\/strong>\u00ab\u00a0. \u00ab\u00a0Ah bah bon anniversaire Pascal<br \/>\n!\u00a0\u00bb a r\u00e9torqu\u00e9 Jean-Michel Aphatie. <a href=\"https:\/\/www.telestar.fr\/actu_tv\/je-me-suis-dit-pourquoi-elle-dit-yann-barthes-interloque-par-maia-mazaurette-il-laffiche-dans-quotidien-1694768\" target=\"_blank\" rel=\"noopener\"><br \/>\nYann Barth\u00e8s<\/a> a continu\u00e9 avec une petite pique bien sentie :<br \/>\n\u00ab\u00a0<strong>62 ans, \u00e2ge ressenti : 112 !\u00a0\u00bb.<\/strong><\/p>\n<blockquote class=\"twitter-tweet\"><p><a class=\"twitter-link\" rel=\"noindex, nofollow noopener\" href=\"https:\/\/twitter.com\/Telestarmag\/status\/1965677614850269235\" target=\"_blank\"><\/p><\/blockquote>\n<p>Yann Barth\u00e8s et Pascal Praud\u00a0pas<br \/>\npr\u00e8s d\u2019enterrer la hache de guerre<\/p>\n<p>Depuis des ann\u00e9es, <a href=\"https:\/\/www.telestar.fr\/people\/pascal-praud-surjoueur-de-lelegance-morale-apres-cyril-hanouna-jean-michel-aphatie-lattaque-1737626\" target=\"_blank\" rel=\"noopener\"><br \/>\nPascal Praud<\/a> et Yann Barth\u00e8s se livrent une guerre sans merci.<br \/>\nLes deux visages embl\u00e9matiques du paysage audiovisuel fran\u00e7ais se<br \/>\nlancent r\u00e9guli\u00e8rement des piques et des moqueries par m\u00e9dias<br \/>\ninterpos\u00e9s.\u202fLe pr\u00e9sentateur de CNews avait notamment d\u00e9clar\u00e9 au<br \/>\nsujet de son meilleur ennemi\u00a0:\u00a0\u00ab\u00a0Ils sont<br \/>\n<strong>souvent nos meilleurs attach\u00e9s de presse<\/strong><br \/>\npuisqu&rsquo;ils parlent r\u00e9guli\u00e8rement de nous\u00a0\u00bb.<\/p>\n<p>L\u2019\u00e9quipe de Quotidien avait choisi pour sa rentr\u00e9e 2024 de<br \/>\nlancer une campagne de communication avec affiches montrant les<br \/>\nfigures de\u00a0Quotidien, accompagn\u00e9es de citations<br \/>\nformul\u00e9es \u00e0 leur encontre par <a href=\"https:\/\/www.telestar.fr\/actu_tv\/cest-moi-qui-paye-cyril-hanouna-estomaque-par-le-salaire-de-capucine-anav-1737467\" target=\"_blank\" rel=\"noopener\"><br \/>\nCyril Hanouna<\/a> et Pascal Praud.\u00a0\u00ab\u00a0Ils ont repris des<br \/>\nformules qui ont \u00e9t\u00e9 entendues sur CNews. Mais ils sont obs\u00e9d\u00e9s par<br \/>\nCNews&#8230; Mais\u00a0<strong>ils sont obs\u00e9d\u00e9s par nous ! Ils parlent<br \/>\nde CNews matin, midi et soir<\/strong>&#8230;\u00a0\u00bb, avait l\u00e2ch\u00e9<br \/>\nl\u2019animateur de L\u2019Heure des pros. Une relation<br \/>\nconflictuelle qui ne semble pas s&rsquo;apaiser.<\/p>\n<p><script async src=\"https:\/\/platform.twitter.com\/widgets.js\" charset=\"utf-8\"><\/script><\/p>\n","protected":false},"excerpt":{"rendered":"EN BREF Le 9 septembre, Yann Barth\u00e8s a souhait\u00e9 l\u00a0\u00bbanniversaire de Pascal Praud avec une pique, renfor\u00e7ant leur&hellip;\n","protected":false},"author":2,"featured_media":381700,"comment_status":"","ping_status":"","sticky":false,"template":"","format":"standard","meta":{"footnotes":""},"categories":[1356],"tags":[548,58,59,1011,27,10160,1404,252,1364,1405],"class_list":{"0":"post-381699","1":"post","2":"type-post","3":"status-publish","4":"format-standard","5":"has-post-thumbnail","7":"category-television","8":"tag-article-simple","9":"tag-divertissement","10":"tag-entertainment","11":"tag-fr","12":"tag-france","13":"tag-pascal-praud","14":"tag-quotidien","15":"tag-television","16":"tag-tv","17":"tag-yann-barthes"},"share_on_mastodon":{"url":"https:\/\/pubeurope.com\/@fr\/115183320039633329","error":""},"_links":{"self":[{"href":"https:\/\/www.europesays.com\/fr\/wp-json\/wp\/v2\/posts\/381699","targetHints":{"allow":["GET"]}}],"collection":[{"href":"https:\/\/www.europesays.com\/fr\/wp-json\/wp\/v2\/posts"}],"about":[{"href":"https:\/\/www.europesays.com\/fr\/wp-json\/wp\/v2\/types\/post"}],"author":[{"embeddable":true,"href":"https:\/\/www.europesays.com\/fr\/wp-json\/wp\/v2\/users\/2"}],"replies":[{"embeddable":true,"href":"https:\/\/www.europesays.com\/fr\/wp-json\/wp\/v2\/comments?post=381699"}],"version-history":[{"count":0,"href":"https:\/\/www.europesays.com\/fr\/wp-json\/wp\/v2\/posts\/381699\/revisions"}],"wp:featuredmedia":[{"embeddable":true,"href":"https:\/\/www.europesays.com\/fr\/wp-json\/wp\/v2\/media\/381700"}],"wp:attachment":[{"href":"https:\/\/www.europesays.com\/fr\/wp-json\/wp\/v2\/media?parent=381699"}],"wp:term":[{"taxonomy":"category","embeddable":true,"href":"https:\/\/www.europesays.com\/fr\/wp-json\/wp\/v2\/categories?post=381699"},{"taxonomy":"post_tag","embeddable":true,"href":"https:\/\/www.europesays.com\/fr\/wp-json\/wp\/v2\/tags?post=381699"}],"curies":[{"name":"wp","href":"https:\/\/api.w.org\/{rel}","templated":true}]}}