{"id":381705,"date":"2025-09-11T02:34:13","date_gmt":"2025-09-11T02:34:13","guid":{"rendered":"https:\/\/www.europesays.com\/fr\/381705\/"},"modified":"2025-09-11T02:34:13","modified_gmt":"2025-09-11T02:34:13","slug":"pourquoi-le-leqembi-ce-nouveau-traitement-contre-la-maladie-ne-sera-pas-rembourse-en-france","status":"publish","type":"post","link":"https:\/\/www.europesays.com\/fr\/381705\/","title":{"rendered":"pourquoi le Leqembi, ce nouveau traitement contre la maladie, ne sera pas rembours\u00e9 en France"},"content":{"rendered":"<p>            Par<br \/>\n        <strong><br \/>\n            <a href=\"https:\/\/actu.fr\/auteur\/redaction-actu\" title=\"Consulter tous les articles de R\u00e9daction Actu\" target=\"_blank\" rel=\"noopener\">R\u00e9daction Actu<\/a><br \/>\n        <\/strong><\/p>\n<p>        Publi\u00e9 le<\/p>\n<p>            9 sept. 2025 \u00e0 12h20        <\/p>\n<p>Le Leqembi, <strong>un nouveau traitement contre la maladie d\u2019Alzheimer<\/strong>, ne sera pas rembours\u00e9 dans l\u2019imm\u00e9diat en France. La Haute autorit\u00e9 de sant\u00e9 (HAS) se montre sceptique, \u00e9voquant des <strong>effets secondaires bien trop lourds<\/strong> au regard de b\u00e9n\u00e9fices insignifiants.<\/p>\n<p class=\" wall-content\">\u00ab\u2009L\u2019acc\u00e8s pr\u00e9coce \u00e0 Leqembi n\u2019a pas \u00e9t\u00e9 retenu\u2009\u00bb, a r\u00e9sum\u00e9 Pierre Cochat, pr\u00e9sident de la commission de la transparence de la HAS, \u00e0 l\u2019occasion d\u2019un avis rendu mardi 9 septembre 2025 par l\u2019institution et tr\u00e8s attendu par les sp\u00e9cialistes de la <a href=\"https:\/\/actu.fr\/tag\/alzheimer\" target=\"_blank\" rel=\"noopener\">maladie d\u2019Alzheimer<\/a>, la plus courante <strong>des d\u00e9mences avec des dizaines de millions de malades dans le monde.<\/strong><\/p>\n<p>D\u00e9clin l\u00e9g\u00e8rement ralenti, mais effets secondaires trop importants<\/p>\n<p class=\" wall-content\">Le Leqembi (l\u00e9can\u00e9mab), d\u00e9velopp\u00e9 par les laboratoires Biogen et Eisai, est l\u2019un des principaux espoirs auxquels s\u2019accrochent les associations de patients et de proches, ainsi qu\u2019un traitement au fonctionnement semblable, le Kisunla (donan\u00e9mab) d\u2019Eli Lilly.<\/p>\n<p class=\" wall-content\">Lors de leurs essais cliniques, ces m\u00e9dicaments ont <strong>permis de ralentir l\u00e9g\u00e8rement le d\u00e9clin de patients dont la maladie commen\u00e7ait<\/strong>. Nombre de sp\u00e9cialistes y voient donc une avanc\u00e9e majeure, alors que la recherche de m\u00e9dicaments anti-Alzheimer patine depuis des d\u00e9cennies.<\/p>\n<p class=\" wall-content\">Mais d\u2019autres regrettent un espoir illusoire, estimant que les b\u00e9n\u00e9fices observ\u00e9s sont si maigres qu\u2019ils ne font pas de diff\u00e9rence pour les patients, d\u2019autant que des effets graves et parfois mortels \u2013 h\u00e9morragies et \u0153d\u00e8mes c\u00e9r\u00e9braux \u2013 sont clairement av\u00e9r\u00e9s.<\/p>\n<p>Autoris\u00e9 aux \u00c9tats-Unis<\/p>\n<p class=\" wall-content\">Selon ces sceptiques, la faible efficacit\u00e9 de ces m\u00e9dicaments signifie que la recherche se concentre depuis trop longtemps sur une piste inad\u00e9quate, suivie par Leqembi comme Kisunla\u2009: chercher \u00e0 limiter la formation de plaques de prot\u00e9ines dites amylo\u00efdes dans le cerveau des malades.<\/p>\n<p>Votre r\u00e9gion, votre actu !<\/p>\n<p>Recevez chaque jour les infos qui comptent pour vous.<\/p>\n<p>\t<a href=\"https:\/\/actu.fr\/newsletter\" class=\"ac-btn ac-btn--corner ac-btn--medium ac-btn--blue800\" target=\"_blank\" rel=\"noopener\">S&rsquo;incrire<\/a><\/p>\n<p class=\" wall-content\">La HAS, dont les avis sont consultatifs, mais g\u00e9n\u00e9ralement suivis par le gouvernement, s\u2019exprime donc \u00e0 un moment o\u00f9 la controverse reste vive et o\u00f9 d\u2019autres autorit\u00e9s sanitaires se sont d\u00e9j\u00e0 prononc\u00e9es.<\/p>\n<p class=\" wall-content\">Les \u00c9tats-Unis ont d\u00e9j\u00e0 approuv\u00e9 ces traitements et l\u2019Union europ\u00e9enne (UE) a fait de m\u00eame. Mais, apr\u00e8s avoir initialement refus\u00e9 son feu vert, celle-ci n\u2019a finalement donn\u00e9 son approbation qu\u2019au printemps dernier, la restreignant aux patients les moins \u00e0 risque d\u2019effets graves.<\/p>\n<p class=\" wall-content\">Surtout, <strong>autorisation ne veut pas dire remboursement,<\/strong> et ce alors que ces m\u00e9dicaments ont un co\u00fbt \u00e9lev\u00e9\u2009: ils co\u00fbtent plusieurs dizaines de milliers de dollars par an aux \u00c9tats-Unis. Signe que la distinction est importante, le Royaume-Uni a d\u00e9\u00e7u les associations en autorisant ces traitements sur le principe, mais sans valider leur remboursement.<\/p>\n<p class=\" wall-content\">C\u2019est sur ce dernier point que la HAS devait se prononcer et, plus sp\u00e9cifiquement, sur le bien-fond\u00e9 d\u2019un \u00ab\u2009acc\u00e8s pr\u00e9coce\u2009\u00bb. Celui-ci signifie que le m\u00e9dicament peut, d\u00e8s maintenant, \u00eatre rembours\u00e9 \u00e0 un prix fix\u00e9 par son fabricant.<\/p>\n<p class=\" wall-content\">Cela permet de ne pas attendre la proc\u00e9dure normale. L\u2019int\u00e9r\u00eat est pour les patients de disposer d\u2019un traitement innovant, et pour le laboratoire de vite commercialiser son m\u00e9dicament.<\/p>\n<p>\u00ab\u2009Tout le monde avait beaucoup d\u2019espoir\u2009\u00bb<\/p>\n<p class=\" wall-content\">Ce ne sera pas le cas pour le Leqembi. La HAS conclut, au vu des \u00e9tudes fournies par les laboratoires, que rien ne justifie d\u2019accorder un tel traitement de faveur.<\/p>\n<p class=\" wall-content\">\u00ab\u2009On sait bien \u00e0 quel point tout le monde avait beaucoup d\u2019espoir\u2009\u00bb, a reconnu Pierre Cochat. Mais il met en regard <strong>des b\u00e9n\u00e9fices \u00ab\u2009tr\u00e8s insuffisants<\/strong> par rapport \u00e0 ce qu\u2019on attendait\u2009\u00bb avec \u00ab\u2009des effets secondaires qui ne sont pas faibles du tout\u2009\u00bb.<\/p>\n<p class=\" wall-content\">Cela ne remet pas en cause la possibilit\u00e9 que le Leqembi soit un jour rembours\u00e9 en France. La HAS, qui se prononcera d\u2019ici \u00e0 quelques mois sur l\u2019opportunit\u00e9 d\u2019une proc\u00e9dure normale, assure que rien n\u2019est exclu.<\/p>\n<p class=\" wall-content\">Mais \u00ab\u2009c\u2019est \u00e9vident qu\u2019on ne peut pas s\u2019attendre \u00e0 une \u00e9valuation mirobolante\u2009\u00bb, a pr\u00e9venu Pierre Cochat.<\/p>\n<p class=\" wall-content\">Au sein du monde m\u00e9dical, cette d\u00e9cision a suscit\u00e9 des r\u00e9actions contrast\u00e9es, entre convaincus et sceptiques du Leqembi.<\/p>\n<blockquote class=\"ac-article-quote wall-content\">\n<p>Il y a quand m\u00eame une d\u00e9ception.<\/p>\n<p>    <strong>Bruno Dubois.<\/strong><br \/>\n        Neurologue \u00e0 l\u2019h\u00f4pital de la Piti\u00e9-Salp\u00eatri\u00e8re (AP-HP).    <\/p><\/blockquote>\n<p class=\" wall-content\">Il appelle \u00e0 ne pas n\u00e9gliger l<strong>\u2019int\u00e9r\u00eat de \u00ab\u2009quelques mois en plus \u00e0 pouvoir parler \u00e0 ses petits-enfants ou aller au th\u00e9\u00e2tre\u2009<\/strong>\u00bb.<\/p>\n<p class=\" wall-content\">Au contraire, \u00ab\u2009c\u2019est la meilleure d\u00e9cision pour les patients atteints de la maladie d\u2019Alzheimer et leurs familles\u2009\u00bb, assure \u00e0 l\u2019AFP le psychiatre britannique Rob Howard, sp\u00e9cialiste du grand \u00e2ge \u00e0 l\u2019University College de Londres, selon qui des donn\u00e9es plus r\u00e9centes confirment que Leqembi et Kisunla \u00ab\u2009ne modifient pas r\u00e9ellement la maladie\u2009\u00bb.<\/p>\n<p class=\" wall-content\">Avec AFP.<\/p>\n<p class=\" wall-content\">Personnalisez votre actualit\u00e9 en ajoutant vos villes et m\u00e9dias en favori avec <a href=\"https:\/\/moncompte.actu.fr\" title=\"D\u00e9couvez Mon Actu\" rel=\"nofollow noopener\" data-trk=\"{&quot;cta&quot;:{&quot;action&quot;:&quot;https:\\\/\\\/moncompte.actu.fr&quot;,&quot;category&quot;:&quot;mon compte&quot;,&quot;from&quot;:&quot;article footer&quot;,&quot;name&quot;:&quot;Mon actu&quot;,&quot;type&quot;:&quot;cta&quot;}}\" target=\"_blank\">Mon Actu<\/a>.<\/p>\n","protected":false},"excerpt":{"rendered":"Par R\u00e9daction Actu Publi\u00e9 le 9 sept. 2025 \u00e0 12h20 Le Leqembi, un nouveau traitement contre la maladie&hellip;\n","protected":false},"author":2,"featured_media":381706,"comment_status":"","ping_status":"","sticky":false,"template":"","format":"standard","meta":{"footnotes":""},"categories":[10],"tags":[772,1261,1011,27,72,71,104],"class_list":{"0":"post-381705","1":"post","2":"type-post","3":"status-publish","4":"format-standard","5":"has-post-thumbnail","7":"category-sante","8":"tag-alzheimer","9":"tag-argent","10":"tag-fr","11":"tag-france","12":"tag-health","13":"tag-sante","14":"tag-societe"},"share_on_mastodon":{"url":"https:\/\/pubeurope.com\/@fr\/115183331912682990","error":""},"_links":{"self":[{"href":"https:\/\/www.europesays.com\/fr\/wp-json\/wp\/v2\/posts\/381705","targetHints":{"allow":["GET"]}}],"collection":[{"href":"https:\/\/www.europesays.com\/fr\/wp-json\/wp\/v2\/posts"}],"about":[{"href":"https:\/\/www.europesays.com\/fr\/wp-json\/wp\/v2\/types\/post"}],"author":[{"embeddable":true,"href":"https:\/\/www.europesays.com\/fr\/wp-json\/wp\/v2\/users\/2"}],"replies":[{"embeddable":true,"href":"https:\/\/www.europesays.com\/fr\/wp-json\/wp\/v2\/comments?post=381705"}],"version-history":[{"count":0,"href":"https:\/\/www.europesays.com\/fr\/wp-json\/wp\/v2\/posts\/381705\/revisions"}],"wp:featuredmedia":[{"embeddable":true,"href":"https:\/\/www.europesays.com\/fr\/wp-json\/wp\/v2\/media\/381706"}],"wp:attachment":[{"href":"https:\/\/www.europesays.com\/fr\/wp-json\/wp\/v2\/media?parent=381705"}],"wp:term":[{"taxonomy":"category","embeddable":true,"href":"https:\/\/www.europesays.com\/fr\/wp-json\/wp\/v2\/categories?post=381705"},{"taxonomy":"post_tag","embeddable":true,"href":"https:\/\/www.europesays.com\/fr\/wp-json\/wp\/v2\/tags?post=381705"}],"curies":[{"name":"wp","href":"https:\/\/api.w.org\/{rel}","templated":true}]}}