{"id":381707,"date":"2025-09-11T02:35:15","date_gmt":"2025-09-11T02:35:15","guid":{"rendered":"https:\/\/www.europesays.com\/fr\/381707\/"},"modified":"2025-09-11T02:35:15","modified_gmt":"2025-09-11T02:35:15","slug":"une-derniere-ligne-droite-bien-cabossee","status":"publish","type":"post","link":"https:\/\/www.europesays.com\/fr\/381707\/","title":{"rendered":"Une derni\u00e8re ligne droite bien caboss\u00e9e."},"content":{"rendered":"<p class=\"YkmxR FKZMr pqcPG MaBN2\" dir=\"auto\" id=\"viewer-czezk98\">Si sur le papier ce dernier tron\u00e7on de La Solitaire du Figaro Paprec semble bien rectiligne pour gagner la ligne d\u2019arriv\u00e9e \u00e0 Roscoff, dans les faits, les marins doivent composer avec une mer tr\u00e8s d\u00e9sordonn\u00e9e et bien aliment\u00e9 par un courant contraire. Vivement la renverse que les choses se calment un peu car sur l\u2019eau la vie devient compliqu\u00e9e.<\/p>\n<p class=\"YkmxR FKZMr pqcPG MaBN2\" dir=\"auto\" id=\"viewer-bqqfa100\">Avec une centaine de milles encore \u00e0 couvrir, dans un vent pour le moment de sud-ouest d\u2019une vingtaine de n\u0153uds bien \u00e9tabli, les solitaires vont pouvoir, dans peu de temps, allonger la foul\u00e9e avec le passage d\u2019un front plus dense et un r\u00e9gime de vent d\u2019ouest, plus propice \u00e0 faire de la route, du moins en angle car le vent devrait encore forcir.<\/p>\n<p><img decoding=\"async\" src=\"https:\/\/www.europesays.com\/fr\/wp-content\/uploads\/2025\/09\/1ca19d_3fef358c244c4482a256bbe79fed5ff4~mv2.jpg\" alt=\"ree\" style=\"width:100%;height:100%;object-fit:cover;object-position:50% 50%;max-width:100%\" data-pin-url=\"https:\/\/www.lasolitaire.com\/post\/une-derni\u00e8re-ligne-droite-bien-caboss\u00e9e\" data-pin-media=\"https:\/\/static.wixstatic.com\/media\/1ca19d_3fef358c244c4482a256bbe79fed5ff4~mv2.jpg\/v1\/fill\/w_2000,h_1334,al_c,q_90\/1ca19d_3fef358c244c4482a256bbe79fed5ff4~mv2.jpg\" draggable=\"false\"\/><\/p>\n<p class=\"YkmxR FKZMr pqcPG MaBN2\" dir=\"auto\" id=\"viewer-f9ga6102\">Toujours install\u00e9 en t\u00eate de la flotte, Alexis Loison (Groupe REEL) m\u00e8ne le wagon des montagnes russes. \u00c0 0,6 milles derri\u00e8re, Jules Delpech (P\u2019TIT DUC), m\u00e8ne la fronde avec Tom Goron (Groupe Dubreuil) et Victor Le Pape (R\u00e9gion Bretagne \u2013 CMB Espoir). Tous les marins sont lanc\u00e9s dans ce dernier sprint vers l\u2019objectif en esp\u00e9rant que le mat\u00e9riel tienne et le physique aussi.<\/p>\n<p><img decoding=\"async\" src=\"https:\/\/www.europesays.com\/fr\/wp-content\/uploads\/2025\/09\/1ca19d_2b44885c8cd34352890c0b2352c5bb27~mv2.jpg\" alt=\"ree\" style=\"width:100%;height:100%;object-fit:cover;object-position:50% 50%;max-width:100%\" data-pin-url=\"https:\/\/www.lasolitaire.com\/post\/une-derni\u00e8re-ligne-droite-bien-caboss\u00e9e\" data-pin-media=\"https:\/\/static.wixstatic.com\/media\/1ca19d_2b44885c8cd34352890c0b2352c5bb27~mv2.jpg\/v1\/fill\/w_2000,h_1334,al_c,q_90\/1ca19d_2b44885c8cd34352890c0b2352c5bb27~mv2.jpg\" draggable=\"false\"\/><\/p>\n<p class=\"YkmxR FKZMr pqcPG MaBN2\" dir=\"auto\" id=\"viewer-hh6ex1153\"><strong style=\"font-weight:700\">L\u2019enfer de Portland Bill<\/strong><\/p>\n<p class=\"YkmxR FKZMr pqcPG MaBN2\" dir=\"auto\" id=\"viewer-b5jud106\">\u00c0 d\u00e9couvrir les images de Chlo\u00e9 le Bars (Endobreizh) \u00e0 Portland Bill dans une mer d\u00e9mont\u00e9e, il est inimaginable de se mettre \u00e0 la place de ces marins d\u2019exception. Vent contraire \u00e0 la mar\u00e9e et un coefficient de 105, sont les ingr\u00e9dients de ces images exceptionnelles. Difficile d\u2019imaginer ce que pouvait penser Chlo\u00e9 \u00e0 ce moment pr\u00e9cis.<\/p>\n","protected":false},"excerpt":{"rendered":"Si sur le papier ce dernier tron\u00e7on de La Solitaire du Figaro Paprec semble bien rectiligne pour gagner&hellip;\n","protected":false},"author":2,"featured_media":381708,"comment_status":"","ping_status":"","sticky":false,"template":"","format":"standard","meta":{"footnotes":""},"categories":[9],"tags":[1011,27,60],"class_list":{"0":"post-381707","1":"post","2":"type-post","3":"status-publish","4":"format-standard","5":"has-post-thumbnail","7":"category-sports","8":"tag-fr","9":"tag-france","10":"tag-sports"},"share_on_mastodon":{"url":"https:\/\/pubeurope.com\/@fr\/115183336377768737","error":""},"_links":{"self":[{"href":"https:\/\/www.europesays.com\/fr\/wp-json\/wp\/v2\/posts\/381707","targetHints":{"allow":["GET"]}}],"collection":[{"href":"https:\/\/www.europesays.com\/fr\/wp-json\/wp\/v2\/posts"}],"about":[{"href":"https:\/\/www.europesays.com\/fr\/wp-json\/wp\/v2\/types\/post"}],"author":[{"embeddable":true,"href":"https:\/\/www.europesays.com\/fr\/wp-json\/wp\/v2\/users\/2"}],"replies":[{"embeddable":true,"href":"https:\/\/www.europesays.com\/fr\/wp-json\/wp\/v2\/comments?post=381707"}],"version-history":[{"count":0,"href":"https:\/\/www.europesays.com\/fr\/wp-json\/wp\/v2\/posts\/381707\/revisions"}],"wp:featuredmedia":[{"embeddable":true,"href":"https:\/\/www.europesays.com\/fr\/wp-json\/wp\/v2\/media\/381708"}],"wp:attachment":[{"href":"https:\/\/www.europesays.com\/fr\/wp-json\/wp\/v2\/media?parent=381707"}],"wp:term":[{"taxonomy":"category","embeddable":true,"href":"https:\/\/www.europesays.com\/fr\/wp-json\/wp\/v2\/categories?post=381707"},{"taxonomy":"post_tag","embeddable":true,"href":"https:\/\/www.europesays.com\/fr\/wp-json\/wp\/v2\/tags?post=381707"}],"curies":[{"name":"wp","href":"https:\/\/api.w.org\/{rel}","templated":true}]}}