{"id":381711,"date":"2025-09-11T02:37:15","date_gmt":"2025-09-11T02:37:15","guid":{"rendered":"https:\/\/www.europesays.com\/fr\/381711\/"},"modified":"2025-09-11T02:37:15","modified_gmt":"2025-09-11T02:37:15","slug":"une-decision-de-donald-trump-pourrait-refermer-une-nouvelle-fenetre-sur-lunivers-sa-politique-meprise-la-connaissance","status":"publish","type":"post","link":"https:\/\/www.europesays.com\/fr\/381711\/","title":{"rendered":"Une d\u00e9cision de Donald Trump pourrait \u00ab\u00a0refermer une nouvelle fen\u00eatre sur l&rsquo;Univers\u00a0\u00bb: \u00ab\u00a0Sa politique m\u00e9prise la connaissance\u00a0\u00bb"},"content":{"rendered":"<p><img loading=\"lazy\" decoding=\"async\" class=\"w-full lazyload lazyload--opacity object-contain\" style=\"aspect-ratio:178 \/ 100;opacity:1\" alt=\"Si le budget est adopt\u00e9 par le Congr\u00e8s, il pourrait entra\u00eener la fermeture de l'un des deux observatoires d'ondes gravitationnelles \u00e0 interf\u00e9rom\u00e8tre laser. (Caltech\/MIT\/LIGO Lab)\" width=\"768\" height=\"432\" fetchpriority=\"auto\" src=\"https:\/\/www.europesays.com\/fr\/wp-content\/uploads\/2025\/04\/S5VKD3X55FFF3BW6V4SEHXNP7I.png\"  data- data-optimumx=\"1\"\/>Si le budget est adopt\u00e9 par le Congr\u00e8s, il pourrait entra\u00eener la fermeture de l&rsquo;un des deux observatoires d&rsquo;ondes gravitationnelles \u00e0 interf\u00e9rom\u00e8tre laser. (Caltech\/MIT\/LIGO Lab)<a href=\"\" target=\"_blank\" rel=\"noopener noreferrer\" class=\"ap-StoryInterstitialLink ap-StoryElement ap-StoryElement--mb\">Le \u00ab\u00a0cri\u00a0\u00bb d&rsquo;un trou noir permet enfin de prouver la th\u00e9orie de Stephen Hawking\u00a0: \u00ab\u00a0S&rsquo;il \u00e9tait encore en vie, cela lui aurait offert le Nobel\u00a0\u00bb<\/a><\/p>\n<p class=\"text-left ap-StoryElement ap-StoryElement--mb ap-StoryText\">En effet, deux des d\u00e9tecteurs (<a href=\"https:\/\/www.ligo.caltech.edu\/\" target=\"_self\" rel=\"noopener\">Ligo)<\/a> utilis\u00e9s pour cette nouvelle d\u00e9couverte se trouvent aux \u00c9tats-Unis. Or, le pr\u00e9sident Trump <a href=\"https:\/\/www.science.org\/content\/article\/trump-s-proposed-cut-giant-physics-experiment-could-snuff-out-new-form-astronomy\" target=\"_blank\" rel=\"noopener\">souhaite fermer l&rsquo;un des deux<\/a>, alerte Thomas Hertog. C&rsquo;est ce qui se trouve dans la proposition de budget de la Maison-Blanche. \u00ab\u00a0Mais avec un seul observatoire, on ne sait rien faire. Si on veut pouvoir \u00e9liminer toutes les sources terrestres de vibrations, il faut pouvoir corr\u00e9ler les donn\u00e9es des deux observatoires. Si on ferme l&rsquo;un des deux, c&rsquo;est fini. C&rsquo;est une catastrophe. On est sur le point de refermer cette fen\u00eatre sur l&rsquo;univers \u00e0 cause d&rsquo;une politique qui m\u00e9prise la connaissance. Si Hawking \u00e9tait l\u00e0, il aurait pu faire \u00e0 ce sujet une d\u00e9claration tr\u00e8s claire, profonde, puissante, humaine et pleine de perspective\u2026 Je pense que mes coll\u00e8gues \u00e0 l&rsquo;international, ne r\u00e9alisent pas encore \u00e0 quel point il va nous manquer cette semaine.\u00a0\u00bb<\/p>\n<p><img loading=\"lazy\" decoding=\"async\" class=\"w-full lazyload lazyload--opacity object-contain\" style=\"aspect-ratio:141 \/ 100;opacity:1\" alt=\"Plan du T\u00e9l\u00e9scope Einstein.\" width=\"768\" height=\"543\" fetchpriority=\"auto\" src=\"https:\/\/www.europesays.com\/fr\/wp-content\/uploads\/2025\/04\/S5VKD3X55FFF3BW6V4SEHXNP7I.png\"  data- data-optimumx=\"1\"\/>Plan du T\u00e9l\u00e9scope Einstein. \u00a9DRTout le cosmos<\/p>\n<p class=\"text-left ap-StoryElement ap-StoryElement--mb ap-StoryText\">Il y a cependant \u00ab\u00a0un contrepoint\u00a0\u00bb \u00e0 cette situation, admet l&rsquo;astrophysicien de la KULeuven : l&rsquo;Europe est en train de d\u00e9velopper un projet de d\u00e9tecteur d&rsquo;ondes gravitationnelles. Celui-ci ne serait plus d\u00e9di\u00e9 \u00e0 prouver leur existence (comme ceux jusqu&rsquo;ici) mais serait utilis\u00e9 pour \u00e9tudier les ondes gravitationnelles venues de tout le cosmos, afin d&rsquo;\u00e9tudier les 90 % de l&rsquo;Univers qui n&rsquo;implique pas de lumi\u00e8re : l&rsquo;environnement des trous noirs, la mati\u00e8re noire, ou encore les 300 000 premi\u00e8res ann\u00e9es de l&rsquo;Univers, lorsqu&rsquo;il n&rsquo;\u00e9tait pas encore transparent. \u00ab\u00a0Chaque fois que l&rsquo;humanit\u00e9 a commenc\u00e9 \u00e0 regarder, \u00e0 explorer, l&rsquo;univers d&rsquo;une nouvelle mani\u00e8re, on a \u00e9t\u00e9 surpris\u00a0\u00bb, souligne Thomas Hertog.<\/p>\n<p><a href=\"https:\/\/www.lalibre.be\/planete\/environnement\/2023\/11\/21\/la-belgique-est-candidate-pour-resoudre-les-mysteres-de-lunivers-pour-cela-on-batirait-lequivalent-dun-tunnel-sous-la-manche-sous-notre-sol-Q7GOJPWYU5CZBN7PBZ3XQDTXTI\/\" target=\"_blank\" rel=\"noopener noreferrer\" class=\"ap-StoryInterstitialLink ap-StoryElement ap-StoryElement--mb\">Avec le t\u00e9lescope Einstein, \u00ab\u00a0nous voulons b\u00e2tir l&rsquo;\u00e9quivalent d&rsquo;un tunnel sous la Manche sous le sol belge\u00a0\u00bb<\/a>Projet belge<\/p>\n<p class=\"ap-StoryElement ap-StoryElement--mb ap-StoryText\">Ce t\u00e9lescope Einstein, souterrain, pourrait en outre \u00eatre construit chez nous, \u00e0 cheval sur la Belgique, les Pays-Bas et l&rsquo;Allemagne (Limbourg n\u00e9erlandais et flamand, province de Li\u00e8ge, Rh\u00e9nanie-Westphalie). Les gouvernements f\u00e9d\u00e9ral, wallon et flamand soutiennent ce projet. Le Premier ministre Bart De Wever a r\u00e9cemment plaid\u00e9 sa cause en Allemagne et la Wallonie vient encore de pr\u00e9voir un investissement de 200 millions d&rsquo;euros.<\/p>\n<p><a href=\"https:\/\/www.lalibre.be\/dernieres-depeches\/2025\/09\/04\/telescope-einstein-si-son-projet-est-retenu-la-wallonie-y-investira-200-millions-KNX6Q6TZMVH5TPCEGP2LC6KHOY\/\" target=\"_blank\" rel=\"noopener noreferrer\" class=\"ap-StoryInterstitialLink ap-StoryElement ap-StoryElement--mb\">T\u00e9lescope Einstein: Si son projet est retenu, la Wallonie y investira 200 millions<\/a><\/p>\n<p class=\"text-left ap-StoryElement ap-StoryElement--mb ap-StoryText\">\u00ab\u00a0Pour notre r\u00e9gion, pour notre pays, c&rsquo;est une vraie opportunit\u00e9, estime Thomas Hertog. C&rsquo;est une occasion rare de pouvoir renforcer la culture scientifique d&rsquo;une mani\u00e8re tr\u00e8s puissante. On peut booster l&rsquo;\u00e9cosyst\u00e8me autour de cette recherche au niveau de la valorisation, mais aussi de l&rsquo;\u00e9ducation, de la culture, de la place que la science, la connaissance et le d\u00e9bat scientifique prennent dans notre soci\u00e9t\u00e9.\u00a0\u00bb Les candidatures (la Saxe et la Sicile pr\u00e9parent aussi un dossier) devront officiellement \u00eatre d\u00e9pos\u00e9es en 2026, pour une s\u00e9lection la m\u00eame ann\u00e9e.<\/p>\n<p><img loading=\"lazy\" decoding=\"async\" class=\"w-full lazyload lazyload--opacity object-contain\" style=\"aspect-ratio:137 \/ 100;opacity:1\" alt=\"Deux projets \u00e9oliens d'Engie sont dans et proche de la zone d'exploration pour l'installation du t\u00e9lescope Einstein.\" width=\"768\" height=\"561\" fetchpriority=\"auto\" src=\"https:\/\/www.europesays.com\/fr\/wp-content\/uploads\/2025\/04\/S5VKD3X55FFF3BW6V4SEHXNP7I.png\"  data- data-optimumx=\"1\"\/>Deux projets \u00e9oliens d&rsquo;Engie sont dans et proche de la zone d&rsquo;exploration pour l&rsquo;installation du t\u00e9lescope Einstein.<\/p>\n","protected":false},"excerpt":{"rendered":"Si le budget est adopt\u00e9 par le Congr\u00e8s, il pourrait entra\u00eener la fermeture de l&rsquo;un des deux observatoires&hellip;\n","protected":false},"author":2,"featured_media":381712,"comment_status":"","ping_status":"","sticky":false,"template":"","format":"standard","meta":{"footnotes":""},"categories":[7],"tags":[33751,75,1011,27,30348,30349,43,40,41,39,42,44],"class_list":{"0":"post-381711","1":"post","2":"type-post","3":"status-publish","4":"format-standard","5":"has-post-thumbnail","7":"category-sciences-et-technologies","8":"tag-bart-de-wever","9":"tag-donald-trump","10":"tag-fr","11":"tag-france","12":"tag-liege","13":"tag-province-de-liege","14":"tag-science","15":"tag-science-and-technology","16":"tag-sciences","17":"tag-sciences-et-technologies","18":"tag-technologies","19":"tag-technology"},"share_on_mastodon":{"url":"https:\/\/pubeurope.com\/@fr\/115183343923535444","error":""},"_links":{"self":[{"href":"https:\/\/www.europesays.com\/fr\/wp-json\/wp\/v2\/posts\/381711","targetHints":{"allow":["GET"]}}],"collection":[{"href":"https:\/\/www.europesays.com\/fr\/wp-json\/wp\/v2\/posts"}],"about":[{"href":"https:\/\/www.europesays.com\/fr\/wp-json\/wp\/v2\/types\/post"}],"author":[{"embeddable":true,"href":"https:\/\/www.europesays.com\/fr\/wp-json\/wp\/v2\/users\/2"}],"replies":[{"embeddable":true,"href":"https:\/\/www.europesays.com\/fr\/wp-json\/wp\/v2\/comments?post=381711"}],"version-history":[{"count":0,"href":"https:\/\/www.europesays.com\/fr\/wp-json\/wp\/v2\/posts\/381711\/revisions"}],"wp:featuredmedia":[{"embeddable":true,"href":"https:\/\/www.europesays.com\/fr\/wp-json\/wp\/v2\/media\/381712"}],"wp:attachment":[{"href":"https:\/\/www.europesays.com\/fr\/wp-json\/wp\/v2\/media?parent=381711"}],"wp:term":[{"taxonomy":"category","embeddable":true,"href":"https:\/\/www.europesays.com\/fr\/wp-json\/wp\/v2\/categories?post=381711"},{"taxonomy":"post_tag","embeddable":true,"href":"https:\/\/www.europesays.com\/fr\/wp-json\/wp\/v2\/tags?post=381711"}],"curies":[{"name":"wp","href":"https:\/\/api.w.org\/{rel}","templated":true}]}}