{"id":381721,"date":"2025-09-11T02:47:29","date_gmt":"2025-09-11T02:47:29","guid":{"rendered":"https:\/\/www.europesays.com\/fr\/381721\/"},"modified":"2025-09-11T02:47:29","modified_gmt":"2025-09-11T02:47:29","slug":"voitures-anciennes-bonne-humeur-et-solidarite-ont-rythme-la-journee-retro-vintage-a-la-valette","status":"publish","type":"post","link":"https:\/\/www.europesays.com\/fr\/381721\/","title":{"rendered":"Voitures anciennes, bonne humeur et solidarit\u00e9 ont rythm\u00e9 la journ\u00e9e R\u00e9tro Vintage \u00e0 La Valette"},"content":{"rendered":"<p>La Valette a remont\u00e9 le temps, ce dimanche 7 septembre, \u00e0 l\u2019occasion de la Journ\u00e9e R\u00e9tro Vintage organis\u00e9e par l\u2019Association des professionnels et commer\u00e7ants du centre-ville (APCV).<\/p>\n<p>De la place Jean-Jaur\u00e8s \u00e0 l\u2019avenue du Char Verdun en passant par la place de Gaulle, le centre de la cit\u00e9 s\u2019est transform\u00e9e en d\u00e9cor d\u2019un autre temps.<\/p>\n<p>D\u00e8s le matin, les passionn\u00e9s de belles m\u00e9caniques ont converg\u00e9 vers le c\u0153ur de ville pour admirer une impressionnante exposition de voitures anciennes, de Harley et de trikes.<\/p>\n<p>Le va-et-vient des curieux a anim\u00e9 les rues sans rel\u00e2che, donnant \u00e0 la manifestation des allures de f\u00eate populaire.<\/p>\n<p>\u00ab\u00a0Il y a eu un vrai mouvement toute la journ\u00e9e, les gens circulaient d\u2019une place \u00e0 l\u2019autre, et cela a fait travailler tout le monde\u00a0\u00bb, souligne Ang\u00e9lique Menegozzi, pr\u00e9sidente de l\u2019APCV. Les terrasses n\u2019ont pas d\u00e9sempli, offrant une ambiance conviviale qui a ravi les commer\u00e7ants.<\/p>\n<p>Les trikes au service d\u2019une cause solidaire <\/p>\n<p>C\u00f4t\u00e9 sc\u00e8ne, le programme musical a donn\u00e9 le ton r\u00e9tro voulu par les organisateurs.<\/p>\n<p>Sur la place Jean-Jaur\u00e8s, le public a retrouv\u00e9 les Stardust, accompagn\u00e9s des Miss Pin-up 2025, d\u00e9j\u00e0 \u00e9lues en juin par le comit\u00e9 PACA.<\/p>\n<p>Sur la place de Gaulle, le groupe New Turn a \u00e9lectris\u00e9 l\u2019apr\u00e8s-midi, dans une atmosph\u00e8re festive o\u00f9 danse et bonne humeur \u00e9taient au rendez-vous.<\/p>\n<p>Les b\u00e9n\u00e9voles de l\u2019association, indispensables \u00e0 la r\u00e9ussite de la journ\u00e9e, \u00e9taient \u00e9galement \u00e0 l\u2019honneur.<\/p>\n<p>\u00ab\u00a0C\u2019est une belle \u00e9mulation, une journ\u00e9e qui f\u00e9d\u00e8re habitants, visiteurs et commer\u00e7ants\u00a0\u00bb, insiste Ang\u00e9lique Menegozzi.<\/p>\n<p>L\u2019\u00e9v\u00e9nement a aussi pris une dimension solidaire gr\u00e2ce aux bapt\u00eames en trike propos\u00e9s par Trike &amp; Co.<\/p>\n<p>Les fonds r\u00e9colt\u00e9s ont permis de remettre un ch\u00e8que de 1.000 euros \u00e0 des associations \u0153uvrant pour les enfants malades.<\/p>\n<p>Une premi\u00e8re initiative qui se poursuivra: un nouveau rendez-vous est d\u00e9j\u00e0 annonc\u00e9 le 13 d\u00e9cembre, \u00e0 l\u2019occasion du march\u00e9 de No\u00ebl des brocanteurs et cr\u00e9ateurs.<\/p>\n<p>Au fil des heures, la Journ\u00e9e R\u00e9tro Vintage a confirm\u00e9 son statut de rendez-vous incontournable dans le calendrier valettois.<\/p>\n<p>La manifestation a su s\u00e9duire un large public et offrir une parenth\u00e8se hors du temps. Une plong\u00e9e r\u00e9ussie dans l\u2019univers r\u00e9tro, o\u00f9 le plaisir de se retrouver et de partager a pris toute sa place.<\/p>\n","protected":false},"excerpt":{"rendered":"La Valette a remont\u00e9 le temps, ce dimanche 7 septembre, \u00e0 l\u2019occasion de la Journ\u00e9e R\u00e9tro Vintage organis\u00e9e&hellip;\n","protected":false},"author":2,"featured_media":381722,"comment_status":"","ping_status":"","sticky":false,"template":"","format":"standard","meta":{"footnotes":""},"categories":[9619],"tags":[1111,11,1777,674,1011,27,12,882,25,2310,3366],"class_list":{"0":"post-381721","1":"post","2":"type-post","3":"status-publish","4":"format-standard","5":"has-post-thumbnail","7":"category-toulon","8":"tag-actu","9":"tag-actualites","10":"tag-eu","11":"tag-europe","12":"tag-fr","13":"tag-france","14":"tag-news","15":"tag-provence-alpes-cote-dazur","16":"tag-republique-francaise","17":"tag-toulon","18":"tag-vie-locale"},"share_on_mastodon":{"url":"https:\/\/pubeurope.com\/@fr\/115183382998901999","error":""},"_links":{"self":[{"href":"https:\/\/www.europesays.com\/fr\/wp-json\/wp\/v2\/posts\/381721","targetHints":{"allow":["GET"]}}],"collection":[{"href":"https:\/\/www.europesays.com\/fr\/wp-json\/wp\/v2\/posts"}],"about":[{"href":"https:\/\/www.europesays.com\/fr\/wp-json\/wp\/v2\/types\/post"}],"author":[{"embeddable":true,"href":"https:\/\/www.europesays.com\/fr\/wp-json\/wp\/v2\/users\/2"}],"replies":[{"embeddable":true,"href":"https:\/\/www.europesays.com\/fr\/wp-json\/wp\/v2\/comments?post=381721"}],"version-history":[{"count":0,"href":"https:\/\/www.europesays.com\/fr\/wp-json\/wp\/v2\/posts\/381721\/revisions"}],"wp:featuredmedia":[{"embeddable":true,"href":"https:\/\/www.europesays.com\/fr\/wp-json\/wp\/v2\/media\/381722"}],"wp:attachment":[{"href":"https:\/\/www.europesays.com\/fr\/wp-json\/wp\/v2\/media?parent=381721"}],"wp:term":[{"taxonomy":"category","embeddable":true,"href":"https:\/\/www.europesays.com\/fr\/wp-json\/wp\/v2\/categories?post=381721"},{"taxonomy":"post_tag","embeddable":true,"href":"https:\/\/www.europesays.com\/fr\/wp-json\/wp\/v2\/tags?post=381721"}],"curies":[{"name":"wp","href":"https:\/\/api.w.org\/{rel}","templated":true}]}}