{"id":381723,"date":"2025-09-11T02:48:18","date_gmt":"2025-09-11T02:48:18","guid":{"rendered":"https:\/\/www.europesays.com\/fr\/381723\/"},"modified":"2025-09-11T02:48:18","modified_gmt":"2025-09-11T02:48:18","slug":"au-nepal-larmee-reprend-le-controle-de-la-capitale-katmandou","status":"publish","type":"post","link":"https:\/\/www.europesays.com\/fr\/381723\/","title":{"rendered":"Au N\u00e9pal, l\u2019arm\u00e9e reprend le contr\u00f4le de la capitale Katmandou"},"content":{"rendered":"<p>Apr\u00e8s deux jours d\u2019\u00e9meutes violentes, l\u2019arm\u00e9e n\u00e9palaise a repris le contr\u00f4le des rues d\u00e9sertes de la capitale Katmandou, ce mercredi 10\u00a0septembre 2025.\u00a0Les heurts avaient d\u00e9but\u00e9 lundi, lorsque<a href=\"https:\/\/rennes.maville.com\/actu\/actudet_-repression-de-manifestations-parlement-en-feu...-ce-que-l-on-sait-de-la-situation-explosive-au-nepal-_54135-6967456_actu.Htm\" target=\"_self\" rel=\"nofollow noopener\"> la police a brutalement r\u00e9prim\u00e9 des manifestations<\/a> d\u00e9non\u00e7ant le blocage des r\u00e9seaux sociaux et la corruption des \u00e9lites, faisant au moins 19\u00a0morts et plusieurs centaines de bless\u00e9s dans le pays.<\/p>\n<p>Mercredi, l\u2019arm\u00e9e et la police ont commenc\u00e9 \u00e0 d\u00e9barrasser les rues de Katmandou des carcasses de v\u00e9hicules et des barrages dress\u00e9s la veille, sous les fum\u00e9es qui s\u2019\u00e9chappaient encore des b\u00e2timents et magasins livr\u00e9s \u00e0 la vindicte des manifestants, rapporte l\u2019Agence France-Presse (AFP).<\/p>\n<p>Katmandou toujours \u00e0 l\u2019arr\u00eat<\/p>\n<p>Sous strict couvre-feu jusqu\u2019\u00e0 nouvel ordre, la capitale \u00e9tait \u00e0 l\u2019arr\u00eat mercredi, entreprises, \u00e9coles et commerces ferm\u00e9s, et les rares habitants qui se risquaient dans les rues \u00e9taient invit\u00e9s par l\u2019arm\u00e9e \u00e0 regagner imm\u00e9diatement leur domicile.<\/p>\n<p>L\u2019\u00e9tat-major a une nouvelle fois averti ce mercredi qu\u2019il r\u00e9primerait sans h\u00e9siter<strong> \u00ab\u00a0manifestation, acte de vandalisme, pillage ou incendie et attaque visant les personnes et les biens\u00a0\u00bb<\/strong>. L\u2019arm\u00e9e a annonc\u00e9 avoir arr\u00eat\u00e9 27\u00a0personnes dans la capitale et saisi 23\u00a0armes \u00e0 feu.<\/p>\n<p>Ferm\u00e9 au trafic depuis mardi, l\u2019a\u00e9roport de Katmandou a repris ses op\u00e9rations.<\/p>\n<p>Le Parlement incendi\u00e9 mardi<\/p>\n<p>Malgr\u00e9 le r\u00e9tablissement de Facebook, X et YouTube, la promesse d\u2019une enqu\u00eate sur les violences polici\u00e8res et la d\u00e9mission du Premier ministre KP Sharma Oli, la col\u00e8re des jeunes qui ont pris la t\u00eate de la contestation n\u2019est pas retomb\u00e9e imm\u00e9diatement.<\/p>\n<p>Toute la journ\u00e9e de mardi, des groupes de jeunes manifestants r\u00e9unis sous une banni\u00e8re \u00ab\u00a0G\u00e9n\u00e9ration Z\u00a0\u00bb ont brav\u00e9 le couvre-feu pour mettre \u00e0 sac b\u00e2timents publics, r\u00e9sidences de dirigeants et autres symboles du pouvoir. <a href=\"https:\/\/rennes.maville.com\/actu\/actudet_-au-nepal-des-manifestants-ont-mis-le-feu-au-parlement-_54135-6967295_actu.Htm\" target=\"_self\" rel=\"nofollow noopener\">Le Parlement a \u00e9t\u00e9 incendi\u00e9,<\/a> ainsi que le domicile de l\u2019ex-Premier ministre.<\/p>\n<p>La situation politique demeure incertaine, dans l\u2019attente d\u2019un successeur au chef du gouvernement d\u00e9missionnaire.<\/p>\n<p>Le blocage des r\u00e9seaux sociaux, \u00e9l\u00e9ment d\u00e9clencheur<\/p>\n<p>Jeudi 4\u00a0septembre, le minist\u00e8re n\u00e9palais de la Communication et des Technologies de l\u2019information a ordonn\u00e9 le blocage de 26\u00a0plateformes, dont Facebook, YouTube, X et Linkedin, qui ne se sont pas enregistr\u00e9es aupr\u00e8s de lui dans les d\u00e9lais.<\/p>\n<p>Une d\u00e9cision qui n\u2019a pas plus \u00e0 de nombreux usagers, sortis dans la rue pour d\u00e9noncer la corruption et l\u2019absence de libert\u00e9 d\u2019expression. Des milliers de manifestants ont ainsi d\u00e9fil\u00e9 lundi 8\u00a0septembre, \u00e0 Katmandou et dans d\u2019autres villes du N\u00e9pal, pour exiger le r\u00e9tablissement des r\u00e9seaux sociaux.<\/p>\n<p>La situation a d\u00e9rap\u00e9 lorsque les forces de l\u2019ordre ont emp\u00each\u00e9 le cort\u00e8ge de s\u2019approcher du parlement, en utilisant gaz lacrymog\u00e8nes, canons \u00e0 eau, mais aussi en tirant \u00e0 balles r\u00e9elles. Ce qui a provoqu\u00e9 une situation de chaos \u00e0 l\u2019h\u00f4pital de Katmandou, qui a d\u00fb faire face \u00e0 l\u2019afflux de plusieurs dizaines de bless\u00e9s.<\/p>\n<p>\u00a0<\/p>\n","protected":false},"excerpt":{"rendered":"Apr\u00e8s deux jours d\u2019\u00e9meutes violentes, l\u2019arm\u00e9e n\u00e9palaise a repris le contr\u00f4le des rues d\u00e9sertes de la capitale Katmandou,&hellip;\n","protected":false},"author":2,"featured_media":381724,"comment_status":"","ping_status":"","sticky":false,"template":"","format":"standard","meta":{"footnotes":""},"categories":[9619],"tags":[1111,11,1813,5808,7325,1777,674,1011,27,51488,29114,12,882,18048,25,2310],"class_list":{"0":"post-381723","1":"post","2":"type-post","3":"status-publish","4":"format-standard","5":"has-post-thumbnail","7":"category-toulon","8":"tag-actu","9":"tag-actualites","10":"tag-armee","11":"tag-capitale","12":"tag-controle","13":"tag-eu","14":"tag-europe","15":"tag-fr","16":"tag-france","17":"tag-katmandou","18":"tag-nepal","19":"tag-news","20":"tag-provence-alpes-cote-dazur","21":"tag-reprend","22":"tag-republique-francaise","23":"tag-toulon"},"share_on_mastodon":{"url":"https:\/\/pubeurope.com\/@fr\/115183386864655275","error":""},"_links":{"self":[{"href":"https:\/\/www.europesays.com\/fr\/wp-json\/wp\/v2\/posts\/381723","targetHints":{"allow":["GET"]}}],"collection":[{"href":"https:\/\/www.europesays.com\/fr\/wp-json\/wp\/v2\/posts"}],"about":[{"href":"https:\/\/www.europesays.com\/fr\/wp-json\/wp\/v2\/types\/post"}],"author":[{"embeddable":true,"href":"https:\/\/www.europesays.com\/fr\/wp-json\/wp\/v2\/users\/2"}],"replies":[{"embeddable":true,"href":"https:\/\/www.europesays.com\/fr\/wp-json\/wp\/v2\/comments?post=381723"}],"version-history":[{"count":0,"href":"https:\/\/www.europesays.com\/fr\/wp-json\/wp\/v2\/posts\/381723\/revisions"}],"wp:featuredmedia":[{"embeddable":true,"href":"https:\/\/www.europesays.com\/fr\/wp-json\/wp\/v2\/media\/381724"}],"wp:attachment":[{"href":"https:\/\/www.europesays.com\/fr\/wp-json\/wp\/v2\/media?parent=381723"}],"wp:term":[{"taxonomy":"category","embeddable":true,"href":"https:\/\/www.europesays.com\/fr\/wp-json\/wp\/v2\/categories?post=381723"},{"taxonomy":"post_tag","embeddable":true,"href":"https:\/\/www.europesays.com\/fr\/wp-json\/wp\/v2\/tags?post=381723"}],"curies":[{"name":"wp","href":"https:\/\/api.w.org\/{rel}","templated":true}]}}