{"id":381737,"date":"2025-09-11T02:55:22","date_gmt":"2025-09-11T02:55:22","guid":{"rendered":"https:\/\/www.europesays.com\/fr\/381737\/"},"modified":"2025-09-11T02:55:22","modified_gmt":"2025-09-11T02:55:22","slug":"saint-gregoire-a-100-ans-une-vie-marquee-par-la-guerre-et-le-voyage-2","status":"publish","type":"post","link":"https:\/\/www.europesays.com\/fr\/381737\/","title":{"rendered":"Saint-Gr\u00e9goire. \u00c0 100\u00a0ans, une vie marqu\u00e9e par la guerre et le voyage"},"content":{"rendered":"<p>Les gens d\u2019ici<\/p>\n<p>Des souvenirs plein la t\u00eate et intarissable sur de nombreux sujets, la Gr\u00e9gorienne Berthe Catheline a souffl\u00e9 cet \u00e9t\u00e9 sur ses 100\u00a0bougies. N\u00e9e le 1er\u00a0ao\u00fbt 1925 \u00e0 Saint-Gr\u00e9goire dans le quartier de la Bret\u00e8che, Berthe Catheline est l\u2019a\u00een\u00e9e de la famille. \u00a0J\u2019aimais beaucoup l\u2019\u00e9cole. Il a fallu que j\u2019arr\u00eate d\u2019y aller pour m\u2019occuper de mes s\u0153urs,raconte-t-elle. Nous allions \u00e0 l\u2019\u00e9cole \u00e0 pied avec nos galoches. Je ne suis jamais tomb\u00e9e\u00a0!\u00a0<\/p>\n<p>\u00a0La guerre m\u2019a endurci\u00a0<\/p>\n<p>Les souvenirs de la Seconde Guerre mondiale sont aussi tr\u00e8s pr\u00e9sents. \u00ab\u00a0<strong>Je me suis couch\u00e9e dans les foss\u00e9s \u00e0 plat ventre quand les bombes tombaient sur la gare de Rennes, \u00e0 Bruz et \u00e0 Maison-Blanche \u00e0 la Lib\u00e9ration. La guerre m\u2019avait endurcie, on a moins peur apr\u00e8s. Apr\u00e8s la guerre, je n\u2019avais plus peur de l\u2019orage<\/strong>\u00a0\u00bb, s\u2019amuse-t-elle.<\/p>\n<p>La centenaire s\u2019est mari\u00e9e au mois de septembre\u00a01947 avec Pierre Catheline, cheminot de profession. \u00a0Il faisait tr\u00e8s tr\u00e8s chaud cette ann\u00e9e-l\u00e0. Le jour du mariage nous avions eu le droit \u00e0 un orage \u00e9pouvantable.\u00a0 Avec quatre\u00a0enfants, sept\u00a0petits-enfants et quatre\u00a0arri\u00e8res, Berthe Catheline compte depuis peu, le premier des arri\u00e8re-arri\u00e8re petits-enfants, Arthur.<\/p>\n<p>Ses proches se rem\u00e9morent les souvenirs partag\u00e9s avec la centenaire. L\u2019un de ses petits-fils, Romaric, 31\u00a0ans, a encore \u00a0les parties de dames\u00a0 en m\u00e9moire \u00a0le mercredi et les week-ends\u00a0.<\/p>\n<p>Nice, Monaco, Naples, les voyages \u00e9taient courants dans la famille. \u00a0Nous avons beaucoup voyag\u00e9 gr\u00e2ce au m\u00e9tier de Pierre.\u00a0 Le couple n\u2019avait d\u2019ailleurs pas leur permis de conduire. Apr\u00e8s une vie professionnelle et familiale \u00e0 Nanterre, les voil\u00e0 revenus \u00e0 Saint-Gr\u00e9goire.<\/p>\n<p>C\u2019est d\u00e9sormais entour\u00e9e de l\u2019une de ses filles, dans son appartement situ\u00e9 au premier \u00e9tage au c\u0153ur de Saint-Gr\u00e9goire, que Berthe Catheline suit la vie locale.<\/p>\n<p>\u00a0Je suis contente de la vie que j\u2019ai eue. Il y a eu des hauts et des bas, des pleurs et des joies\u00a0, conclut Berthe Catheline, qualifi\u00e9e par ses proches de \u00a0courageuse, travailleuse et d\u2019une extr\u00eame gentillesse\u00a0\u00bb.<\/p>\n<p>\u00a0<\/p>\n","protected":false},"excerpt":{"rendered":"Les gens d\u2019ici Des souvenirs plein la t\u00eate et intarissable sur de nombreux sujets, la Gr\u00e9gorienne Berthe Catheline&hellip;\n","protected":false},"author":2,"featured_media":379508,"comment_status":"","ping_status":"","sticky":false,"template":"","format":"standard","meta":{"footnotes":""},"categories":[2821],"tags":[20747,1111,11,1764,829,1777,674,1011,27,1146,51295,12,584,25,5372,4717,586],"class_list":{"0":"post-381737","1":"post","2":"type-post","3":"status-publish","4":"format-standard","5":"has-post-thumbnail","7":"category-rennes","8":"tag-20747","9":"tag-actu","10":"tag-actualites","11":"tag-ans","12":"tag-bretagne","13":"tag-eu","14":"tag-europe","15":"tag-fr","16":"tag-france","17":"tag-guerre","18":"tag-marquee","19":"tag-news","20":"tag-rennes","21":"tag-republique-francaise","22":"tag-saint-gregoire","23":"tag-vie","24":"tag-voyage"},"share_on_mastodon":{"url":"https:\/\/pubeurope.com\/@fr\/115183414388411515","error":""},"_links":{"self":[{"href":"https:\/\/www.europesays.com\/fr\/wp-json\/wp\/v2\/posts\/381737","targetHints":{"allow":["GET"]}}],"collection":[{"href":"https:\/\/www.europesays.com\/fr\/wp-json\/wp\/v2\/posts"}],"about":[{"href":"https:\/\/www.europesays.com\/fr\/wp-json\/wp\/v2\/types\/post"}],"author":[{"embeddable":true,"href":"https:\/\/www.europesays.com\/fr\/wp-json\/wp\/v2\/users\/2"}],"replies":[{"embeddable":true,"href":"https:\/\/www.europesays.com\/fr\/wp-json\/wp\/v2\/comments?post=381737"}],"version-history":[{"count":0,"href":"https:\/\/www.europesays.com\/fr\/wp-json\/wp\/v2\/posts\/381737\/revisions"}],"wp:featuredmedia":[{"embeddable":true,"href":"https:\/\/www.europesays.com\/fr\/wp-json\/wp\/v2\/media\/379508"}],"wp:attachment":[{"href":"https:\/\/www.europesays.com\/fr\/wp-json\/wp\/v2\/media?parent=381737"}],"wp:term":[{"taxonomy":"category","embeddable":true,"href":"https:\/\/www.europesays.com\/fr\/wp-json\/wp\/v2\/categories?post=381737"},{"taxonomy":"post_tag","embeddable":true,"href":"https:\/\/www.europesays.com\/fr\/wp-json\/wp\/v2\/tags?post=381737"}],"curies":[{"name":"wp","href":"https:\/\/api.w.org\/{rel}","templated":true}]}}