{"id":381741,"date":"2025-09-11T02:59:14","date_gmt":"2025-09-11T02:59:14","guid":{"rendered":"https:\/\/www.europesays.com\/fr\/381741\/"},"modified":"2025-09-11T02:59:14","modified_gmt":"2025-09-11T02:59:14","slug":"strasbourg-entre-poudre-et-mousse-run-dance-de-retour-au-jardin-des-deux-rives","status":"publish","type":"post","link":"https:\/\/www.europesays.com\/fr\/381741\/","title":{"rendered":"Strasbourg. Entre poudre et mousse, Run &#038; Dance de retour au jardin des Deux Rives"},"content":{"rendered":"<p>L\u2019Office des Sports de Strasbourg annonce le retour de <a href=\"https:\/\/www.dna.fr\/actualite\/2018\/05\/19\/la-run-dance-jets-de-couleurs-sur-les-coureurs-a-strasbourg\" target=\"_blank\" rel=\"nofollow noopener\">la Run &amp; Dance<\/a> , une course festive et color\u00e9e, qui c\u00e9l\u00e8bre cette ann\u00e9e ses 10ans dans le cadre verdoyant du jardin des Deux Rives.<\/p>\n<p>Cet \u00e9v\u00e9nement, accessible \u00e0 tous, combine sport, musique et joie avec une course pour les enfants (2\u00a0km) et une course pour les adultes (5\u00a0km). Courir, marcher ou simplement partager un moment unique\u00a0: l\u2019important est de s\u2019amuser.<\/p>\n<p>Le parcours alternera entre zone de jet de poudre color\u00e9e et obstacles en tout genre. Pour fluidifier la course et garantir le confort de tous, plusieurs vagues de d\u00e9parts seront organis\u00e9es. Ce sera l\u2019occasion de venir partager une exp\u00e9rience sportive unique et festive dans la bonne humeur.<\/p>\n<p>Ce contenu est bloqu\u00e9 car vous n&rsquo;avez pas accept\u00e9 les cookies et autres traceurs.<\/p>\n<p>En cliquant sur \u00ab J\u2019accepte \u00bb, les cookies et autres traceurs seront d\u00e9pos\u00e9s et vous pourrez visualiser les contenus  (<a href=\"\" class=\"consentModule_policy\" target=\"_blank\" title=\"Consulter la politique de protection des donn\u00e9es du fournisseur\">plus d&rsquo;informations<\/a>).<\/p>\n<p>En cliquant sur \u00ab J\u2019accepte tous les cookies \u00bb, vous autorisez des d\u00e9p\u00f4ts de cookies et autres traceurs pour le stockage de vos donn\u00e9es sur nos sites et applications \u00e0 des fins de personnalisation et de ciblage publicitaire.<\/p>\n<p class=\"consentModule_secondaryText\">Vous gardez la possibilit\u00e9 de retirer votre consentement \u00e0 tout moment en consultant notre <a href=\"https:\/\/www.dna.fr\/protection-des-donnees\" target=\"_blank\" title=\"Consulter notre politique de protection des donn\u00e9es\" rel=\"nofollow noopener\">politique de protection des donn\u00e9es<\/a>. <br \/>&#13;<br \/>\n            <a href=\"https:\/\/www.dna.fr\/culture-loisirs\/2025\/09\/10\/javascript:Didomi.notice.show()\" class=\"consentModule_cmp\" rel=\"nofollow noopener\" target=\"_blank\">G\u00e9rer mes choix<\/a>&#13;\n        <\/p>\n<p>&#13;<br \/>\n                        J&rsquo;accepte&#13;<br \/>\n            J&rsquo;accepte tous les cookies&#13;\n        <\/p>\n<p>  Les temps forts de la journ\u00e9e<\/p>\n<p><strong>&#8211; 14\u00a0h\u00a0:<\/strong> retrait des dossards au jardin des Deux Rives, au pied de la passerelle<\/p>\n<p><strong>&#8211; 16\u00a0h\u00a0:<\/strong> d\u00e9part de la Run &amp; Kids (2\u00a0km, d\u00e8s 10 ans)<\/p>\n<p><strong>&#8211; 17\u00a0h\u00a0:<\/strong> d\u00e9part de la Run &amp; Dance (5\u00a0km, d\u00e8s 14 ans)<\/p>\n<p><strong>&#8211; Jusqu\u2019\u00e0 21\u00a0h\u00a0:<\/strong> arriv\u00e9e sur la Finish Line avec DJ set, buvette et restauration pour prolonger la f\u00eate.<\/p>\n<p class=\"note\">Samedi 13\u00a0septembre au jardin des Deux Rives \u00e0 Strasbourg. \u00c2ge minimum\u00a0: 10 ans pour la Run &amp; Kids\/14 ans pour la Run &amp; Dance. Inscriptions jusqu\u2019au vendredi 12\u00a0septembre \u00e0 12\u00a0h sur www.ods67.com.<\/p>\n","protected":false},"excerpt":{"rendered":"L\u2019Office des Sports de Strasbourg annonce le retour de la Run &amp; Dance , une course festive et&hellip;\n","protected":false},"author":2,"featured_media":381742,"comment_status":"","ping_status":"","sticky":false,"template":"","format":"standard","meta":{"footnotes":""},"categories":[2820],"tags":[1111,11,7782,1687,2880,1777,674,107,1011,27,775,12,25,640,2879],"class_list":{"0":"post-381741","1":"post","2":"type-post","3":"status-publish","4":"format-standard","5":"has-post-thumbnail","7":"category-strasbourg","8":"tag-actu","9":"tag-actualites","10":"tag-balades-et-randonnees","11":"tag-culture-loisirs","12":"tag-edition-strasbourg","13":"tag-eu","14":"tag-europe","15":"tag-fil-info","16":"tag-fr","17":"tag-france","18":"tag-grand-est","19":"tag-news","20":"tag-republique-francaise","21":"tag-strasbourg","22":"tag-strasbourg-ville"},"share_on_mastodon":{"url":"https:\/\/pubeurope.com\/@fr\/115183430125492774","error":""},"_links":{"self":[{"href":"https:\/\/www.europesays.com\/fr\/wp-json\/wp\/v2\/posts\/381741","targetHints":{"allow":["GET"]}}],"collection":[{"href":"https:\/\/www.europesays.com\/fr\/wp-json\/wp\/v2\/posts"}],"about":[{"href":"https:\/\/www.europesays.com\/fr\/wp-json\/wp\/v2\/types\/post"}],"author":[{"embeddable":true,"href":"https:\/\/www.europesays.com\/fr\/wp-json\/wp\/v2\/users\/2"}],"replies":[{"embeddable":true,"href":"https:\/\/www.europesays.com\/fr\/wp-json\/wp\/v2\/comments?post=381741"}],"version-history":[{"count":0,"href":"https:\/\/www.europesays.com\/fr\/wp-json\/wp\/v2\/posts\/381741\/revisions"}],"wp:featuredmedia":[{"embeddable":true,"href":"https:\/\/www.europesays.com\/fr\/wp-json\/wp\/v2\/media\/381742"}],"wp:attachment":[{"href":"https:\/\/www.europesays.com\/fr\/wp-json\/wp\/v2\/media?parent=381741"}],"wp:term":[{"taxonomy":"category","embeddable":true,"href":"https:\/\/www.europesays.com\/fr\/wp-json\/wp\/v2\/categories?post=381741"},{"taxonomy":"post_tag","embeddable":true,"href":"https:\/\/www.europesays.com\/fr\/wp-json\/wp\/v2\/tags?post=381741"}],"curies":[{"name":"wp","href":"https:\/\/api.w.org\/{rel}","templated":true}]}}