{"id":381743,"date":"2025-09-11T03:00:14","date_gmt":"2025-09-11T03:00:14","guid":{"rendered":"https:\/\/www.europesays.com\/fr\/381743\/"},"modified":"2025-09-11T03:00:14","modified_gmt":"2025-09-11T03:00:14","slug":"squattee-taguee-et-abandonnee-pendant-des-annees-cette-somptueuse-villa-souvre-a-la-creation-artistique-a-nice","status":"publish","type":"post","link":"https:\/\/www.europesays.com\/fr\/381743\/","title":{"rendered":"Squatt\u00e9e, tagu\u00e9e et abandonn\u00e9e pendant des ann\u00e9es, cette somptueuse villa s\u2019ouvre \u00e0 la cr\u00e9ation artistique \u00e0 Nice"},"content":{"rendered":"<p>\u00ab\u00a0Elle est abandonn\u00e9e, maintenant, \u00e0 la cr\u00e9ativit\u00e9 des artistes.\u00a0\u00bb Ces paroles, prononc\u00e9es par H\u00e9l\u00e8ne Fincker, ma\u00eetresse des lieux, r\u00e9sonnent dans l\u2019escalier aux marches de marbre couleur perle, desservant les trois niveaux surann\u00e9s, d\u00e9lav\u00e9s, mais charmants de la villa Cameline. Le nom d\u2019origine de celle qu\u2019on nomme aussi la Maison abandonn\u00e9e. Une \u00e9trange et belle demeure, \u00e9rig\u00e9e 43, avenue Monplaisir, quartier de la Lib\u00e9ration. Une b\u00e2tisse rest\u00e9e dans son jus, m\u00ealant les styles Belle \u00c9poque, rococo, baroque. Imposant sa fa\u00e7ade cr\u00e8me parcourue de guirlandes de roses et de raisins en relief en hommage \u00e0 Bacchus, de balcons aux balustres ventrues. Devenue espace d\u00e9cal\u00e9, d\u00e9volu aux cr\u00e9ateurs contemporains, mais qui conserve tout son myst\u00e8re du pass\u00e9.<\/p>\n<p>Squat, tags et f\u00eates clandestines<\/p>\n<p>La maison reprendra ses expos, ce vendredi 12 septembre, \u00e0 travers \u00ab\u00a0Fictions oniriques\u00a0\u00bb de Charline Bourcier (1). Une artiste peintre figurative, qui s\u2019est lanc\u00e9e dans des recherches concernant ce b\u00e2timent inclassable. \u00ab\u00a0C\u2019est tr\u00e8s difficile\u00a0\u00bb, avoue H\u00e9l\u00e8ne Fincker, propri\u00e9taire de la villa pour laquelle elle assure le commissariat des expositions depuis son ouverture en 2003. Difficile en d\u00e9pit de fouilles minutieuses dans les archives, \u00ab\u00a0mais pour l\u2019instant, elle n\u2019y arrive pas\u00a0\u00bb.<\/p>\n<p>Une maison abandonn\u00e9e et inconnue alors? H\u00e9l\u00e8ne Fincker a essay\u00e9 elle aussi de reconstituer le puzzle de cette villa de ma\u00eetre, longtemps laiss\u00e9e aux quatre vents, occup\u00e9e par des squatteurs, chahut\u00e9e par des f\u00eatards clandestins, tagu\u00e9e, souill\u00e9e, mais finalement, pas si d\u00e9t\u00e9rior\u00e9e que cela en d\u00e9pit d\u2019un \u00e2ge tr\u00e8s avanc\u00e9. Et qui d\u00e9gage encore toute son \u00e2me envo\u00fbtante.<\/p>\n<p>H\u00e9l\u00e8ne Fincker a, en effet, retiss\u00e9 un semblant de trame, grappillant des t\u00e9moignages de visiteurs les soirs de vernissages. De vieux Ni\u00e7ois. Qui auraient eu des informations transmises de g\u00e9n\u00e9ration en g\u00e9n\u00e9ration. \u00ab\u00a0La maison a \u00e9t\u00e9 b\u00e2tie dans les ann\u00e9es 20. Elle aurait appartenu \u00e0 un p\u00e2tissier. \u00c0 l\u2019\u00e9poque, l\u2019avenue Monplaisir, c\u2019\u00e9tait la campagne remplie de cressonni\u00e8res et de sources et avec des fermes \u00e7a et l\u00e0, o\u00f9 les gens venaient acheter du lait. Les imp\u00f4ts de Cade\u00ef auraient d\u2019abord \u00e9t\u00e9 une ferme. Avec des vaches, des cochons. Le palais Monplaisir fut la premi\u00e8re maison, datant des ann\u00e9es 1880, devenue pension de famille. Lentement, \u00e7a s\u2019est construit.\u00a0\u00bb<\/p>\n<p>Une famille d\u2019origine corse<\/p>\n<p>Un site d\u2019architecture, PSS. Archi, indique que la villa Cameline s\u2019est d\u2019abord appel\u00e9e villa Lotty, qu\u2019elle a \u00e9t\u00e9 \u00e9difi\u00e9e en 1926 d\u2019apr\u00e8s les plans d\u2019un architecte, Victor V\u00e9rany, pour le compte d\u2019un certain Benjamin Franco, ma\u00eetre d\u2019ouvrage. \u00ab\u00a0Plus r\u00e9cemment, poursuit H\u00e9l\u00e8ne Fincker, les derniers habitants connus \u00e9taient la famille Trani, d\u2019origine corse. C\u2019est \u00e0 elle que mon mari et moi l\u2019avons rachet\u00e9e en 2003. Nous avions d\u00e9j\u00e0 acquis une maison ni\u00e7oise, mitoyenne de cette villa abandonn\u00e9e depuis 5 ou 6 ans. Celle-l\u00e0 nous attirait tr\u00e8s fort.\u00a0\u00bb<\/p>\n<p>1. Fictions oniriques, vernissage le 12 septembre, \u00e0 18h. Exposition du 13 septembre au 18 octobre, les mercredis et samedis de 15h \u00e0 18h30. Nocturnes les jeudis 25 septembre et 9 octobre, de 18h \u00e0 22h. Contact: Villacameline.fr<\/p>\n<p>              <img ci-src=\"https:\/\/www.nicematin.com\/architecture\/Image+-3sWOJW1N.jpg?vh=704a92&amp;ci_seal=3bd5560625\" alt=\"\"\/><br \/>\n        Tout a \u00e9t\u00e9 nettoy\u00e9, mais conserv\u00e9 en l&rsquo;\u00e9tat, volontairement afin que les lieux deviennent inspirants pour les artistes invit\u00e9s. <strong>Photo Dylan Meiffret.<\/strong> <\/p>\n<p>            Un \u00e9crin pour un galop d\u2019essai<\/p>\n<p>\u00ab\u00a0On a pass\u00e9 un an \u00e0 nettoyer.\u00a0\u00bb<\/p>\n<p>H\u00e9l\u00e8ne et son \u00e9poux Fran\u00e7ois se sont retrouss\u00e9 les manches et ont briqu\u00e9 comme des dingues. Un couple d\u2019Alsaciens. \u00ab\u00a0Nous avons quitt\u00e9 Strasbourg en 1985 pour Marseille. Mon mari \u00e9tait m\u00e9decin nucl\u00e9aire dans un h\u00f4pital public, mais dans les ann\u00e9es 88, sa sp\u00e9cialit\u00e9 a \u00e9t\u00e9 autoris\u00e9e en clinique priv\u00e9e. Donc, nous avons quitt\u00e9 la cit\u00e9 phoc\u00e9enne au d\u00e9but des ann\u00e9es 90 pour venir \u00e0 Nice et Fran\u00e7ois a ouvert un service de m\u00e9decine nucl\u00e9aire dans un \u00e9tablissement des Alpes-Maritimes.\u00a0\u00bb H\u00e9l\u00e8ne, elle, \u00e9voluait dans la communication et s\u2019est inscrite en 3e cycle en mus\u00e9ologie et ing\u00e9nierie culturelle. \u00c0 pr\u00e9sent, elle est l\u2019interface de trois mus\u00e9es nationaux: Chagall \u00e0 Nice, Fernand L\u00e9ger, \u00e0 Biot, Picasso, \u00e0 Antibes, mais jongle toujours avec la communication, la presse. Plus la villa Cameline, donc, dans laquelle elle encourage diff\u00e9rentes formes de cr\u00e9ation actuelle par la pr\u00e9sentation d\u2019expositions temporaires.<\/p>\n<p>Conservation uniquement<\/p>\n<p>Une villa intacte au milieu des agrumes plant\u00e9s sur des restanques, devanc\u00e9e par un cactus g\u00e9ant. \u00ab\u00a0La maison \u00e9tait saine, en tr\u00e8s bon \u00e9tat, malgr\u00e9 son v\u00e9cu. Nous n\u2019avons pas entrepris de travaux. Nous avons juste refait l\u2019\u00e9lectricit\u00e9, la plomberie et le toit. Un vrai boulot de nettoyage et de conservation, plus complexe qu\u2019une restauration totale. Cette demeure qu\u2019on appelle folie ni\u00e7oise, est une vieille dame qui doit garder son identit\u00e9, son \u00e2me et qu\u2019il faut choyer.\u00a0\u00bb<\/p>\n<p>Parquet en chevrons, carrelages et chemin\u00e9es de marbre, dont une encore surmont\u00e9e de tags, murs volontairement cro\u00fbteux aux couleurs pass\u00e9es, cuisine au fourneau monumental, sanitaires blancs avec baignoire \u00e0 pieds, interrupteurs pareils \u00e0 des sonnettes de v\u00e9los&#8230; C\u2019est comme avant, sur 280m2. Sans meubles ou quasiment. \u00ab\u00a0Cette maison est destin\u00e9e aux artistes contemporains pour lesquels, j\u2019ai des coups de c\u0153ur. Ils viennent de partout. Je les d\u00e9couvre gr\u00e2ce aux r\u00e9seaux sociaux, aux magazines sp\u00e9cialis\u00e9s, au bouche-\u00e0-oreille. Je les invite, mais ils doivent s\u2019adapter au lieu. Ils ne doivent pas repeindre les murs, accrocher des choses aux plafonds. Cameline reste un \u00e9crin inspirant, permettant un galop d\u2019essai.\u00a0\u00bb<\/p>\n<p>Deux films tourn\u00e9s<\/p>\n<p>Des plasticiens. Des r\u00e9alisateurs aussi. Deux films ont \u00e9t\u00e9 tourn\u00e9s dans ce cadre magique: Esp\u00e8ces menac\u00e9es de Gilles Bourdos durant un mois et demi et Inconnu \u00e0 cette adresse, polar pour Netflix, durant trois semaines. \u00ab\u00a0Il y a des artistes, des films&#8230; C\u2019est comme un millefeuille et tout fait partie de l\u2019histoire de la maison&#8230;\u00a0\u00bb Qui n\u2019est plus \u00e0 l\u2019abandon.<\/p>\n","protected":false},"excerpt":{"rendered":"\u00ab\u00a0Elle est abandonn\u00e9e, maintenant, \u00e0 la cr\u00e9ativit\u00e9 des artistes.\u00a0\u00bb Ces paroles, prononc\u00e9es par H\u00e9l\u00e8ne Fincker, ma\u00eetresse des lieux,&hellip;\n","protected":false},"author":2,"featured_media":381744,"comment_status":"","ping_status":"","sticky":false,"template":"","format":"standard","meta":{"footnotes":""},"categories":[2819],"tags":[1111,11,1350,251,1777,674,1011,27,12,2401,882,25],"class_list":{"0":"post-381743","1":"post","2":"type-post","3":"status-publish","4":"format-standard","5":"has-post-thumbnail","7":"category-nice","8":"tag-actu","9":"tag-actualites","10":"tag-architecture","11":"tag-culture","12":"tag-eu","13":"tag-europe","14":"tag-fr","15":"tag-france","16":"tag-news","17":"tag-nice","18":"tag-provence-alpes-cote-dazur","19":"tag-republique-francaise"},"share_on_mastodon":{"url":"https:\/\/pubeurope.com\/@fr\/115183434073495562","error":""},"_links":{"self":[{"href":"https:\/\/www.europesays.com\/fr\/wp-json\/wp\/v2\/posts\/381743","targetHints":{"allow":["GET"]}}],"collection":[{"href":"https:\/\/www.europesays.com\/fr\/wp-json\/wp\/v2\/posts"}],"about":[{"href":"https:\/\/www.europesays.com\/fr\/wp-json\/wp\/v2\/types\/post"}],"author":[{"embeddable":true,"href":"https:\/\/www.europesays.com\/fr\/wp-json\/wp\/v2\/users\/2"}],"replies":[{"embeddable":true,"href":"https:\/\/www.europesays.com\/fr\/wp-json\/wp\/v2\/comments?post=381743"}],"version-history":[{"count":0,"href":"https:\/\/www.europesays.com\/fr\/wp-json\/wp\/v2\/posts\/381743\/revisions"}],"wp:featuredmedia":[{"embeddable":true,"href":"https:\/\/www.europesays.com\/fr\/wp-json\/wp\/v2\/media\/381744"}],"wp:attachment":[{"href":"https:\/\/www.europesays.com\/fr\/wp-json\/wp\/v2\/media?parent=381743"}],"wp:term":[{"taxonomy":"category","embeddable":true,"href":"https:\/\/www.europesays.com\/fr\/wp-json\/wp\/v2\/categories?post=381743"},{"taxonomy":"post_tag","embeddable":true,"href":"https:\/\/www.europesays.com\/fr\/wp-json\/wp\/v2\/tags?post=381743"}],"curies":[{"name":"wp","href":"https:\/\/api.w.org\/{rel}","templated":true}]}}