{"id":381747,"date":"2025-09-11T03:02:27","date_gmt":"2025-09-11T03:02:27","guid":{"rendered":"https:\/\/www.europesays.com\/fr\/381747\/"},"modified":"2025-09-11T03:02:27","modified_gmt":"2025-09-11T03:02:27","slug":"old-school-neo-traditionnel-japonais-realiste-le-salon-du-tatouage-est-de-retour-a-nantes-2","status":"publish","type":"post","link":"https:\/\/www.europesays.com\/fr\/381747\/","title":{"rendered":"Old school, n\u00e9o traditionnel, japonais, r\u00e9aliste&#8230; Le salon du tatouage est de retour \u00e0 Nantes"},"content":{"rendered":"<p>Old school, n\u00e9o traditionnel, japonais, r\u00e9aliste, ornemental, blackwork, cartoon\u2026 L\u2019art du tatouage est pluriel. Il suffira de pousser les portes du parc des expositions de la Beaujoire pour s\u2019en apercevoir. La convention internationale du tatouage de Nantes, dix-neuvi\u00e8me du nom, s\u2019y tient du 12 au 14\u00a0septembre 2025.<\/p>\n<p>Qui &#8230;<\/p>\n<p>\u00a0<\/p>\n","protected":false},"excerpt":{"rendered":"Old school, n\u00e9o traditionnel, japonais, r\u00e9aliste, ornemental, blackwork, cartoon\u2026 L\u2019art du tatouage est pluriel. Il suffira de pousser&hellip;\n","protected":false},"author":2,"featured_media":381019,"comment_status":"","ping_status":"","sticky":false,"template":"","format":"standard","meta":{"footnotes":""},"categories":[2818],"tags":[1111,11,1777,674,1011,27,48358,766,51423,12,26873,2636,51424,25,8133,6290,51422,3735,32519],"class_list":{"0":"post-381747","1":"post","2":"type-post","3":"status-publish","4":"format-standard","5":"has-post-thumbnail","7":"category-nantes","8":"tag-actu","9":"tag-actualites","10":"tag-eu","11":"tag-europe","12":"tag-fr","13":"tag-france","14":"tag-japonais","15":"tag-nantes","16":"tag-neo","17":"tag-news","18":"tag-old","19":"tag-pays-de-la-loire","20":"tag-realiste","21":"tag-republique-francaise","22":"tag-retour","23":"tag-salon","24":"tag-school","25":"tag-tatouage","26":"tag-traditionnel"},"share_on_mastodon":{"url":"https:\/\/pubeurope.com\/@fr\/115183441854896057","error":""},"_links":{"self":[{"href":"https:\/\/www.europesays.com\/fr\/wp-json\/wp\/v2\/posts\/381747","targetHints":{"allow":["GET"]}}],"collection":[{"href":"https:\/\/www.europesays.com\/fr\/wp-json\/wp\/v2\/posts"}],"about":[{"href":"https:\/\/www.europesays.com\/fr\/wp-json\/wp\/v2\/types\/post"}],"author":[{"embeddable":true,"href":"https:\/\/www.europesays.com\/fr\/wp-json\/wp\/v2\/users\/2"}],"replies":[{"embeddable":true,"href":"https:\/\/www.europesays.com\/fr\/wp-json\/wp\/v2\/comments?post=381747"}],"version-history":[{"count":0,"href":"https:\/\/www.europesays.com\/fr\/wp-json\/wp\/v2\/posts\/381747\/revisions"}],"wp:featuredmedia":[{"embeddable":true,"href":"https:\/\/www.europesays.com\/fr\/wp-json\/wp\/v2\/media\/381019"}],"wp:attachment":[{"href":"https:\/\/www.europesays.com\/fr\/wp-json\/wp\/v2\/media?parent=381747"}],"wp:term":[{"taxonomy":"category","embeddable":true,"href":"https:\/\/www.europesays.com\/fr\/wp-json\/wp\/v2\/categories?post=381747"},{"taxonomy":"post_tag","embeddable":true,"href":"https:\/\/www.europesays.com\/fr\/wp-json\/wp\/v2\/tags?post=381747"}],"curies":[{"name":"wp","href":"https:\/\/api.w.org\/{rel}","templated":true}]}}