{"id":381751,"date":"2025-09-11T03:06:19","date_gmt":"2025-09-11T03:06:19","guid":{"rendered":"https:\/\/www.europesays.com\/fr\/381751\/"},"modified":"2025-09-11T03:06:19","modified_gmt":"2025-09-11T03:06:19","slug":"ces-images-qui-ont-marque-la-journee-de-mobilisation-a-bordeaux","status":"publish","type":"post","link":"https:\/\/www.europesays.com\/fr\/381751\/","title":{"rendered":"ces images qui ont marqu\u00e9 la journ\u00e9e de mobilisation \u00e0 Bordeaux"},"content":{"rendered":"<p>            Par<br \/>\n        <strong><br \/>\n            <a href=\"https:\/\/actu.fr\/auteur\/redaction-bordeaux\" title=\"Consulter tous les articles de R\u00e9daction Bordeaux\" target=\"_blank\" rel=\"noopener\">R\u00e9daction Bordeaux<\/a><br \/>\n        <\/strong><\/p>\n<p>        Publi\u00e9 le<\/p>\n<p>            10 sept. 2025 \u00e0 19h09        <\/p>\n<p>Ce mercredi 10 septembre 2025, des <a href=\"https:\/\/actu.fr\/nouvelle-aquitaine\/bordeaux_33063\/bloquons-tout-suivez-la-mobilisation-du-10-septembre-a-bordeaux-et-en-gironde_63132224.html\" target=\"_blank\" rel=\"noopener\">milliers de personnes se sont mobilis\u00e9es \u00e0 Bordeaux<\/a> en r\u00e9ponse au mouvement \u00ab Bloquons tout \u00bb. Des actions timides ont \u00e9t\u00e9 men\u00e9es le matin, avant qu\u2019un grand cort\u00e8ge s\u2019\u00e9lance de la <strong>place des Quinconces<\/strong> aux alentours de midi. La r\u00e9daction <a href=\"https:\/\/actu.fr\/bordeaux\/\" target=\"_blank\" rel=\"noopener\">d\u2019actu Bordeaux<\/a> a s\u00e9lectionn\u00e9 quelques images de la capitale girondine.<\/p>\n<p>    <img   decoding=\"async\" loading=\"lazy\" src=\"https:\/\/www.europesays.com\/fr\/wp-content\/uploads\/2025\/09\/moblisation-10-septembre-bordeaux-rond-point-960x640.jpg\" alt=\"Une action en cours devant l'h\u00f4tel du D\u00e9partement, ce mercredi 10 septembre 2025 \u00e0 M\u00e9riadeck.\" width=\"960\" height=\"640\"\/><br \/>\n    Apr\u00e8s un blocage des trams d\u00e9jou\u00e9s \u00e0 Bastide, la journ\u00e9e a commenc\u00e9 avec le petit d\u00e9jeuner f\u00e9ministe devant l\u2019h\u00f4tel du D\u00e9partement, ce mercredi 10 septembre 2025 \u00e0 M\u00e9riadeck. (\u00a9actu Bordeaux \/ Julian Doubax)<br \/>\n    <img   decoding=\"async\" loading=\"lazy\" src=\"https:\/\/www.europesays.com\/fr\/wp-content\/uploads\/2025\/09\/place-des-quinconces-bloquons-tout-10-septembre-bordeaux-960x640.jpg\" alt=\"Quelques personnes \u00e9crivent \u00e0 la craie sur le monument des Girondins, place des Quinconces \u00e0 Bordeaux.\" width=\"960\" height=\"640\"\/><br \/>\n    La matin\u00e9e n\u2019a pas \u00e9t\u00e9 tr\u00e8s mouvement\u00e9e dans la capitale girondine. Quelques personnes \u00e9crivent \u00e0 la craie sur le monument des Girondins, place des Quinconces \u00e0 Bordeaux, alors que la place se remplit doucement. (\u00a9actu Bordeaux \/ Julian Doubax)<\/p>\n<p class=\" wall-content\"><a href=\"https:\/\/www.instagram.com\/p\/DObbwYKCBiT\/embed\" title=\"Ouvrir le lien sur Instagram\" target=\"_blank\" rel=\"noopener\">Visualiser le contenu sur Instagram<\/a><\/p>\n<p class=\" wall-content\">D\u2019apr\u00e8s la pr\u00e9fecture, <strong>6 000 personnes<\/strong> \u00e9taient pr\u00e9sentes. Les manifestants, de leur c\u00f4t\u00e9, revendiquent le double :<strong> 12 000 personnes<\/strong> au d\u00e9part des Quinconces. Ils ont march\u00e9 jusqu\u2019au cimeti\u00e8re de la Chartreuse, en passant par M\u00e9riadeck.\u00a0<\/p>\n<p class=\" wall-content\"><a href=\"https:\/\/www.instagram.com\/p\/DObb9DiCPVr\/embed\" title=\"Ouvrir le lien sur Instagram\" target=\"_blank\" rel=\"noopener\">Visualiser le contenu sur Instagram<\/a><\/p>\n<p class=\" wall-content\"><a href=\"https:\/\/www.instagram.com\/p\/DObcIzLCOIO\/embed\" title=\"Ouvrir le lien sur Instagram\" target=\"_blank\" rel=\"noopener\">Visualiser le contenu sur Instagram<\/a><\/p>\n<p>Les forces de l\u2019ordre \u00e9taient pr\u00e9sentes en nombre<\/p>\n<p>Votre r\u00e9gion, votre actu !<\/p>\n<p>Recevez chaque jour les infos qui comptent pour vous.<\/p>\n<p>\t<a href=\"https:\/\/actu.fr\/newsletter\" class=\"ac-btn ac-btn--corner ac-btn--medium ac-btn--blue800\" target=\"_blank\" rel=\"noopener\">S&rsquo;incrire<\/a><\/p>\n<p class=\" wall-content\">De rares d\u00e9bordements ont eu lieu en <strong>marge de la manifestation<\/strong>. Vers 16h, c\u2019est place de la Victoire que les CRS sont intervenus avec des gaz lacrymog\u00e8nes apr\u00e8s la constitution de \u00ab\u00a0barricades et des jet\u00e9s des projectiles en direction des forces de l\u2019ordre\u00a0\u00bb.\u00a0<\/p>\n<p class=\" wall-content\">\n    <img   decoding=\"async\" loading=\"lazy\" src=\"https:\/\/www.europesays.com\/fr\/wp-content\/uploads\/2025\/09\/victoire-crs-manif-lacrymo-bordeaux-10-septembre-960x640.jpg\" alt=\"Les CRS ont lanc\u00e9 des lacrymo \u00e0 Bordeaux, mercredi 10 septembre 2025.\" width=\"960\" height=\"640\"\/><br \/>\n    Les CRS ont lanc\u00e9 des lacrymos \u00e0 Bordeaux, mercredi 10 septembre 2025. (\u00a9actu Bordeaux \/ Julian Doubax)<br \/>\n    <img   decoding=\"async\" loading=\"lazy\" src=\"https:\/\/www.europesays.com\/fr\/wp-content\/uploads\/2025\/09\/victoire-lacrymo-bordeaux-10-septembre-960x640.jpg\" alt=\"Les forces de l'ordre ont utilis\u00e9 des jets de lacrymo pour disperser des manifestants place de la Victoire.\" width=\"960\" height=\"640\"\/><br \/>\n    Les forces de l\u2019ordre ont utilis\u00e9 des jets de lacrymo pour disperser des manifestants place de la Victoire. (\u00a9actu Bordeaux \/ Julian Doubax)<\/p>\n<p class=\" wall-content\">Personnalisez votre actualit\u00e9 en ajoutant vos villes et m\u00e9dias en favori avec <a href=\"https:\/\/moncompte.actu.fr\" title=\"D\u00e9couvez Mon Actu\" rel=\"nofollow noopener\" data-trk=\"{&quot;cta&quot;:{&quot;action&quot;:&quot;https:\\\/\\\/moncompte.actu.fr&quot;,&quot;category&quot;:&quot;mon compte&quot;,&quot;from&quot;:&quot;article footer&quot;,&quot;name&quot;:&quot;Mon actu&quot;,&quot;type&quot;:&quot;cta&quot;}}\" target=\"_blank\">Mon Actu<\/a>.<\/p>\n<p>                    <script async src=\"\/\/www.instagram.com\/embed.js\"><\/script><\/p>\n","protected":false},"excerpt":{"rendered":"Par R\u00e9daction Bordeaux Publi\u00e9 le 10 sept. 2025 \u00e0 19h09 Ce mercredi 10 septembre 2025, des milliers de&hellip;\n","protected":false},"author":2,"featured_media":381752,"comment_status":"","ping_status":"","sticky":false,"template":"","format":"standard","meta":{"footnotes":""},"categories":[2817],"tags":[1111,11,47212,1997,1777,674,1011,27,1272,50957,12,2219,25,104],"class_list":{"0":"post-381751","1":"post","2":"type-post","3":"status-publish","4":"format-standard","5":"has-post-thumbnail","7":"category-bordeaux","8":"tag-actu","9":"tag-actualites","10":"tag-bloquons-tout","11":"tag-bordeaux","12":"tag-eu","13":"tag-europe","14":"tag-fr","15":"tag-france","16":"tag-manifestations","17":"tag-mouvement-du-10-septembre","18":"tag-news","19":"tag-nouvelle-aquitaine","20":"tag-republique-francaise","21":"tag-societe"},"share_on_mastodon":{"url":"https:\/\/pubeurope.com\/@fr\/115183458241206231","error":""},"_links":{"self":[{"href":"https:\/\/www.europesays.com\/fr\/wp-json\/wp\/v2\/posts\/381751","targetHints":{"allow":["GET"]}}],"collection":[{"href":"https:\/\/www.europesays.com\/fr\/wp-json\/wp\/v2\/posts"}],"about":[{"href":"https:\/\/www.europesays.com\/fr\/wp-json\/wp\/v2\/types\/post"}],"author":[{"embeddable":true,"href":"https:\/\/www.europesays.com\/fr\/wp-json\/wp\/v2\/users\/2"}],"replies":[{"embeddable":true,"href":"https:\/\/www.europesays.com\/fr\/wp-json\/wp\/v2\/comments?post=381751"}],"version-history":[{"count":0,"href":"https:\/\/www.europesays.com\/fr\/wp-json\/wp\/v2\/posts\/381751\/revisions"}],"wp:featuredmedia":[{"embeddable":true,"href":"https:\/\/www.europesays.com\/fr\/wp-json\/wp\/v2\/media\/381752"}],"wp:attachment":[{"href":"https:\/\/www.europesays.com\/fr\/wp-json\/wp\/v2\/media?parent=381751"}],"wp:term":[{"taxonomy":"category","embeddable":true,"href":"https:\/\/www.europesays.com\/fr\/wp-json\/wp\/v2\/categories?post=381751"},{"taxonomy":"post_tag","embeddable":true,"href":"https:\/\/www.europesays.com\/fr\/wp-json\/wp\/v2\/tags?post=381751"}],"curies":[{"name":"wp","href":"https:\/\/api.w.org\/{rel}","templated":true}]}}