{"id":381755,"date":"2025-09-11T03:08:25","date_gmt":"2025-09-11T03:08:25","guid":{"rendered":"https:\/\/www.europesays.com\/fr\/381755\/"},"modified":"2025-09-11T03:08:25","modified_gmt":"2025-09-11T03:08:25","slug":"bloquons-tout-incendies-barrages-express-suivi-en-direct-comment-les-manifestants-ont-cible-toulouse","status":"publish","type":"post","link":"https:\/\/www.europesays.com\/fr\/381755\/","title":{"rendered":"\u00ab\u00a0Bloquons tout\u00a0\u00bb. Incendies, barrages express, suivi en direct\u2026 Comment les manifestants ont cibl\u00e9 Toulouse"},"content":{"rendered":"<p>            Par<br \/>\n        <strong><br \/>\n            <a href=\"https:\/\/actu.fr\/auteur\/enzo-legros\" title=\"Consulter tous les articles de Enzo Legros\" target=\"_blank\" rel=\"noopener\">Enzo Legros<\/a><br \/>\n        <\/strong><\/p>\n<p>        Publi\u00e9 le<\/p>\n<p>            10 sept. 2025 \u00e0 18h40        <\/p>\n<p>Le soleil se l\u00e8ve \u00e0 peine mercredi 10 septembre 2025 sur le rond-point du capitaine Alfred Dreyfus, dans le <a href=\"https:\/\/actu.fr\/occitanie\/toulouse_31555\/avec-la-fermeture-definitive-de-ce-parking-en-pleine-ville-un-nouveau-basculement-de-toulouse-s-opere_63088871.html\" target=\"_blank\" rel=\"noopener\">quartier Jolimont<\/a> \u00e0 <strong>Toulouse<\/strong>, que l\u2019odeur des flammes s\u2019est d\u00e9j\u00e0 r\u00e9pandue dans l\u2019air. Il est 8 heures, et une poign\u00e9e de minutes plus t\u00f4t, des manifestants du <strong>mouvement <a href=\"https:\/\/actu.fr\/tag\/bloquons-tout\" target=\"_blank\" rel=\"noopener\">\u00ab\u2009Bloquons tout\u2009\u00bb<\/a><\/strong> ont embras\u00e9 des contenus de poubelle sur la voie reliant la <a href=\"https:\/\/actu.fr\/occitanie\/toulouse_31555\/passage-souterrain-ferme-entre-le-metro-et-la-gare-de-toulouse-un-nouveau-parcours-a-ne-rien-y-comprendre_62716812.html\" target=\"_blank\" rel=\"noopener\">gare Matabiau<\/a> \u00e0 la M112. Il n\u2019y a d\u00e9j\u00e0 plus personne. Tout le monde a tr\u00e8s vite lev\u00e9 le cap vers un nouveau point de blocage. Cette <strong>extr\u00eame vitesse<\/strong> et ce <strong>mouvement perp\u00e9tuel<\/strong> ont compos\u00e9 le plan d\u2019action suivi par les acteurs du 10\u00a0septembre dans le centre-ville de Toulouse. On vous emm\u00e8ne dans les coulisses d\u2019une journ\u00e9e rythm\u00e9e par les blocus.<\/p>\n<p>Des incendies t\u00f4t dans la matin\u00e9e<\/p>\n<p class=\" wall-content\">Pendant que des agents s\u2019emploient \u00e0 d\u00e9gager le rond-point de Jolimont, <strong>une impressionnante fum\u00e9e s\u2019envole au loin<\/strong>, depuis l\u2019ouest.<\/p>\n<p>    <img   decoding=\"async\" loading=\"lazy\" id=\"exifviewer-img-4\" src=\"https:\/\/www.europesays.com\/fr\/wp-content\/uploads\/2025\/09\/1000049907-960x640.jpg\" alt=\"La fum\u00e9e qui s'est d\u00e9gag\u00e9e de l'avenue Georges Pompidou \u00e9tait visible depuis les quartiers voisins de Jolimont.\" width=\"960\" height=\"640\"\/><br \/>\n    La fum\u00e9e qui s\u2019est d\u00e9gag\u00e9e de l\u2019avenue Georges Pompidou \u00e9tait visible depuis les quartiers voisins de Jolimont. (\u00a9Enzo Legros \/ Actu Toulouse)<\/p>\n<p class=\" wall-content\">Une cabane de chantier est en feu sur l\u2019avenue Georges Pompidou. Les travailleurs engag\u00e9s sur cette portion du futur r\u00e9seau express \u00e0 v\u00e9lo viennent tout juste d\u2019arriver. \u00ab\u2009Je n\u2019ai rien vu, c\u2019\u00e9tait d\u00e9j\u00e0 comme \u00e7a \u00e0 mon arriv\u00e9e\u2009\u00bb, avoue l\u2019un d\u2019eux.<\/p>\n<p>    <img   decoding=\"async\" loading=\"lazy\" id=\"exifviewer-img-1\" src=\"https:\/\/www.europesays.com\/fr\/wp-content\/uploads\/2025\/09\/20250910-080439-960x640-1-960x640.png\" alt=\"Une cabane de chantier a \u00e9t\u00e9 d\u00e9plac\u00e9e sur l'avenue Georges Pompidou avant d'\u00eatre incendi\u00e9e.\" width=\"960\" height=\"640\"\/><br \/>\n    Une cabane de chantier a \u00e9t\u00e9 d\u00e9plac\u00e9e sur l\u2019avenue Georges Pompidou avant d\u2019\u00eatre incendi\u00e9e. (\u00a9Enzo Legros \/ Actu Toulouse)Vid\u00e9os : en ce moment sur Actu<\/p>\n<p class=\" wall-content\">Les pompiers viennent juste d\u2019\u00e9teindre la cabane carbonis\u00e9e, mais aucun potentiel auteur des faits se trouve \u00e0 proximit\u00e9. Il faut marcher quelques minutes pour voir des gyrophares scintiller au niveau de l\u2019arr\u00eat de m\u00e9tro Marengo. Cinq camions de police se positionnent \u00e0 l\u2019entr\u00e9e du Jardin Marcel Thourel, l\u00e0 o\u00f9 <strong>de premiers manifestants se font menotter<\/strong> par les forces de l\u2019ordre.<\/p>\n<p>La police bien pr\u00e9sente, des manifestants fugaces<\/p>\n<p class=\" wall-content\">Ce sont les premi\u00e8res arrestations de la matin\u00e9e dans le centre-ville. <strong>Pour la police<\/strong>, la s\u00e9curisation et <strong>le d\u00e9blocage du c\u0153ur de Toulouse ne sont pas simples<\/strong>. \u00c0 chaque point de rassemblement identifi\u00e9, un effectif d\u2019agents se d\u00e9place illico presto. Contact\u00e9e par <a href=\"https:\/\/actu.fr\/toulouse\/\" target=\"_blank\" rel=\"noopener\">Actu Toulouse<\/a>, la pr\u00e9fecture de Haute-Garonne explique que les moyens d\u2019action pour la journ\u00e9e sont \u00ab\u2009proportionn\u00e9s et n\u00e9cessaires, adapt\u00e9s en fonction de la situation\u2009\u00bb en direct.<\/p>\n<p>Votre r\u00e9gion, votre actu !<\/p>\n<p>Recevez chaque jour les infos qui comptent pour vous.<\/p>\n<p>\t<a href=\"https:\/\/actu.fr\/newsletter\" class=\"ac-btn ac-btn--corner ac-btn--medium ac-btn--blue800\" target=\"_blank\" rel=\"noopener\">S&rsquo;incrire<\/a><\/p>\n<p class=\" wall-content\">La difficult\u00e9 est le mouvement continu des bloqueurs. M\u00eame si tous les points qui ont \u00e9t\u00e9 bloqu\u00e9s <a href=\"https:\/\/actu.fr\/occitanie\/toulouse_31555\/airbus-peages-a-toulouse-le-mouvement-bloquons-tout-cible-deja-plusieurs-site-a-bloquer-le-10-septembre_63027020.html\" target=\"_blank\" rel=\"noopener\">ont \u00e9t\u00e9 r\u00e9v\u00e9l\u00e9s<\/a> ou<a href=\"https:\/\/actu.fr\/occitanie\/toulouse_31555\/bloquons-tout-a-toulouse-voici-le-programme-des-manifestations-annoncees-pour-le-10-septembre_63131209.html\" target=\"_blank\" rel=\"noopener\"> annonc\u00e9s en amont<\/a> de la mobilisation, le <strong>mode d\u2019action<\/strong> des individus, souvent anonymis\u00e9s par un masque chirurgical et une capuche, est ing\u00e9nieux.<\/p>\n<p class=\" wall-content\">Illustration aux all\u00e9es Jean Jaur\u00e8s, o\u00f9 surgissent <strong>une trentaine de manifestants<\/strong> d\u2019un seul coup, aux alentours de 9h.<\/p>\n<p>    <img   decoding=\"async\" loading=\"lazy\" id=\"exifviewer-img-3\" src=\"https:\/\/www.europesays.com\/fr\/wp-content\/uploads\/2025\/09\/videocapture-20250910-154626-960x640.jpg\" alt=\"Tr\u00e8s rapidement, les manifestants mettent en place des barrages avec le mobilier urbain \u00e0 disposition.\" width=\"960\" height=\"640\"\/><br \/>\n    Tr\u00e8s rapidement, les manifestants mettent en place des barrages avec le mobilier urbain \u00e0 disposition. Les automobilistes sont forc\u00e9s de quitter leur v\u00e9hicule pour d\u00e9gager la voie. (\u00a9Enzo Legros \/ Actu Toulouse)<\/p>\n<p class=\" wall-content\">En deux temps trois mouvements, ils placent ce qu\u2019ils trouvent \u00e0 port\u00e9e de main pour <strong>bloquer la circulation<\/strong>, qui se dirigeait rejoindre le centre-ville depuis Marengo.<\/p>\n<p>Une course-poursuite dans les rues de Toulouse<\/p>\n<p class=\" wall-content\">Dix secondes apr\u00e8s que toute la troupe s\u2019est \u00e9vad\u00e9e par la rue Caffarelli, les CRS arm\u00e9s de boucliers en plexiglas parcourent le m\u00eame chemin, en pleine <strong>course-poursuite<\/strong>. Leur arriv\u00e9e a effray\u00e9 tout le monde, suffisant \u00e0 d\u00e9gager les all\u00e9es Jean Jaur\u00e8s.<\/p>\n<p class=\" wall-content\"><a href=\"https:\/\/www.instagram.com\/reel\/DOaXktGjOss\/embed\" title=\"Ouvrir le lien sur Instagram\" target=\"_blank\" rel=\"noopener\">Visualiser le contenu sur Instagram<\/a><\/p>\n<p class=\" wall-content\">Les forces de l\u2019ordre <strong>ne tentent pas de poursuivre<\/strong> les manifestants. Elles s\u2019arr\u00eatent une fois le blocus contr\u00f4l\u00e9 et quittent ensuite les lieux pour s\u2019empresser de rejoindre les autres blocages sur lesquels ils sont appel\u00e9s.<\/p>\n<p>\u00a0\u00ab\u2009Des gens travaillent, c\u2019est vous le probl\u00e8me\u2009\u00bb<\/p>\n<p class=\" wall-content\">Du c\u00f4t\u00e9 des manifestants, toutes ces informations ne manquent pas d\u2019\u00eatre partag\u00e9es<strong> sur des canaux priv\u00e9s de discussion<\/strong> du mouvement. \u00ab\u2009Compans\u2009: 4 fourgons, 4 motards, 3 banalis\u00e9es et 1 voiture police, [\u2026] ils repartent peut-\u00eatre direction Jean Jaur\u00e8s\u2009\u00bb, alerte par exemple l\u2019un d\u2019eux \u00e0 ses camarades, pendant que la course-poursuite s\u2019op\u00e8re pr\u00e8s <a href=\"https:\/\/actu.fr\/occitanie\/toulouse_31555\/il-y-a-peu-de-places-a-l-ombre-en-plein-cagnard-les-ramblas-de-toulouse-en-manque-de-fraicheur_62998590.html\" target=\"_blank\" rel=\"noopener\">des Ramblas de Toulouse<\/a>.<\/p>\n<p class=\" wall-content\">Dix minutes plus tard, un groupe d\u2019hommes et femmes cagoul\u00e9s d\u00e9barque \u00e0 son tour, cette fois au boulevard Lascrosses, et d\u00e9pose \u00e0 grande vitesse des poubelles sur la route. La tension monte entre<strong> les automobilistes<\/strong> et <strong>les fauteurs de trouble<\/strong>. \u00ab\u2009Des gens travaillent, c\u2019est vous le probl\u00e8me\u2009\u00bb, lance un homme depuis la fen\u00eatre de son poste de conducteur, au rond-point de la place Arnaud Bernard.<\/p>\n<p class=\" wall-content\"><a href=\"https:\/\/www.instagram.com\/reel\/DOab07FDMpJ\/embed\" title=\"Ouvrir le lien sur Instagram\" target=\"_blank\" rel=\"noopener\">Visualiser le contenu sur Instagram<\/a><\/p>\n<p class=\" wall-content\">\u00ab <strong>Beaucoup de keufs<\/strong> \u00e0 Arnaud Bernard\u2009\u00bb, pr\u00e9vient-on sur la discussion priv\u00e9e d\u00e9di\u00e9e aux d\u00e9placements des policiers en direct. L\u00e0 encore, tout le monde s\u2019empresse de quitter les lieux tr\u00e8s rapidement. La police fait de m\u00eame quelques minutes plus tard, lorsque le calme est revenu.<\/p>\n<p>De nombreuses interpellations dans l\u2019apr\u00e8s-midi<\/p>\n<p class=\" wall-content\">\u00c0 partir de 10 heures, les blocages prennent fin, en grande partie, dans le centre-ville. Sur les r\u00e9seaux sociaux, tous les contestataires du jour se pr\u00e9parent pour la manifestation de 14h30 \u00e0 Jean Jaur\u00e8s. \u00ab\u2009Les gens commencent \u00e0 arriver \u00e0 Jean Jaur\u00e8s, \u00e7a se remplit\u2009\u00bb, informe un internaute sur le canal. Le cort\u00e8ge se dirige ensuite jusqu\u2019\u00e0 16 heures vers le quartier Saint-Cyprien, o\u00f9 doit se conclure la mobilisation.<\/p>\n<p class=\" wall-content\">Sur le chemin, \u00ab\u2009Bloquons tout\u2009\u00bb communique la situation de la t\u00eate de marche r\u00e9guli\u00e8rement. \u00ab\u2009\u00c7a avance, mais beaucoup de keufs coll\u00e9s \u00e0 la t\u00eate qui arr\u00eatent r\u00e9guli\u00e8rement pour rester au contact\u2009\u00bb, indique-t-on. \u00c0 16h30, la situation s\u2019envenime. <strong>\u00ab\u2009\u00c7a gaze et \u00e7a caillasse\u2009\u00bb<\/strong>, r\u00e9sume un membre succinctement. Un peu plus tard, on apprendra que plusieurs interpellations ont eu lieu.<\/p>\n<p>    <img   decoding=\"async\" loading=\"lazy\" src=\"https:\/\/www.europesays.com\/fr\/wp-content\/uploads\/2025\/09\/img-5656-1-960x640.jpg\" alt=\"La situation s'est tendue \u00e0 Saint-Cyprien, apr\u00e8s la fin de la manifestation officielle.\" width=\"960\" height=\"640\"\/><br \/>\n    La situation s\u2019est tendue \u00e0 Saint-Cyprien, apr\u00e8s la fin de la manifestation officielle. (\u00a9L\u00e9a Afonso \/ Actu Toulouse)<\/p>\n<p class=\" wall-content\">Le cort\u00e8ge se disperse, quand des affrontements opposent les CRS et les blacks blocs. La journ\u00e9e s\u2019approche de la fin, et de la premi\u00e8re \u00e0 la derni\u00e8re minute,<strong> le 10\u00a0septembre se sera organis\u00e9 de A \u00e0 Z sur les r\u00e9seaux sociaux<\/strong>.<\/p>\n<p class=\" wall-content\">Personnalisez votre actualit\u00e9 en ajoutant vos villes et m\u00e9dias en favori avec <a href=\"https:\/\/moncompte.actu.fr\" title=\"D\u00e9couvez Mon Actu\" rel=\"nofollow noopener\" data-trk=\"{&quot;cta&quot;:{&quot;action&quot;:&quot;https:\\\/\\\/moncompte.actu.fr&quot;,&quot;category&quot;:&quot;mon compte&quot;,&quot;from&quot;:&quot;article footer&quot;,&quot;name&quot;:&quot;Mon actu&quot;,&quot;type&quot;:&quot;cta&quot;}}\" target=\"_blank\">Mon Actu<\/a>.<\/p>\n<p>                    <script async src=\"\/\/www.instagram.com\/embed.js\"><\/script><\/p>\n","protected":false},"excerpt":{"rendered":"Par Enzo Legros Publi\u00e9 le 10 sept. 2025 \u00e0 18h40 Le soleil se l\u00e8ve \u00e0 peine mercredi 10&hellip;\n","protected":false},"author":2,"featured_media":381756,"comment_status":"","ping_status":"","sticky":false,"template":"","format":"standard","meta":{"footnotes":""},"categories":[2816],"tags":[1111,11,47212,1777,674,1011,27,1272,50957,12,2680,25,104,2312],"class_list":{"0":"post-381755","1":"post","2":"type-post","3":"status-publish","4":"format-standard","5":"has-post-thumbnail","7":"category-toulouse","8":"tag-actu","9":"tag-actualites","10":"tag-bloquons-tout","11":"tag-eu","12":"tag-europe","13":"tag-fr","14":"tag-france","15":"tag-manifestations","16":"tag-mouvement-du-10-septembre","17":"tag-news","18":"tag-occitanie","19":"tag-republique-francaise","20":"tag-societe","21":"tag-toulouse"},"share_on_mastodon":{"url":"https:\/\/pubeurope.com\/@fr\/115183465567452199","error":""},"_links":{"self":[{"href":"https:\/\/www.europesays.com\/fr\/wp-json\/wp\/v2\/posts\/381755","targetHints":{"allow":["GET"]}}],"collection":[{"href":"https:\/\/www.europesays.com\/fr\/wp-json\/wp\/v2\/posts"}],"about":[{"href":"https:\/\/www.europesays.com\/fr\/wp-json\/wp\/v2\/types\/post"}],"author":[{"embeddable":true,"href":"https:\/\/www.europesays.com\/fr\/wp-json\/wp\/v2\/users\/2"}],"replies":[{"embeddable":true,"href":"https:\/\/www.europesays.com\/fr\/wp-json\/wp\/v2\/comments?post=381755"}],"version-history":[{"count":0,"href":"https:\/\/www.europesays.com\/fr\/wp-json\/wp\/v2\/posts\/381755\/revisions"}],"wp:featuredmedia":[{"embeddable":true,"href":"https:\/\/www.europesays.com\/fr\/wp-json\/wp\/v2\/media\/381756"}],"wp:attachment":[{"href":"https:\/\/www.europesays.com\/fr\/wp-json\/wp\/v2\/media?parent=381755"}],"wp:term":[{"taxonomy":"category","embeddable":true,"href":"https:\/\/www.europesays.com\/fr\/wp-json\/wp\/v2\/categories?post=381755"},{"taxonomy":"post_tag","embeddable":true,"href":"https:\/\/www.europesays.com\/fr\/wp-json\/wp\/v2\/tags?post=381755"}],"curies":[{"name":"wp","href":"https:\/\/api.w.org\/{rel}","templated":true}]}}