{"id":381760,"date":"2025-09-11T03:12:13","date_gmt":"2025-09-11T03:12:13","guid":{"rendered":"https:\/\/www.europesays.com\/fr\/381760\/"},"modified":"2025-09-11T03:12:13","modified_gmt":"2025-09-11T03:12:13","slug":"les-musiques-improvisees-en-toute-liberte-a-marseille","status":"publish","type":"post","link":"https:\/\/www.europesays.com\/fr\/381760\/","title":{"rendered":"Les musiques improvis\u00e9es en toute libert\u00e9 \u00e0 Marseille"},"content":{"rendered":"\n<p>Le festival Les \u00c9mouvantes continue de diffuser les musiques improvis\u00e9es et attaque sa 13e\u00a0\u00e9dition \u00e0 partir du jeudi 11\u00a0septembre, au Conservatoire Pierre Barbizet. Toujours avec le directeur artistique Claude Tchamitchian aux manettes, mais qui s\u2019enrichit d\u2019un alter ego en la personne de Fabrice Martinez.<\/p>\n<p>Les musiques improvis\u00e9es, ces musiques de cr\u00e9ation au croisement du jazz et des traditions populaires, et tr\u00e8s codifi\u00e9es malgr\u00e9 leur appellation, r\u00e9sonneront au Conservatoire Pierre Barbizet trois\u00a0soirs durant.<\/p>\n<p> Croisements\n              <\/p>\n<p>Ses deux chevilles ouvri\u00e8res invitent \u00e0 \u00ab\u00a0explorer des cr\u00e9ations profond\u00e9ment ancr\u00e9es dans notre temps, nourries par l\u2019histoire et les multiples cultures qui la traversent\u00a0\u00bb, indique le programme, lanc\u00e9 sur les chapeaux de roues par le solo du contrebassiste Claude Tchamitchian, \u00ab\u00a0In\u00a0Spirit\u00a0\u00bb, \u00ab\u00a0suite impressionniste hommage \u00e0 Jean-Fran\u00e7ois Jenny-Clark\u00a0\u00bb, maestro fugace (1944-1998) du plus grave des instruments. La deuxi\u00e8me partie de la soir\u00e9e permettra d\u2019\u00e9couter ICI, cr\u00e9ation du guitariste Marc Ducret \u00ab\u00a0n\u00e9e du confinement, ancr\u00e9e dans un paysage de bord de mer et de rivi\u00e8re soumis aux mar\u00e9es\u00a0\u00bb, accompagn\u00e9 par le gars s\u00fbr des cuivres, Fabrice Martinez, Samuel Blaser au trombone et Christophe Monniot au saxophone.<\/p>\n<p>Les jours suivants, le public verra un quartet men\u00e9 par Juliette Meyer et ses \u00ab\u00a0miniatures jazz\u00a0\u00bb, La naissance du soleil et de la lune, projet de Jean-Pierre Jullian qui \u00ab\u00a0s\u2019inspire d\u2019un conte tir\u00e9 de la mythologie azt\u00e8que\u00a0\u00bb, la cr\u00e9ation de Robinson Khoury, M\u0178A, qui \u00ab\u00a0puise dans les chants gr\u00e9goriens, les rythmes sur peaux et les maq\u00e2mat de la musique arabe\u00a0\u00bb, ainsi que celle du bassiste Sylvain Daniel, Slydee, \u00ab\u00a0plong\u00e9e dans la great black music\u00a0\u00bb.<\/p>\n","protected":false},"excerpt":{"rendered":"Le festival Les \u00c9mouvantes continue de diffuser les musiques improvis\u00e9es et attaque sa 13e\u00a0\u00e9dition \u00e0 partir du jeudi&hellip;\n","protected":false},"author":2,"featured_media":381761,"comment_status":"","ping_status":"","sticky":false,"template":"","format":"standard","meta":{"footnotes":""},"categories":[2814],"tags":[1111,11,1777,674,849,1011,27,884,12,882,25],"class_list":{"0":"post-381760","1":"post","2":"type-post","3":"status-publish","4":"format-standard","5":"has-post-thumbnail","7":"category-marseille","8":"tag-actu","9":"tag-actualites","10":"tag-eu","11":"tag-europe","12":"tag-festival","13":"tag-fr","14":"tag-france","15":"tag-marseille","16":"tag-news","17":"tag-provence-alpes-cote-dazur","18":"tag-republique-francaise"},"share_on_mastodon":{"url":"https:\/\/pubeurope.com\/@fr\/115183481261822744","error":""},"_links":{"self":[{"href":"https:\/\/www.europesays.com\/fr\/wp-json\/wp\/v2\/posts\/381760","targetHints":{"allow":["GET"]}}],"collection":[{"href":"https:\/\/www.europesays.com\/fr\/wp-json\/wp\/v2\/posts"}],"about":[{"href":"https:\/\/www.europesays.com\/fr\/wp-json\/wp\/v2\/types\/post"}],"author":[{"embeddable":true,"href":"https:\/\/www.europesays.com\/fr\/wp-json\/wp\/v2\/users\/2"}],"replies":[{"embeddable":true,"href":"https:\/\/www.europesays.com\/fr\/wp-json\/wp\/v2\/comments?post=381760"}],"version-history":[{"count":0,"href":"https:\/\/www.europesays.com\/fr\/wp-json\/wp\/v2\/posts\/381760\/revisions"}],"wp:featuredmedia":[{"embeddable":true,"href":"https:\/\/www.europesays.com\/fr\/wp-json\/wp\/v2\/media\/381761"}],"wp:attachment":[{"href":"https:\/\/www.europesays.com\/fr\/wp-json\/wp\/v2\/media?parent=381760"}],"wp:term":[{"taxonomy":"category","embeddable":true,"href":"https:\/\/www.europesays.com\/fr\/wp-json\/wp\/v2\/categories?post=381760"},{"taxonomy":"post_tag","embeddable":true,"href":"https:\/\/www.europesays.com\/fr\/wp-json\/wp\/v2\/tags?post=381760"}],"curies":[{"name":"wp","href":"https:\/\/api.w.org\/{rel}","templated":true}]}}