{"id":381766,"date":"2025-09-11T03:16:18","date_gmt":"2025-09-11T03:16:18","guid":{"rendered":"https:\/\/www.europesays.com\/fr\/381766\/"},"modified":"2025-09-11T03:16:18","modified_gmt":"2025-09-11T03:16:18","slug":"bloquons-touten-ile-de-france-le-point-sur-les-perturbations-dans-les-transports","status":"publish","type":"post","link":"https:\/\/www.europesays.com\/fr\/381766\/","title":{"rendered":"\u00ab\u00a0Bloquons tout\u00a0\u00bben Ile-de-France\u00a0: le point sur les perturbations dans les transports"},"content":{"rendered":"\n<p>C\u00f4t\u00e9 m\u00e9tro parisien, \u201ctout est conforme aux pr\u00e9visions\u201d, a d\u00e9clar\u00e9 un porte-parole du transporteur, interrog\u00e9 mercredi en d\u00e9but de matin\u00e9e.<\/p>\n<p>Le trafic est \u201cquasi normal\u201d pour les r\u00e9seaux de m\u00e9tro et de bus, et \u201cperturb\u00e9\u201d, avec deux trains sur trois qui circulent, sur la ligne B du RER, qui traverse l\u2019Ile-de-France du nord au sud via le centre de Paris et dessert l\u2019a\u00e9roport de Paris Charles-de-Gaulle. G\u00e9r\u00e9e conjointement avec la SNCF, cette ligne est habituellement emprunt\u00e9e par pr\u00e8s d\u2019un million de voyageurs par jour.<\/p>\n<p>Concernant le RER D, la SNCF avait indiqu\u00e9 lundi ne pr\u00e9voir aucune circulation sur une partie de la ligne,\u00a0seulement un train sur trois sur les lignes Transilien H, vers le nord-ouest de la r\u00e9gion parisienne, et Transilien R (sud-est).<\/p>\n<p>Elle pr\u00e9voyait \u00e9galement des perturbations du trafic ferroviaire dans l\u2019Hexagone, en particulier celui des TER et des Intercit\u00e9s, mais pas sur le r\u00e9seau \u00e0 grande vitesse.<\/p>\n<p>Gare de Lyon, \u00e0 Paris, la matin\u00e9e de mercredi ressemble \u00e0 une journ\u00e9e classique dans les halls des grandes lignes et le trafic des TGV est normal, comme pr\u00e9vu, a constat\u00e9 une journaliste de l\u2019AFP.<\/p>\n<p>Il y a en revanche moins d\u2019affluence que d\u2019habitude au niveau des RER A et D, en raison des perturbations annonc\u00e9es. \u201cJ\u2019avais demand\u00e9 \u00e0 mon manager de ne pas commencer trop t\u00f4t aujourd\u2019hui et je suis partie tr\u00e8s en avance, mais j\u2019ai eu mon train sans probl\u00e8me\u201d, explique S\u00e9verine, 24 ans, vendeuse dans un magasin de v\u00eatements \u00e0 Paris, qui vient de Villeneuve-Saint-Georges.<\/p>\n<p>Pour les a\u00e9roports parisiens, \u201crien \u00e0 signaler\u201d, a indiqu\u00e9 \u00e0 l\u2019AFP un porte-parole d\u2019ADP. \u201cIl n\u2019y a pas eu de pr\u00e9avis de gr\u00e8ve chez ADP et chez nos principaux prestataires, mais nous effectuons tout au long de la journ\u00e9e une veille active au vu de l\u2019impr\u00e9visibilit\u00e9 du mouvement\u201d, a-t-il ajout\u00e9.<\/p>\n<p>ADP suit notamment les possibles perturbations sur les acc\u00e8s routiers ou ferroviaires aux a\u00e9roports parisiens sous sa gestion (Paris-Orly, Paris-Charles-de-Gaulle et Paris-Le Bourget), a pr\u00e9cis\u00e9 ce porte-parole.<\/p>\n<p>\u201cUne mont\u00e9e progressive des retards est attendue au cours de la matin\u00e9e\u201d, a indiqu\u00e9 le minist\u00e8re des Transports \u00e0 propos des vols. Il \u00e9voque aussi des \u201cperturbations fortes pour l\u2019acc\u00e8s \u00e0 l\u2019a\u00e9roport \u00e0 Nantes\u201d et des perturbations dans les transports en commun \u00e0 Toulouse pouvant impacter l\u2019acc\u00e8s \u00e0 l\u2019a\u00e9roport.<\/p>\n<p>Enfin, sur le r\u00e9seau routier, le minist\u00e8re signale des rassemblements en cours, tels que op\u00e9rations escargots et barrages au niveau de Rennes et Nantes, sur l\u2019A10 au niveau de Poitiers Sud et sur l\u2019A9 \u00e0 Aix-en-Provence et sur la rocade de Toulouse.<\/p>\n","protected":false},"excerpt":{"rendered":"C\u00f4t\u00e9 m\u00e9tro parisien, \u201ctout est conforme aux pr\u00e9visions\u201d, a d\u00e9clar\u00e9 un porte-parole du transporteur, interrog\u00e9 mercredi en d\u00e9but&hellip;\n","protected":false},"author":2,"featured_media":198137,"comment_status":"","ping_status":"","sticky":false,"template":"","format":"standard","meta":{"footnotes":""},"categories":[1592],"tags":[1111,11,663,7404,3625,47212,7048,3542,7229,1067,1777,674,1011,27,6151,662,4047,12,16483,626,21842,625,16,8857,25,18068,7759,2312,2803,800,2216,9754,8692],"class_list":{"0":"post-381766","1":"post","2":"type-post","3":"status-publish","4":"format-standard","5":"has-post-thumbnail","7":"category-ile-de-france","8":"tag-actu","9":"tag-actualites","10":"tag-aeroport","11":"tag-aix-en-provence","12":"tag-banlieue","13":"tag-bloquons-tout","14":"tag-bus","15":"tag-circulation","16":"tag-degradations","17":"tag-enquete","18":"tag-eu","19":"tag-europe","20":"tag-fr","21":"tag-france","22":"tag-greve","23":"tag-ile-de-france","24":"tag-metro","25":"tag-news","26":"tag-orly","27":"tag-paris","28":"tag-paris-orly","29":"tag-ratp","30":"tag-region","31":"tag-region-parisienne","32":"tag-republique-francaise","33":"tag-rer-a","34":"tag-rer-d","35":"tag-toulouse","36":"tag-transport","37":"tag-transports","38":"tag-transports-en-commun","39":"tag-villeneuve-saint-georges","40":"tag-voyageurs"},"share_on_mastodon":{"url":"https:\/\/pubeurope.com\/@fr\/115183497034785240","error":""},"_links":{"self":[{"href":"https:\/\/www.europesays.com\/fr\/wp-json\/wp\/v2\/posts\/381766","targetHints":{"allow":["GET"]}}],"collection":[{"href":"https:\/\/www.europesays.com\/fr\/wp-json\/wp\/v2\/posts"}],"about":[{"href":"https:\/\/www.europesays.com\/fr\/wp-json\/wp\/v2\/types\/post"}],"author":[{"embeddable":true,"href":"https:\/\/www.europesays.com\/fr\/wp-json\/wp\/v2\/users\/2"}],"replies":[{"embeddable":true,"href":"https:\/\/www.europesays.com\/fr\/wp-json\/wp\/v2\/comments?post=381766"}],"version-history":[{"count":0,"href":"https:\/\/www.europesays.com\/fr\/wp-json\/wp\/v2\/posts\/381766\/revisions"}],"wp:featuredmedia":[{"embeddable":true,"href":"https:\/\/www.europesays.com\/fr\/wp-json\/wp\/v2\/media\/198137"}],"wp:attachment":[{"href":"https:\/\/www.europesays.com\/fr\/wp-json\/wp\/v2\/media?parent=381766"}],"wp:term":[{"taxonomy":"category","embeddable":true,"href":"https:\/\/www.europesays.com\/fr\/wp-json\/wp\/v2\/categories?post=381766"},{"taxonomy":"post_tag","embeddable":true,"href":"https:\/\/www.europesays.com\/fr\/wp-json\/wp\/v2\/tags?post=381766"}],"curies":[{"name":"wp","href":"https:\/\/api.w.org\/{rel}","templated":true}]}}