{"id":381767,"date":"2025-09-11T03:17:20","date_gmt":"2025-09-11T03:17:20","guid":{"rendered":"https:\/\/www.europesays.com\/fr\/381767\/"},"modified":"2025-09-11T03:17:20","modified_gmt":"2025-09-11T03:17:20","slug":"mouvement-du-10-septembre-a-paris-203-interpellations-et-une-centaine-de-gardes-a-vue-le-parquet-dresse-un-premier-bilan","status":"publish","type":"post","link":"https:\/\/www.europesays.com\/fr\/381767\/","title":{"rendered":"Mouvement du 10\u00a0septembre \u00e0 Paris\u00a0: 203 interpellations et une centaine de gardes \u00e0 vue, le parquet dresse un premier bilan"},"content":{"rendered":"<p class=\"paragraph text_align_left lp-f-body-02\">\u00ab Toutes les r\u00e9ponses p\u00e9nales s\u2019exerceront par la voie du d\u00e9ferrement \u00bb. C\u2019est avec fermet\u00e9 que la procureure de Paris, Laure Beccuau, a mis en garde ce mercredi lors d\u2019un point presse organis\u00e9 en fin d\u2019apr\u00e8s-midi les manifestants venus pour \u00ab commettre des d\u00e9gradations sur la plaque parisienne \u00bb, en marge de la mobilisation <a href=\"https:\/\/www.leparisien.fr\/economie\/bloquons-tout-transports-ecoles-commerces-cest-le-grand-flou-autour-de-la-mobilisation-09-09-2025-JW7NWLI2XFB2ZLLMQVZKN2IWWU.php\" target=\"_self\" rel=\"noopener\">\u00ab Bloquons tout \u00bb<\/a>. Au total, \u00e0 17 heures, 203 personnes avaient \u00e9t\u00e9 interpell\u00e9es \u00e0 Paris, dont 106 ont abouti \u00e0 un placement en garde \u00e0 vue. La plupart pour des faits pr\u00e9sum\u00e9s de \u00ab participation \u00e0 un groupement en vue de commettre des violences ou des d\u00e9gradations \u00bb.<\/p>\n<p class=\"paragraph text_align_left lp-f-body-02\">Dans la matin\u00e9e, les gardes \u00e0 vue \u00e9taient surtout focalis\u00e9es sur le XIIe et le XXe arrondissement, o\u00f9 des heurts ont \u00e9clat\u00e9 place de la Nation et cours de Vincennes, en marge notamment du blocage du lyc\u00e9e H\u00e9l\u00e8ne-Boucher. Des barricades et autres feux de poubelles ont aussi \u00e9t\u00e9 observ\u00e9s porte de Montreuil ou porte de Bagnolet. \u00c0 certains endroits, les manifestants ont tent\u00e9 de faire irruption sur le p\u00e9riph\u00e9rique pour bloquer la circulation.<\/p>\n<p class=\"paragraph text_align_left lp-f-body-02\">Les gardes \u00e0 vue ont \u00e9galement concern\u00e9, \u00ab dans une moindre mesure \u00bb, des faits pr\u00e9sum\u00e9s commis dans le XIIIe arrondissement, a pr\u00e9cis\u00e9 <a href=\"https:\/\/www.leparisien.fr\/faits-divers\/le-parquet-de-paris-declare-la-guerre-a-la-traite-des-etres-humains-dans-le-metro-18-06-2025-PGTJC3YPVRA4LMLTEN4YQIL2EU.php\" target=\"_self\" rel=\"noopener\">Laure Beccuau<\/a>. Des \u00e9chauffour\u00e9es ont notamment \u00e9clat\u00e9 dans la matin\u00e9e en marge du blocage du lyc\u00e9e Claude Monnet. Un peu plus tard, des centaines de manifestants ont tent\u00e9 de s\u2019introduire dans la gare du Nord. Une dizaine de personnes, mass\u00e9es rue du Faubourg Saint-Denis (Xe), ont \u00e9t\u00e9 plac\u00e9es en garde \u00e0 vue.<\/p>\n<p>Beaucoup de femmes parmi les interpell\u00e9s<\/p>\n<p class=\"paragraph text_align_left lp-f-body-02\">Face \u00e0 l\u2019assaut de manifestants dans le quartier de Ch\u00e2telet, la pr\u00e9fecture de police de Paris a d\u00fb fermer par pr\u00e9caution le centre <a href=\"https:\/\/www.leparisien.fr\/paris-75\/paris-panne-generale-delectricite-a-chatelet-les-halles-le-centre-commercial-brievement-evacue-05-09-2025-LWROQYX5YRDBVLUJAZJEMQTU7Q.php\" target=\"_self\" rel=\"noopener\">commercial Westfield du Forum des halles,<\/a> en raison d\u2019appels aux pillages post\u00e9s sur les r\u00e9seaux sociaux. Une enqu\u00eate a \u00e9t\u00e9 ouverte apr\u00e8s le spectaculaire incendie qui a l\u00e9ch\u00e9 la fa\u00e7ade d\u2019un immeuble de ce quartier parisien central. \u00ab En l\u2019\u00e9tat de nos informations, il pourrait s\u2019agir d\u2019un d\u00e9part de feu involontaire li\u00e9 \u00e0 l\u2019intervention des forces de l\u2019ordre pour faire face \u00e0 des regroupements denses et particuli\u00e8rement hostiles dans le secteur des Halles \u00bb, a d\u00e9taill\u00e9 Laure Beccuau.<\/p>\n<p class=\"lp-card-podcast-highlighting__title  lp-f-subtitle-05\">[2\/6] Jubillar\u00a0: de la disparition au proc\u00e8s, une affaire sans corps ni aveux<\/p>\n<p class=\"lp-card-podcast-highlighting__description lp-f-ui-05\">Crime story raconte chaque semaine les grandes affaires criminelles.<\/p>\n<p><a class=\"lp-card-podcast-highlighting__call-to-action\" data-page-type=\"HP\" data-block-name=\"podcast-highlight\">\u00c9couter<\/a><\/p>\n<p class=\"paragraph text_align_left lp-f-body-02\">Plusieurs milliers de personnes ont investi la place de la R\u00e9publique. Deux manifestants ont \u00e9t\u00e9 plac\u00e9s en garde \u00e0 vue pour des d\u00e9gradations commises sur l\u2019embl\u00e9matique statue de la R\u00e9publique. Deux autres pour des violences commises sur des personnes d\u00e9positaires de l\u2019autorit\u00e9 publique. Sur ce point, la procureure de Paris a l\u00e0 encore pr\u00e9venu que sa juridiction poursuivra \u00ab toute infraction commise \u00e0 l\u2019encontre des forces de l\u2019ordre et des services de secours \u00bb, notamment \u00ab sous la forme de jets de mortiers \u00bb et \u00ab tout [autre] acte qui pourrait \u00eatre analys\u00e9 comme de l\u2019intimidation, pour les emp\u00eacher d\u2019accomplir leurs missions \u00bb. Enfin, la procureure de Paris a \u00e9voqu\u00e9 la \u00ab pr\u00e9sence de beaucoup de femmes \u00bb parmi les personnes interpell\u00e9es. Sur RTL, elle a ensuite \u00e9voqu\u00e9 une quarantaine de gardes \u00e0 vue de femmes \u00e0 Paris.<\/p>\n","protected":false},"excerpt":{"rendered":"\u00ab Toutes les r\u00e9ponses p\u00e9nales s\u2019exerceront par la voie du d\u00e9ferrement \u00bb. C\u2019est avec fermet\u00e9 que la procureure&hellip;\n","protected":false},"author":2,"featured_media":381768,"comment_status":"","ping_status":"","sticky":false,"template":"","format":"standard","meta":{"footnotes":""},"categories":[1888],"tags":[1111,1928,11,1927,1777,674,118,1011,27,12,1926,626,1925,25,2955],"class_list":{"0":"post-381767","1":"post","2":"type-post","3":"status-publish","4":"format-standard","5":"has-post-thumbnail","7":"category-paris","8":"tag-actu","9":"tag-actu-paris","10":"tag-actualites","11":"tag-actualites-paris","12":"tag-eu","13":"tag-europe","14":"tag-faits-divers","15":"tag-fr","16":"tag-france","17":"tag-news","18":"tag-news-paris","19":"tag-paris","20":"tag-paris-news","21":"tag-republique-francaise","22":"tag-videos"},"share_on_mastodon":{"url":"https:\/\/pubeurope.com\/@fr\/115183500969299196","error":""},"_links":{"self":[{"href":"https:\/\/www.europesays.com\/fr\/wp-json\/wp\/v2\/posts\/381767","targetHints":{"allow":["GET"]}}],"collection":[{"href":"https:\/\/www.europesays.com\/fr\/wp-json\/wp\/v2\/posts"}],"about":[{"href":"https:\/\/www.europesays.com\/fr\/wp-json\/wp\/v2\/types\/post"}],"author":[{"embeddable":true,"href":"https:\/\/www.europesays.com\/fr\/wp-json\/wp\/v2\/users\/2"}],"replies":[{"embeddable":true,"href":"https:\/\/www.europesays.com\/fr\/wp-json\/wp\/v2\/comments?post=381767"}],"version-history":[{"count":0,"href":"https:\/\/www.europesays.com\/fr\/wp-json\/wp\/v2\/posts\/381767\/revisions"}],"wp:featuredmedia":[{"embeddable":true,"href":"https:\/\/www.europesays.com\/fr\/wp-json\/wp\/v2\/media\/381768"}],"wp:attachment":[{"href":"https:\/\/www.europesays.com\/fr\/wp-json\/wp\/v2\/media?parent=381767"}],"wp:term":[{"taxonomy":"category","embeddable":true,"href":"https:\/\/www.europesays.com\/fr\/wp-json\/wp\/v2\/categories?post=381767"},{"taxonomy":"post_tag","embeddable":true,"href":"https:\/\/www.europesays.com\/fr\/wp-json\/wp\/v2\/tags?post=381767"}],"curies":[{"name":"wp","href":"https:\/\/api.w.org\/{rel}","templated":true}]}}