{"id":381769,"date":"2025-09-11T03:18:25","date_gmt":"2025-09-11T03:18:25","guid":{"rendered":"https:\/\/www.europesays.com\/fr\/381769\/"},"modified":"2025-09-11T03:18:25","modified_gmt":"2025-09-11T03:18:25","slug":"les-images-impressionnantes-dun-immeuble-en-feu-au-coeur-de-paris-pendant-le-10-septembre-2","status":"publish","type":"post","link":"https:\/\/www.europesays.com\/fr\/381769\/","title":{"rendered":"Les images impressionnantes d\u2019un immeuble en feu au c\u0153ur de Paris pendant le 10-septembre"},"content":{"rendered":"<p class=\"mb-4 text-lg md:leading-8 break-words\">MOBILISATION &#8211; Des flammes de plusieurs m\u00e8tres de haut. La fa\u00e7ade d\u2019un immeuble situ\u00e9 dans le centre de Paris \u00e9tait en feu ce <a href=\"https:\/\/fr.news.yahoo.com\/bloquons-10-septembre-gr%C3%A8ve-carte-043012889.html\" data-ylk=\"slk:mercredi 10\u00a0septembre;elm:context_link;itc:0;sec:content-canvas;outcm:mb_qualified_link;_E:mb_qualified_link;ct:story;\" class=\"link  yahoo-link\" target=\"_blank\" rel=\"noopener\">mercredi 10\u00a0septembre<\/a> dans l\u2019apr\u00e8s-midi, alors que des manifestants faisaient face \u00e0 des policiers \u00e0 proximit\u00e9 dans le cadre de la mobilisation<a href=\"https:\/\/fr.news.yahoo.com\/bloquons-10-septembre-%C3%A0-s-133005025.html\" data-ylk=\"slk:\u00ab\u00a0Bloquons tout\u00a0\u00bb;elm:context_link;itc:0;sec:content-canvas;outcm:mb_qualified_link;_E:mb_qualified_link;ct:story;\" class=\"link  yahoo-link\" target=\"_blank\" rel=\"noopener\"> \u00ab\u00a0Bloquons tout\u00a0\u00bb<\/a>, ont constat\u00e9 des journalistes de l\u2019AFP.<\/p>\n<p class=\"mb-4 text-lg md:leading-8 break-words\">Un important panache de fum\u00e9e s\u2019\u00e9levait peu apr\u00e8s 16\u00a0heures d\u2019une fa\u00e7ade d\u2019un immeuble l\u00e9ch\u00e9e par des flammes pr\u00e8s de la place du Ch\u00e2telet, et des pompiers s\u2019affairaient pour \u00e9teindre le feu pendant que les forces de l\u2019ordre \u00e9vacuaient les alentours, selon des images film\u00e9es par l\u2019AFP.<\/p>\n<p class=\"mb-4 text-lg md:leading-8 break-words\"><a href=\"https:\/\/fr.news.yahoo.com\/10-septembre-%C3%A0-paris-p%C3%A9riph-113102461.html\" data-ylk=\"slk:10-septembre \u00e0 Paris\u00a0: du p\u00e9riph \u00e0 Gare du Nord, une matin\u00e9e avec les militants qui veulent \u00ab\u00a0tout bloquer\u00a0\u00bb;elm:context_link;itc:0;sec:content-canvas;outcm:mb_qualified_link;_E:mb_qualified_link;ct:story;\" class=\"link  yahoo-link\" target=\"_blank\" rel=\"noopener\"> 10-septembre \u00e0 Paris\u00a0: du p\u00e9riph \u00e0 Gare du Nord, une matin\u00e9e avec les militants qui veulent \u00ab\u00a0tout bloquer\u00a0\u00bb <\/a><\/p>\n<p class=\"mb-4 text-lg md:leading-8 break-words\">L\u2019incendie s\u2019est d\u00e9clar\u00e9 \u00e0 l\u2019int\u00e9rieur d\u2019un restaurant avant d\u2019atteindre une fa\u00e7ade v\u00e9g\u00e9talis\u00e9e qui est partie en fum\u00e9e. Des policiers ont d\u2019abord tent\u00e9 d\u2019\u00e9teindre les flammes dans le restaurant \u00e0 l\u2019aide d\u2019extincteurs r\u00e9cup\u00e9r\u00e9s chez des voisins, sans succ\u00e8s, selon des journalistes de l\u2019AFP. Des sapeurs-pompiers sont intervenus quelques minutes apr\u00e8s et ont rapidement ma\u00eetris\u00e9 l\u2019incendie.<\/p>\n<p class=\"mb-4 text-lg md:leading-8 break-words\">Des manifestants ont scand\u00e9 \u00ab\u00a0bravo la police\u00a0!\u00a0\u00bb, selon des images film\u00e9es par l\u2019AFP, et ont accus\u00e9 les forces de l\u2019ordre d\u2019avoir lanc\u00e9 une grenade de gaz lacrymog\u00e8ne en direction du restaurant apr\u00e8s une charge polici\u00e8re.<\/p>\n<p>Une enqu\u00eate ouverte<\/p>\n<p class=\"mb-4 text-lg md:leading-8 break-words\">Une enqu\u00eate a \u00e9t\u00e9 ouverte \u00ab\u00a0afin de d\u00e9terminer dans quelles circonstances le feu a pris\u00a0\u00bb, a annonc\u00e9 la procureure de Paris Laure Beccuau, lors d\u2019un point presse aux alentours de 17h30. \u00ab\u00a0Il pourrait s\u2019agir d\u2019un d\u00e9part de feu involontaire li\u00e9 \u00e0 l\u2019intervention des forces de l\u2019ordre\u00a0\u00bb, a-t-elle ajout\u00e9.<\/p>\n<p class=\"mb-4 text-lg md:leading-8 break-words\">L\u2019\u00e9v\u00e8nement commence \u00e0 faire r\u00e9agir la sph\u00e8re politique notamment. \u00ab\u00a0Je condamne fermement les violences et d\u00e9gradations survenues dans le quartier des Halles\u00a0\u00bb, a par exemple \u00e9crit le d\u00e9put\u00e9 Renaissance Sylvain Maillard sur X. \u00ab\u00a0Les Parisiens en ont assez de subir les m\u00e9faits des casseurs et des black blocs qui ne viennent pas manifester mais bordeliser\u00a0\u00bb, a-t-il ajout\u00e9.<\/p>\n<p class=\"mb-4 text-lg md:leading-8 break-words\">Le quartier de ch\u00e2telet concentre une grande partie des manifestants parisiens ce mercredi 10\u00a0septembre. Situ\u00e9 dans cette zone, le centre commercial du Forum des Halles, l\u2019un des plus importants d\u2019Europe, a ferm\u00e9 ses portes mercredi apr\u00e8s-midi.<\/p>\n<p class=\"mb-4 text-lg md:leading-8 break-words\">Les stations de m\u00e9tro et de RER Ch\u00e2telet-les-Halles \u00e9taient aussi inaccessibles mercredi apr\u00e8s-midi. La SNCF indique sur son compte X que la gare de Ch\u00e2telet-les-Halles n\u2019est plus desservie dans les deux sens en raison de \u00ab\u00a0mesures de s\u00e9curit\u00e9 demand\u00e9es par la pr\u00e9fecture de police\u00a0\u00bb. Aucune correspondance n\u2019est assur\u00e9e dans cette gare, une des plus fr\u00e9quent\u00e9es d\u2019\u00cele-de-France.<\/p>\n<p class=\"mb-4 text-lg md:leading-8 break-words\">La pr\u00e9fecture de police a indiqu\u00e9 avoir recommand\u00e9 mardi aux commer\u00e7ants des Halles de renforcer leurs mesures de s\u00e9curit\u00e9 et leur a conseill\u00e9 de fermer les boutiques apr\u00e8s des appels aux pillages circulant sur les r\u00e9seaux sociaux. Certains restaurants et caf\u00e9s sont tout de m\u00eame rest\u00e9s ouverts.<\/p>\n<p class=\"mb-4 text-lg md:leading-8 break-words\">La procureure de Paris a fait savoir que 199\u00a0interpellations ont eu lieu au sein la capitale, dont 99\u00a0qui ont entra\u00een\u00e9 des gardes \u00e0 vue.<\/p>\n<p class=\"mb-4 text-lg md:leading-8 break-words\"><a href=\"https:\/\/fr.news.yahoo.com\/bloquons-10-septembre-dizaines-d-071215823.html\" data-ylk=\"slk:\u00ab\u00a0Bloquons tout\u00a0\u00bb le 10\u00a0septembre\u00a0: ce que les centaines d\u2019interpellations matinales disent de la strat\u00e9gie polici\u00e8re;elm:context_link;itc:0;sec:content-canvas;outcm:mb_qualified_link;_E:mb_qualified_link;ct:story;\" class=\"link  yahoo-link\" target=\"_blank\" rel=\"noopener\"> \u00ab\u00a0Bloquons tout\u00a0\u00bb le 10\u00a0septembre\u00a0: ce que les centaines d\u2019interpellations matinales disent de la strat\u00e9gie polici\u00e8re <\/a><\/p>\n<p class=\"mb-4 text-lg md:leading-8 break-words\"><a href=\"https:\/\/fr.news.yahoo.com\/bloquons-10-septembre-%C3%A0-chamb%C3%A9ry-130904670.html\" data-ylk=\"slk:\u00ab\u00a0Bloquons tous\u00a0\u00bb le 10\u00a0septembre\u00a0: \u00c0 Chamb\u00e9ry, des cyclistes ont trouv\u00e9 une habile fa\u00e7on de manifester;elm:context_link;itc:0;sec:content-canvas;outcm:mb_qualified_link;_E:mb_qualified_link;ct:story;\" class=\"link  yahoo-link\" target=\"_blank\" rel=\"noopener\"> \u00ab\u00a0Bloquons tous\u00a0\u00bb le 10\u00a0septembre\u00a0: \u00c0 Chamb\u00e9ry, des cyclistes ont trouv\u00e9 une habile fa\u00e7on de manifester <\/a><\/p>\n","protected":false},"excerpt":{"rendered":"MOBILISATION &#8211; Des flammes de plusieurs m\u00e8tres de haut. La fa\u00e7ade d\u2019un immeuble situ\u00e9 dans le centre de&hellip;\n","protected":false},"author":2,"featured_media":381770,"comment_status":"","ping_status":"","sticky":false,"template":"","format":"standard","meta":{"footnotes":""},"categories":[1888],"tags":[1111,1928,11,1927,1777,674,3160,49951,1011,27,5480,51489,12,1926,626,1925,51405,51490,25,395],"class_list":{"0":"post-381769","1":"post","2":"type-post","3":"status-publish","4":"format-standard","5":"has-post-thumbnail","7":"category-paris","8":"tag-actu","9":"tag-actu-paris","10":"tag-actualites","11":"tag-actualites-paris","12":"tag-eu","13":"tag-europe","14":"tag-forces-de-lordre","15":"tag-forum-des-halles","16":"tag-fr","17":"tag-france","18":"tag-immeuble","19":"tag-le-quartier-des-halles","20":"tag-news","21":"tag-news-paris","22":"tag-paris","23":"tag-paris-news","24":"tag-place-du-chatelet","25":"tag-quartier-des-halles","26":"tag-republique-francaise","27":"tag-septembre"},"share_on_mastodon":{"url":"https:\/\/pubeurope.com\/@fr\/115183504924953648","error":""},"_links":{"self":[{"href":"https:\/\/www.europesays.com\/fr\/wp-json\/wp\/v2\/posts\/381769","targetHints":{"allow":["GET"]}}],"collection":[{"href":"https:\/\/www.europesays.com\/fr\/wp-json\/wp\/v2\/posts"}],"about":[{"href":"https:\/\/www.europesays.com\/fr\/wp-json\/wp\/v2\/types\/post"}],"author":[{"embeddable":true,"href":"https:\/\/www.europesays.com\/fr\/wp-json\/wp\/v2\/users\/2"}],"replies":[{"embeddable":true,"href":"https:\/\/www.europesays.com\/fr\/wp-json\/wp\/v2\/comments?post=381769"}],"version-history":[{"count":0,"href":"https:\/\/www.europesays.com\/fr\/wp-json\/wp\/v2\/posts\/381769\/revisions"}],"wp:featuredmedia":[{"embeddable":true,"href":"https:\/\/www.europesays.com\/fr\/wp-json\/wp\/v2\/media\/381770"}],"wp:attachment":[{"href":"https:\/\/www.europesays.com\/fr\/wp-json\/wp\/v2\/media?parent=381769"}],"wp:term":[{"taxonomy":"category","embeddable":true,"href":"https:\/\/www.europesays.com\/fr\/wp-json\/wp\/v2\/categories?post=381769"},{"taxonomy":"post_tag","embeddable":true,"href":"https:\/\/www.europesays.com\/fr\/wp-json\/wp\/v2\/tags?post=381769"}],"curies":[{"name":"wp","href":"https:\/\/api.w.org\/{rel}","templated":true}]}}