{"id":381771,"date":"2025-09-11T03:19:17","date_gmt":"2025-09-11T03:19:17","guid":{"rendered":"https:\/\/www.europesays.com\/fr\/381771\/"},"modified":"2025-09-11T03:19:17","modified_gmt":"2025-09-11T03:19:17","slug":"a-paris-les-themes-de-gauche-simposent-dans-le-mouvement-bloquons-tout","status":"publish","type":"post","link":"https:\/\/www.europesays.com\/fr\/381771\/","title":{"rendered":"\u00e0 Paris, les th\u00e8mes de gauche s\u2019imposent dans le mouvement \u00ab\u00a0Bloquons tout\u00a0\u00bb"},"content":{"rendered":"<p>De notre envoy\u00e9 sp\u00e9cial \u00e0 Paris<\/p>\n<p>N\u00e9 sur les r\u00e9seaux sociaux apr\u00e8s que Fran\u00e7ois Bayrou a indiqu\u00e9 son plan d\u2019\u00e9conomies, <a target=\"_blank\" href=\"https:\/\/www.lanouvellerepublique.fr\/a-la-une\/direct-bloquons-tout-des-tentatives-de-blocages-dejouees-a-bordeaux-et-paris-de-nombreuses-actions-partout-en-france-1757481832\" rel=\"nofollow noopener\">le mouvement \u00ab\u00a0Bloquons tout\u00a0\u00bb<\/a>, n\u00e9buleux dans les revendications et les modes d\u2019action, a rapidement \u00e9t\u00e9 poreux aux revendications des syndicats, des partis et sympathisants de gauche. Paris en a fait la d\u00e9monstration, d\u00e8s le petit matin du mercredi 10\u00a0septembre 2025.<\/p>\n<p>Les boucles Telegram, au sein desquelles les sympathisants et futurs manifestants s\u2019organisent, chauffent depuis plusieurs jours. Peu avant 7\u00a0h, des sir\u00e8nes retentissent dans l\u2019Est parisien. Quelques blocages de portes, au niveau du p\u00e9riph\u00e9rique, sont recens\u00e9s. Rapidement, la police s\u2019y rend, met fin aux barrages, usant parfois de la force. Quelques lyc\u00e9es sont bloqu\u00e9s.<\/p>\n<p><img alt=\"Rue du Faubourg-Saint-Denis, \u00e0 Paris, mercredi 10 septembre.\" loading=\"lazy\" width=\"980\" height=\"573\" decoding=\"async\" data-nimg=\"1\" class=\"img-responsive spinner-show\" style=\"color:transparent;background-size:cover;background-position:50% 50%;background-repeat:no-repeat;background-image:url(&quot;data:image\/svg+xml;charset=utf-8,%3Csvg xmlns=\" http:=\"\" viewbox=\"0 0 980 573\" id=\"b\" color-interpolation-filters=\"sRGB\" stddeviation=\"20\" values=\"1 0 0 0 0 0 1 0 0 0 0 0 1 0 0 0 0 0 100 -1\" result=\"s\" x=\"0\" y=\"0\" operator=\"out\" in=\"s\" in2=\"SourceGraphic\" preserveaspectratio=\"none\" href=\"https:\/\/images.lanouvellerepublique.fr\/image\/upload\/t_88w\/f_auto\/68c1bfe19c7859dd0d8b458f.jpg\"   src=\"https:\/\/www.europesays.com\/fr\/wp-content\/uploads\/2025\/09\/68c1bfe19c7859dd0d8b458f.jpg\"\/><\/p>\n<p style=\"background-color:#F2F2F2;padding:5px;margin-top:0px;margin-bottom:10px\">Rue du Faubourg-Saint-Denis, \u00e0 Paris, mercredi 10 septembre.<br \/> \u00a9 (Photo NR, L\u00e9o Humbert)<\/p>\n<p>D\u00e9\u00e7us de la politique<\/p>\n<p>Sur le parvis de la gare du Nord, peu apr\u00e8s 10\u00a0h, quelques CRS et de petits groupes de personnes sont rassembl\u00e9s. Parmi eux, il y a L\u00e9a, Antonio et Esteban, trois \u00e9tudiants \u00e2g\u00e9s d\u2019une vingtaine d\u2019ann\u00e9es, non originaires de la r\u00e9gion parisienne. \u00ab\u00a0Cela fait quelque temps que l\u2019on s\u2019int\u00e9resse \u00e0 la politique et qu\u2019elle nous d\u00e9\u00e7oit. Entre le budget, les mensonges, les r\u00e9sultats des \u00e9lections qui ne sont pas pris en compte\u2026, \u00e9num\u00e8rent-ils. On s\u2019inqui\u00e8te aussi de la normalisation des discours d\u2019extr\u00eame droite, des atteintes \u00e0 la libert\u00e9 de la presse\u00a0\u00bb. Soudainement, plusieurs centaines de personnes, la plupart v\u00eatues de noir et masqu\u00e9es, investissent les lieux. Les classiques slogans anti-flics et anti-Macron sont entonn\u00e9s.<\/p>\n<p><img alt=\"Des CRS \u00e0 Paris, mercredi 10 septembre.\" loading=\"lazy\" width=\"980\" height=\"573\" decoding=\"async\" data-nimg=\"1\" class=\"img-responsive spinner-show\" style=\"color:transparent;background-size:cover;background-position:50% 50%;background-repeat:no-repeat;background-image:url(&quot;data:image\/svg+xml;charset=utf-8,%3Csvg xmlns=\" http:=\"\" viewbox=\"0 0 980 573\" id=\"b\" color-interpolation-filters=\"sRGB\" stddeviation=\"20\" values=\"1 0 0 0 0 0 1 0 0 0 0 0 1 0 0 0 0 0 100 -1\" result=\"s\" x=\"0\" y=\"0\" operator=\"out\" in=\"s\" in2=\"SourceGraphic\" preserveaspectratio=\"none\" href=\"https:\/\/images.lanouvellerepublique.fr\/image\/upload\/t_88w\/f_auto\/68c1bfe003d9b30f6e8b45ac.jpg\"   src=\"https:\/\/www.europesays.com\/fr\/wp-content\/uploads\/2025\/09\/68c1bfe003d9b30f6e8b45ac.jpg\"\/><\/p>\n<p style=\"background-color:#F2F2F2;padding:5px;margin-top:0px;margin-bottom:10px\">Des CRS \u00e0 Paris, mercredi 10 septembre.<br \/> \u00a9 (Photo NR, L\u00e9o Humbert)<\/p>\n<p>Les CRS, plus nombreux, s\u2019interposent devant les acc\u00e8s \u00e0 la gare, o\u00f9 une assembl\u00e9e g\u00e9n\u00e9rale organis\u00e9e par les cheminots doit se tenir. Premi\u00e8re utilisation des gaz lacrymog\u00e8nes, les flacons de s\u00e9rum physiologiques sont de sortie&#8230;. <\/p>\n<p>    Cet article a \u00e9t\u00e9 tronqu\u00e9. Abonnez-vous pour lire l&rsquo;article complet sur notre site.<\/p>\n<p style=\"margin: 0 !important; padding: 0 !important; font-size: 12px !important;\">Cet article a \u00e9t\u00e9 tronqu\u00e9. Abonnez-vous pour lire l&rsquo;article complet.<\/p>\n<p>    <a href=\"https:\/\/www.lanouvellerepublique.fr\/abonnements\" style=\"display: inline-block; margin-top: 5px !important; padding: 6px 12px !important; background: #cb1c27; color: white; text-decoration: none; border-radius: 4px; font-size: 12px !important;\" rel=\"nofollow noopener\" target=\"_blank\"><br \/>\n      S&rsquo;abonner<br \/>\n    <\/a><\/p>\n","protected":false},"excerpt":{"rendered":"De notre envoy\u00e9 sp\u00e9cial \u00e0 Paris N\u00e9 sur les r\u00e9seaux sociaux apr\u00e8s que Fran\u00e7ois Bayrou a indiqu\u00e9 son&hellip;\n","protected":false},"author":2,"featured_media":381772,"comment_status":"","ping_status":"","sticky":false,"template":"","format":"standard","meta":{"footnotes":""},"categories":[1888],"tags":[328,11,1777,674,1011,27,329,12,626,316,25,801],"class_list":{"0":"post-381771","1":"post","2":"type-post","3":"status-publish","4":"format-standard","5":"has-post-thumbnail","7":"category-paris","8":"tag-a-la-une","9":"tag-actualites","10":"tag-eu","11":"tag-europe","12":"tag-fr","13":"tag-france","14":"tag-france-monde","15":"tag-news","16":"tag-paris","17":"tag-politique","18":"tag-republique-francaise","19":"tag-social"},"share_on_mastodon":{"url":"https:\/\/pubeurope.com\/@fr\/115183509105516745","error":""},"_links":{"self":[{"href":"https:\/\/www.europesays.com\/fr\/wp-json\/wp\/v2\/posts\/381771","targetHints":{"allow":["GET"]}}],"collection":[{"href":"https:\/\/www.europesays.com\/fr\/wp-json\/wp\/v2\/posts"}],"about":[{"href":"https:\/\/www.europesays.com\/fr\/wp-json\/wp\/v2\/types\/post"}],"author":[{"embeddable":true,"href":"https:\/\/www.europesays.com\/fr\/wp-json\/wp\/v2\/users\/2"}],"replies":[{"embeddable":true,"href":"https:\/\/www.europesays.com\/fr\/wp-json\/wp\/v2\/comments?post=381771"}],"version-history":[{"count":0,"href":"https:\/\/www.europesays.com\/fr\/wp-json\/wp\/v2\/posts\/381771\/revisions"}],"wp:featuredmedia":[{"embeddable":true,"href":"https:\/\/www.europesays.com\/fr\/wp-json\/wp\/v2\/media\/381772"}],"wp:attachment":[{"href":"https:\/\/www.europesays.com\/fr\/wp-json\/wp\/v2\/media?parent=381771"}],"wp:term":[{"taxonomy":"category","embeddable":true,"href":"https:\/\/www.europesays.com\/fr\/wp-json\/wp\/v2\/categories?post=381771"},{"taxonomy":"post_tag","embeddable":true,"href":"https:\/\/www.europesays.com\/fr\/wp-json\/wp\/v2\/tags?post=381771"}],"curies":[{"name":"wp","href":"https:\/\/api.w.org\/{rel}","templated":true}]}}