{"id":381781,"date":"2025-09-11T03:24:18","date_gmt":"2025-09-11T03:24:18","guid":{"rendered":"https:\/\/www.europesays.com\/fr\/381781\/"},"modified":"2025-09-11T03:24:18","modified_gmt":"2025-09-11T03:24:18","slug":"un-vice-premier-ministre-chinois-rencontre-le-secretaire-detat-britannique-aux-affaires-et-au-commerce-xinhua","status":"publish","type":"post","link":"https:\/\/www.europesays.com\/fr\/381781\/","title":{"rendered":"Un vice-Premier ministre chinois rencontre le secr\u00e9taire d&rsquo;Etat britannique aux Affaires et au Commerce &#8211; Xinhua"},"content":{"rendered":"<p><img decoding=\"async\" id=\"DYtKeFa7SNzcm3RPWo\" style=\" display: block; margin-left: auto; margin-right: auto;\" src=\"https:\/\/www.europesays.com\/fr\/wp-content\/uploads\/2025\/09\/mtIvIIlRtJJbuAbY.jpg\"\/><\/p>\n<p style=\"text-align: center;\">(Xinhua\/Liu Weibing)<\/p>\n<p>BEIJING, 10 septembre (Xinhua) &#8212; Le vice-Premier ministre chinois He Lifeng a rencontr\u00e9 mercredi \u00e0 Beijing Peter Kyle, secr\u00e9taire d&rsquo;Etat britannique aux Affaires et au Commerce.<\/p>\n<p>M. He, qui est \u00e9galement membre du Bureau politique du Comit\u00e9 central du Parti communiste chinois, a d\u00e9clar\u00e9 que la Chine travaillerait avec le Royaume-Uni pour mettre en \u0153uvre l&rsquo;important consensus atteint par le pr\u00e9sident chinois et le Premier ministre britannique.<\/p>\n<p>Il a soulign\u00e9 que la Chine favoriserait le d\u00e9veloppement durable, stable et sain de la coop\u00e9ration \u00e9conomique et commerciale entre les deux pays, garantissant ainsi le d\u00e9veloppement stable et \u00e0 long terme des relations bilat\u00e9rales.<\/p>\n<p>La Chine reste engag\u00e9e dans une ouverture de haut niveau et encourage les entreprises britanniques \u00e0 maintenir leur confiance dans les investissements en Chine, \u00e0 poursuivre l&rsquo;expansion de leurs activit\u00e9s sur le march\u00e9 chinois et \u00e0 partager les avantages du march\u00e9 gigantesque de la Chine, a-t-il not\u00e9.<\/p>\n<p>M. Kyle a d\u00e9clar\u00e9 que le Royaume-Uni accordait une grande importance \u00e0 la coop\u00e9ration \u00e9conomique et commerciale avec la Chine. Le Royaume-Uni est dispos\u00e9 \u00e0 approfondir les relations commerciales et d&rsquo;investissement entre les deux pays, a-t-il ajout\u00e9. Fin<\/p>\n<p style=\"text-align: center;\"><img decoding=\"async\" id=\"cP1BRyoAPT6NRdCs6T\" style=\"\" src=\"https:\/\/www.europesays.com\/fr\/wp-content\/uploads\/2025\/09\/BT5TAl19QcaMqXRt.jpeg\"\/><\/p>\n<p style=\"text-align: center;\">(Xinhua\/Liu Weibing)<\/p>\n","protected":false},"excerpt":{"rendered":"(Xinhua\/Liu Weibing) BEIJING, 10 septembre (Xinhua) &#8212; Le vice-Premier ministre chinois He Lifeng a rencontr\u00e9 mercredi \u00e0 Beijing&hellip;\n","protected":false},"author":2,"featured_media":381782,"comment_status":"","ping_status":"","sticky":false,"template":"","format":"standard","meta":{"footnotes":""},"categories":[1588],"tags":[11,309,1777,674,12,5486,473,1853,1851,1850,1852],"class_list":{"0":"post-381781","1":"post","2":"type-post","3":"status-publish","4":"format-standard","5":"has-post-thumbnail","7":"category-royaume-uni","8":"tag-actualites","9":"tag-chine","10":"tag-eu","11":"tag-europe","12":"tag-news","13":"tag-rencontre","14":"tag-royaume-uni","15":"tag-royaume-uni-de-grande-bretagne-et-dirlande-du-nord","16":"tag-uk","17":"tag-united-kingdom","18":"tag-united-kingdom-of-great-britain-and-northern-ireland"},"share_on_mastodon":{"url":"https:\/\/pubeurope.com\/@fr\/115183528546547850","error":""},"_links":{"self":[{"href":"https:\/\/www.europesays.com\/fr\/wp-json\/wp\/v2\/posts\/381781","targetHints":{"allow":["GET"]}}],"collection":[{"href":"https:\/\/www.europesays.com\/fr\/wp-json\/wp\/v2\/posts"}],"about":[{"href":"https:\/\/www.europesays.com\/fr\/wp-json\/wp\/v2\/types\/post"}],"author":[{"embeddable":true,"href":"https:\/\/www.europesays.com\/fr\/wp-json\/wp\/v2\/users\/2"}],"replies":[{"embeddable":true,"href":"https:\/\/www.europesays.com\/fr\/wp-json\/wp\/v2\/comments?post=381781"}],"version-history":[{"count":0,"href":"https:\/\/www.europesays.com\/fr\/wp-json\/wp\/v2\/posts\/381781\/revisions"}],"wp:featuredmedia":[{"embeddable":true,"href":"https:\/\/www.europesays.com\/fr\/wp-json\/wp\/v2\/media\/381782"}],"wp:attachment":[{"href":"https:\/\/www.europesays.com\/fr\/wp-json\/wp\/v2\/media?parent=381781"}],"wp:term":[{"taxonomy":"category","embeddable":true,"href":"https:\/\/www.europesays.com\/fr\/wp-json\/wp\/v2\/categories?post=381781"},{"taxonomy":"post_tag","embeddable":true,"href":"https:\/\/www.europesays.com\/fr\/wp-json\/wp\/v2\/tags?post=381781"}],"curies":[{"name":"wp","href":"https:\/\/api.w.org\/{rel}","templated":true}]}}