{"id":381783,"date":"2025-09-11T03:25:18","date_gmt":"2025-09-11T03:25:18","guid":{"rendered":"https:\/\/www.europesays.com\/fr\/381783\/"},"modified":"2025-09-11T03:25:18","modified_gmt":"2025-09-11T03:25:18","slug":"lallemagne-ecarte-la-slovenie-de-doncic","status":"publish","type":"post","link":"https:\/\/www.europesays.com\/fr\/381783\/","title":{"rendered":"l\u2019Allemagne \u00e9carte la Slov\u00e9nie de Doncic"},"content":{"rendered":"<p>Les champions du monde allemands ont \u00e9limin\u00e9 les Slov\u00e8nes (99-91) ce mercredi, \u00e0 Riga. Ils affronteront en demi-finale la Finlande, tombeuse de la G\u00e9orgie.<\/p>\n<p class=\"fig-paragraph\">Men\u00e9s pendant trois quart-temps, les champions du monde allemands ont renvers\u00e9 la Slov\u00e9nie de la star NBA Luka Doncic (99-91) pour rejoindre les demi-finales de\u00a0l&rsquo;Euro de basket, mercredi \u00e0 Riga. Les Allemands affronteront vendredi pour une place en finale<a href=\"http:\/\/www.lefigaro.fr\/sports\/basket\/eurobasket-bourreaux-de-la-france-les-georgiens-s-inclinent-face-a-la-finlande-en-quarts-20250910\" data-fig-type=\"NewsFlash\" data-gtm-custom-categorie=\"navigation\" data-gtm-custom-action=\"crossclick\" data-gtm-custom-label=\"Contextuel\" data-gtm-event=\"customEventSPE\" data-fig-domain=\"LEFIGARO\" target=\"_blank\" rel=\"noopener\">\u00a0la Finlande, tombeuse\u00a0de la G\u00e9orgie\u00a0(93-79)<\/a>\u00a0un peu plus t\u00f4t et qui atteint le dernier carr\u00e9 pour la premi\u00e8re fois de son histoire. L&rsquo;autre demi-finale mettra aux prises la Turquie et la Gr\u00e8ce.<\/p>\n<p class=\"fig-paragraph\">Mercredi soir dans la capitale lettone, les champions du monde allemands, invaincus dans cet Euro et m\u00e9daill\u00e9s de bronze lors de la pr\u00e9c\u00e9dente \u00e9dition en 2022, ont \u00e9t\u00e9 men\u00e9s depuis la 4e minute, accusant un retard de onze points \u00e0 la fin du premier quart-temps. Malgr\u00e9 un Luka Doncic fid\u00e8le \u00e0 ses standards habituels (39 points, 34 en moyenne depuis le d\u00e9but de l&rsquo;Euro), les Allemands et leur ma\u00eetre \u00e0 jouer Dennis Schr\u00f6der ont r\u00e9ussi \u00e0 recoller au score d\u00e8s le d\u00e9but du dernier quart-temps, relanc\u00e9s compl\u00e8tement par un panier du milieu de terrain de Tristan Da Silva au buzzer du troisi\u00e8me quart-temps.<\/p>\n","protected":false},"excerpt":{"rendered":"Les champions du monde allemands ont \u00e9limin\u00e9 les Slov\u00e8nes (99-91) ce mercredi, \u00e0 Riga. Ils affronteront en demi-finale&hellip;\n","protected":false},"author":2,"featured_media":381784,"comment_status":"","ping_status":"","sticky":false,"template":"","format":"standard","meta":{"footnotes":""},"categories":[1587],"tags":[11,672,1804,1805,1803,1777,34720,674,1801,51491,12,1802],"class_list":{"0":"post-381783","1":"post","2":"type-post","3":"status-publish","4":"format-standard","5":"has-post-thumbnail","7":"category-allemagne","8":"tag-actualites","9":"tag-allemagne","10":"tag-bundesrepublik-deutschland","11":"tag-de","12":"tag-deutschland","13":"tag-eu","14":"tag-eurobasket","15":"tag-europe","16":"tag-germany","17":"tag-luka-doncic","18":"tag-news","19":"tag-republique-federale-dallemagne"},"share_on_mastodon":{"url":"https:\/\/pubeurope.com\/@fr\/115183532439721967","error":""},"_links":{"self":[{"href":"https:\/\/www.europesays.com\/fr\/wp-json\/wp\/v2\/posts\/381783","targetHints":{"allow":["GET"]}}],"collection":[{"href":"https:\/\/www.europesays.com\/fr\/wp-json\/wp\/v2\/posts"}],"about":[{"href":"https:\/\/www.europesays.com\/fr\/wp-json\/wp\/v2\/types\/post"}],"author":[{"embeddable":true,"href":"https:\/\/www.europesays.com\/fr\/wp-json\/wp\/v2\/users\/2"}],"replies":[{"embeddable":true,"href":"https:\/\/www.europesays.com\/fr\/wp-json\/wp\/v2\/comments?post=381783"}],"version-history":[{"count":0,"href":"https:\/\/www.europesays.com\/fr\/wp-json\/wp\/v2\/posts\/381783\/revisions"}],"wp:featuredmedia":[{"embeddable":true,"href":"https:\/\/www.europesays.com\/fr\/wp-json\/wp\/v2\/media\/381784"}],"wp:attachment":[{"href":"https:\/\/www.europesays.com\/fr\/wp-json\/wp\/v2\/media?parent=381783"}],"wp:term":[{"taxonomy":"category","embeddable":true,"href":"https:\/\/www.europesays.com\/fr\/wp-json\/wp\/v2\/categories?post=381783"},{"taxonomy":"post_tag","embeddable":true,"href":"https:\/\/www.europesays.com\/fr\/wp-json\/wp\/v2\/tags?post=381783"}],"curies":[{"name":"wp","href":"https:\/\/api.w.org\/{rel}","templated":true}]}}