{"id":381785,"date":"2025-09-11T03:26:11","date_gmt":"2025-09-11T03:26:11","guid":{"rendered":"https:\/\/www.europesays.com\/fr\/381785\/"},"modified":"2025-09-11T03:26:11","modified_gmt":"2025-09-11T03:26:11","slug":"bruxelles-devoile-la-premiere-repartition-de-safe-son-plan-de-financement-de-150-milliards","status":"publish","type":"post","link":"https:\/\/www.europesays.com\/fr\/381785\/","title":{"rendered":"Bruxelles d\u00e9voile la premi\u00e8re r\u00e9partition de Safe, son plan de financement de 150 milliards"},"content":{"rendered":"<p>&#13;<br \/>\n\tLa Commission europ\u00e9enne a pr\u00e9sent\u00e9, le 9 septembre 2025, la premi\u00e8re esquisse de la r\u00e9partition des pr\u00eats de son nouveau plan Safe (Security Action for Europe). <a href=\"https:\/\/www.usinenouvelle.com\/editorial\/feu-vert-des-vingt-sept-pour-des-investissements-massifs-dans-la-defense-europeenne.N2228546\" target=\"_blank\" rel=\"nofollow noopener\">Annonc\u00e9 en mars<\/a> 2025 et <a href=\"https:\/\/www.usinenouvelle.com\/article\/les-vingt-sept-approuvent-un-programme-d-armement-de-150-milliards-d-euros.N2232651\" target=\"_blank\" rel=\"nofollow noopener\">valid\u00e9 par le Conseil en mai<\/a>, ce programme de 150 milliards d\u2019euros constitue l\u2019outil financier phare de la strat\u00e9gie destin\u00e9e \u00e0 acc\u00e9l\u00e9rer le r\u00e9armement du continent. SAFE doit permettre aux \u00c9tats membres de l\u2019Union europ\u00e9enne de financer leurs achats de d\u00e9fense au moyen de pr\u00eats \u00e0 long terme, \u00e0 faible co\u00fbt, assortis d\u2019un d\u00e9lai de gr\u00e2ce de dix ans. \u00abIl s\u2019agit d\u2019am\u00e9liorer l\u2019interop\u00e9rabilit\u00e9, de d\u00e9velopper la <a href=\"https:\/\/www.usinenouvelle.com\/article\/l-economie-de-guerre-monte-en-puissance-mais-qui-sont-les-entreprises-de-la-base-industrielle-et-technologique-de-defense.N2230560\" target=\"_blank\" rel=\"nofollow noopener\">base industrielle de d\u00e9fense europ\u00e9enne<\/a> et de renforcer nos capacit\u00e9s de d\u00e9fense collective\u00bb, a soulign\u00e9 Andrius Kubilius, commissaire \u00e0 la D\u00e9fense et \u00e0 l\u2019Espace.<\/p>\n<p>&#13;<br \/>\n\tComment les fonds seront-ils r\u00e9partis ?<\/p>\n<p>&#13;<br \/>\n\t<a href=\"https:\/\/www.usinenouvelle.com\/article\/armement-dix-huit-etats-membres-dont-la-france-interesses-par-le-programme-d-achat-en-commun-safe.N2235945\" target=\"_blank\" rel=\"nofollow noopener\">Dix-neuf \u00c9tats membres ont exprim\u00e9 leur int\u00e9r\u00eat pour le programme<\/a>, sollicitant un soutien d\u00e9passant largement l\u2019enveloppe disponible. La Pologne arrive en t\u00eate des b\u00e9n\u00e9ficiaires, avec 43,7 milliards d\u2019euros, devant la Roumanie (16,7 milliards d\u2019euros), la France et la Hongrie (16,2 milliards d\u2019euros chacune) et l\u2019<a title=\"Informations et actualit\u00e9s \u00e9conomiques et industrielles en Italie\" href=\"https:\/\/www.usinenouvelle.com\/italie\/\" rel=\"nofollow noopener\" target=\"\" class=\"lien-contextuel\">Italie<\/a> (14,9 milliards d\u2019euros). Les \u00c9tats membres doivent d\u00e9sormais pr\u00e9parer leurs plans nationaux d\u2019investissement, \u00e0 d\u00e9poser d\u2019ici fin novembre 2025. Ces documents d\u00e9tailleront l\u2019utilisation des fonds, qui devront \u00eatre valid\u00e9s par la Commission et le Conseil europ\u00e9en. Les premiers d\u00e9caissements sont attendus au d\u00e9but de l\u2019ann\u00e9e 2026.<\/p>\n<p>&#13;<br \/>\n\tQuelles conditions pour acc\u00e9der aux pr\u00eats ?<\/p>\n<p>&#13;<br \/>\n\tSAFE finance exclusivement des projets li\u00e9s \u00e0 des capacit\u00e9s de d\u00e9fense consid\u00e9r\u00e9es comme prioritaires. Ils sont r\u00e9partis en deux cat\u00e9gories : la premi\u00e8re concerne les munitions et missiles, artillerie, v\u00e9hicules de combat terrestres et \u00e9quipements de soldat, petits drones et syst\u00e8mes antidrones, cyberd\u00e9fense, mobilit\u00e9 militaire et protection d\u2019infrastructures critiques. La seconde, pour laquelle les crit\u00e8res d\u2019\u00e9ligibilit\u00e9 sont plus stricts, concerne la d\u00e9fense a\u00e9rienne et antimissile, les capacit\u00e9s navales de surface et sous-marines, les drones de moyenne et grande taille, la guerre \u00e9lectronique ou encore l\u2019intelligence artificielle et les syst\u00e8mes spatiaux.<\/p>\n<p>&#13;<br \/>\n\tPar ailleurs, 65% des composants doivent provenir de l\u2019UE, de l\u2019espace \u00e9conomique europ\u00e9en (les 27 ainsi que la Norv\u00e8ge, l\u2019Islande et le Liechtenstein) ou de l\u2019Ukraine. Les projets strat\u00e9giques de cat\u00e9gorie 2 devront en plus garantir que les industriels europ\u00e9ens disposent de la capacit\u00e9 de modifier les \u00e9quipements <a href=\"https:\/\/www.usinenouvelle.com\/article\/plus-de-90-industriels-europeens-de-la-defense-reclament-davantage-de-souverainete-technologique-a-la-commission.N2229070\" target=\"_blank\" rel=\"nofollow noopener\">sans d\u00e9pendance technologique ext\u00e9rieure<\/a>.<\/p>\n<p>&#13;<br \/>\n\tUn instrument au service de l\u2019industrie europ\u00e9enne<\/p>\n<p>&#13;<br \/>\n\tAu-del\u00e0 des aspects financiers, Safe est pens\u00e9 comme un outil de consolidation industrielle. En favorisant des achats conjoints, il vise \u00e0 r\u00e9duire la fragmentation qui caract\u00e9rise encore la d\u00e9fense europ\u00e9enne. Safe associe en outre d\u00e8s le d\u00e9part l\u2019Ukraine et les autres pays partenaires aux march\u00e9s publics communs, ouvrant la porte \u00e0 une coop\u00e9ration plus large. D\u2019autres partenaires (Royaume-Uni, Canada, <a title=\"Toute l&#039;information \u00e9conomique et industrielle sur le Japon\" href=\"https:\/\/www.usinenouvelle.com\/japon\/\" rel=\"nofollow noopener\" target=\"\" class=\"lien-contextuel\">Japon<\/a>, Cor\u00e9e du Sud) pourraient bient\u00f4t \u00eatre int\u00e9gr\u00e9s via des accords bilat\u00e9raux. Mais seuls les \u00c9tats membres de l\u2019UE sont autoris\u00e9s \u00e0 contracter les pr\u00eats Safe.<\/p>\n<p>&#13;<br \/>\n\t\u00abSafe est un succ\u00e8s historique pour l\u2019Union europ\u00e9enne\u00bb, a r\u00e9sum\u00e9 Andrius Kubilius le 9 septembre. \u00abCette somme importante contribuera \u00e0 dissuader nos ennemis et \u00e0 renforcer la d\u00e9fense europ\u00e9enne.\u00bb Reste d\u00e9sormais \u00e0 voir si les \u00c9tats membres sauront d\u00e9passer leurs r\u00e9flexes nationaux pour jouer la carte de la mutualisation.<\/p>\n","protected":false},"excerpt":{"rendered":"&#13; La Commission europ\u00e9enne a pr\u00e9sent\u00e9, le 9 septembre 2025, la premi\u00e8re esquisse de la r\u00e9partition des pr\u00eats&hellip;\n","protected":false},"author":2,"featured_media":381786,"comment_status":"","ping_status":"","sticky":false,"template":"","format":"standard","meta":{"footnotes":""},"categories":[1586],"tags":[11,670,554,1018,1777,674,3531,1011,27,14,12,25],"class_list":{"0":"post-381785","1":"post","2":"type-post","3":"status-publish","4":"format-standard","5":"has-post-thumbnail","7":"category-europe","8":"tag-actualites","9":"tag-aero-spatial","10":"tag-defense","11":"tag-economie-de-guerre","12":"tag-eu","13":"tag-europe","14":"tag-financement","15":"tag-fr","16":"tag-france","17":"tag-international","18":"tag-news","19":"tag-republique-francaise"},"share_on_mastodon":{"url":"https:\/\/pubeurope.com\/@fr\/115183536297868084","error":""},"_links":{"self":[{"href":"https:\/\/www.europesays.com\/fr\/wp-json\/wp\/v2\/posts\/381785","targetHints":{"allow":["GET"]}}],"collection":[{"href":"https:\/\/www.europesays.com\/fr\/wp-json\/wp\/v2\/posts"}],"about":[{"href":"https:\/\/www.europesays.com\/fr\/wp-json\/wp\/v2\/types\/post"}],"author":[{"embeddable":true,"href":"https:\/\/www.europesays.com\/fr\/wp-json\/wp\/v2\/users\/2"}],"replies":[{"embeddable":true,"href":"https:\/\/www.europesays.com\/fr\/wp-json\/wp\/v2\/comments?post=381785"}],"version-history":[{"count":0,"href":"https:\/\/www.europesays.com\/fr\/wp-json\/wp\/v2\/posts\/381785\/revisions"}],"wp:featuredmedia":[{"embeddable":true,"href":"https:\/\/www.europesays.com\/fr\/wp-json\/wp\/v2\/media\/381786"}],"wp:attachment":[{"href":"https:\/\/www.europesays.com\/fr\/wp-json\/wp\/v2\/media?parent=381785"}],"wp:term":[{"taxonomy":"category","embeddable":true,"href":"https:\/\/www.europesays.com\/fr\/wp-json\/wp\/v2\/categories?post=381785"},{"taxonomy":"post_tag","embeddable":true,"href":"https:\/\/www.europesays.com\/fr\/wp-json\/wp\/v2\/tags?post=381785"}],"curies":[{"name":"wp","href":"https:\/\/api.w.org\/{rel}","templated":true}]}}