{"id":381791,"date":"2025-09-11T03:29:18","date_gmt":"2025-09-11T03:29:18","guid":{"rendered":"https:\/\/www.europesays.com\/fr\/381791\/"},"modified":"2025-09-11T03:29:18","modified_gmt":"2025-09-11T03:29:18","slug":"la-vie-des-ex-a-40-ans-il-fenomeno-steve-mandanda-prend-sa-retraite","status":"publish","type":"post","link":"https:\/\/www.europesays.com\/fr\/381791\/","title":{"rendered":"La vie des ex : \u00e0 40 ans, \u00ab\u00a0Il F\u00e9nom\u00e9no\u00a0\u00bb Steve Mandanda prend sa retraite"},"content":{"rendered":"<p>Steve Mandanda aura marqu\u00e9 une g\u00e9n\u00e9ration \u00e0 l&rsquo;OM, si ce n&rsquo;est plusieurs. Arriv\u00e9 en 2007 en pr\u00eat du Havre, son club formateur, le natif de Kinshasa s&rsquo;est impos\u00e9 d\u00e8s son arriv\u00e9e dans les buts olympiens en ne les l\u00e2chant que l&rsquo;espace d&rsquo;un an (2016-2017), pour une courte pige anglaise \u00e0 Crystal Palace, jusqu&rsquo;en 2022 apr\u00e8s que Jorge Sampaoli lui a pr\u00e9f\u00e9r\u00e9 Pau Lopez. Il aura remport\u00e9 le titre de champion de France 2010, 3 coupes de la Ligue (2010, 2011, 2012) et disput\u00e9 une finale de Ligue Europa avec l&rsquo;Olympique. En \u00e9quipe de France, il a \u00e9t\u00e9 barr\u00e9 pendant 15 ans par le taulier Hugo Lloris, mais compte tout de m\u00eame 35 s\u00e9lections et un inoubliable titre de champion du monde 2018.<\/p>\n","protected":false},"excerpt":{"rendered":"Steve Mandanda aura marqu\u00e9 une g\u00e9n\u00e9ration \u00e0 l&rsquo;OM, si ce n&rsquo;est plusieurs. Arriv\u00e9 en 2007 en pr\u00eat du&hellip;\n","protected":false},"author":2,"featured_media":381792,"comment_status":"","ping_status":"","sticky":false,"template":"","format":"standard","meta":{"footnotes":""},"categories":[2],"tags":[17,11,1764,154,51492,1011,27,3707,12,149,25,37111,4717],"class_list":{"0":"post-381791","1":"post","2":"type-post","3":"status-publish","4":"format-standard","5":"has-post-thumbnail","7":"category-actualites","8":"tag-17","9":"tag-actualites","10":"tag-ans","11":"tag-des","12":"tag-fenomeno","13":"tag-fr","14":"tag-france","15":"tag-il","16":"tag-news","17":"tag-om","18":"tag-republique-francaise","19":"tag-steve","20":"tag-vie"},"share_on_mastodon":{"url":"https:\/\/pubeurope.com\/@fr\/115183548074535067","error":""},"_links":{"self":[{"href":"https:\/\/www.europesays.com\/fr\/wp-json\/wp\/v2\/posts\/381791","targetHints":{"allow":["GET"]}}],"collection":[{"href":"https:\/\/www.europesays.com\/fr\/wp-json\/wp\/v2\/posts"}],"about":[{"href":"https:\/\/www.europesays.com\/fr\/wp-json\/wp\/v2\/types\/post"}],"author":[{"embeddable":true,"href":"https:\/\/www.europesays.com\/fr\/wp-json\/wp\/v2\/users\/2"}],"replies":[{"embeddable":true,"href":"https:\/\/www.europesays.com\/fr\/wp-json\/wp\/v2\/comments?post=381791"}],"version-history":[{"count":0,"href":"https:\/\/www.europesays.com\/fr\/wp-json\/wp\/v2\/posts\/381791\/revisions"}],"wp:featuredmedia":[{"embeddable":true,"href":"https:\/\/www.europesays.com\/fr\/wp-json\/wp\/v2\/media\/381792"}],"wp:attachment":[{"href":"https:\/\/www.europesays.com\/fr\/wp-json\/wp\/v2\/media?parent=381791"}],"wp:term":[{"taxonomy":"category","embeddable":true,"href":"https:\/\/www.europesays.com\/fr\/wp-json\/wp\/v2\/categories?post=381791"},{"taxonomy":"post_tag","embeddable":true,"href":"https:\/\/www.europesays.com\/fr\/wp-json\/wp\/v2\/tags?post=381791"}],"curies":[{"name":"wp","href":"https:\/\/api.w.org\/{rel}","templated":true}]}}