{"id":381795,"date":"2025-09-11T03:33:15","date_gmt":"2025-09-11T03:33:15","guid":{"rendered":"https:\/\/www.europesays.com\/fr\/381795\/"},"modified":"2025-09-11T03:33:15","modified_gmt":"2025-09-11T03:33:15","slug":"en-fin-de-contrat-un-grand-talent-se-confie-sur-son-avenir-et-ses-doutes","status":"publish","type":"post","link":"https:\/\/www.europesays.com\/fr\/381795\/","title":{"rendered":"en fin de contrat, un grand talent se confie sur son avenir et ses doutes"},"content":{"rendered":"<p>Il est dans une position d\u00e9licate, que biens des joueurs du Stade Toulousain connaissent. Membre cl\u00e9 de l\u2019effectif rouge et noir, <a href=\"https:\/\/www.quinzemondial.com\/top-14\/stade-toulousain-jen-veux-encore-plus-assure-graou-sur-sa-concurrence-avec-dupont-et-sur-leur-relation-818608\" rel=\"nofollow noopener\" target=\"_blank\">comme Paul Graou,<\/a> Guillaume Cramont est r\u00e9guli\u00e8rement l\u2019un des \u00e9l\u00e9ments les plus utilis\u00e9s par Ugo Mola et son staff. Seulement, quand les matchs de phase finale arrive, le talonneur doit souvent se contenter d\u2019une place en tribunes, alors que les deux meilleurs sp\u00e9cialistes du poste le concurrence en club.<\/p>\n<p>\u00ab\u00a0J\u2019attends de voir comment les choses vont \u00e9voluer\u00a0\u00bb<\/p>\n<p>En profitant de la blessure de Peato Mauvaka en fin de saison derni\u00e8re, Guillaume Cramont a eu l\u2019occasion de montrer tout son talent lors des phases finales du Top 14, participant activement au sacre des Rouge et Noir. N\u00e9anmoins, il arrive en fin de contrat \u00e0 l\u2019issue de la saison et nombreux sont les clubs \u00e0 vouloir attirer le Landais, \u00e0 <a href=\"https:\/\/www.quinzemondial.com\/top-14\/bayonne-a-la-recherche-dun-talonneur-le-club-se-tourne-vers-le-stade-toulousain-818365\" rel=\"nofollow noopener\" target=\"_blank\">commencer par l\u2019Aviron Bayonnais<\/a>. Questionn\u00e9 en conf\u00e9rence de presse sur son avenir, il a laiss\u00e9 planer le doute dans des propos rapport\u00e9s par <a href=\"https:\/\/www.rugbyrama.fr\/2025\/09\/10\/top-14-toulouse-guillaume-cramont-peu-importe-le-numero-il-faut-etre-au-rendez-vous-12920304.php\" rel=\"nofollow noopener\" target=\"_blank\">Rugbyrama<\/a>.<\/p>\n<blockquote>\n<p>\u00ab\u00a0Pour l\u2019instant, je suis encore en discussion avec le club. J\u2019attends de voir comment les choses vont \u00e9voluer. Mon objectif est d\u2019\u00eatre performant et de performer. Si je peux continuer \u00e0 le faire\u00a0ici, tant mieux. Je ne peux pas vous en dire plus pour l\u2019instant.\u00a0\u00bb<\/p>\n<\/blockquote>\n<p>Guillaume Cramont tente de se construire dans l\u2019ombre des deux meilleurs fran\u00e7ais au talon, Peato Mauvaka et Julien Marchand. Chaque saison, l\u2019ancien dacquois se rapproche un peu plus de leur niveau en s\u2019en inspirant.<\/p>\n<blockquote>\n<p>\u00ab\u00a0La concurrence pousse toujours \u00e0 se surpasser, que ce soit pour eux comme pour moi. On a envie d\u2019atteindre leur niveau, de s\u2019en inspirer. Leur pr\u00e9sence en \u00e9quipe de France est une vraie source de motivation pour moi\u00a0\u00bb<\/p>\n<\/blockquote>\n<p>Partagez cette info avec vos amis et vos proches en cliquant ici<br \/>Pour r\u00e9sumer<\/p>\n<p>Un talonneur du Stade Toulousain, en fin de contrat \u00e0 l\u2019issue de la saison, s\u2019est confi\u00e9 sur son avenir en conf\u00e9rence de presse. S\u2019il y a des discussions avec le club, il explique ne pas avoir encore pris de d\u00e9cision.<\/p>\n<p> <img decoding=\"async\" width=\"76\" height=\"76\" loading=\"lazy\" src=\"https:\/\/www.europesays.com\/fr\/wp-content\/uploads\/2025\/04\/avatar-quinze.png\" alt=\"Arnaud D\u00e9chelotte\"\/><\/p>\n","protected":false},"excerpt":{"rendered":"Il est dans une position d\u00e9licate, que biens des joueurs du Stade Toulousain connaissent. Membre cl\u00e9 de l\u2019effectif&hellip;\n","protected":false},"author":2,"featured_media":381796,"comment_status":"","ping_status":"","sticky":false,"template":"","format":"standard","meta":{"footnotes":""},"categories":[1416],"tags":[1011,27,479,1468,60],"class_list":{"0":"post-381795","1":"post","2":"type-post","3":"status-publish","4":"format-standard","5":"has-post-thumbnail","7":"category-rugby","8":"tag-fr","9":"tag-france","10":"tag-rugby","11":"tag-rugby-football","12":"tag-sports"},"share_on_mastodon":{"url":"https:\/\/pubeurope.com\/@fr\/115183564021786436","error":""},"_links":{"self":[{"href":"https:\/\/www.europesays.com\/fr\/wp-json\/wp\/v2\/posts\/381795","targetHints":{"allow":["GET"]}}],"collection":[{"href":"https:\/\/www.europesays.com\/fr\/wp-json\/wp\/v2\/posts"}],"about":[{"href":"https:\/\/www.europesays.com\/fr\/wp-json\/wp\/v2\/types\/post"}],"author":[{"embeddable":true,"href":"https:\/\/www.europesays.com\/fr\/wp-json\/wp\/v2\/users\/2"}],"replies":[{"embeddable":true,"href":"https:\/\/www.europesays.com\/fr\/wp-json\/wp\/v2\/comments?post=381795"}],"version-history":[{"count":0,"href":"https:\/\/www.europesays.com\/fr\/wp-json\/wp\/v2\/posts\/381795\/revisions"}],"wp:featuredmedia":[{"embeddable":true,"href":"https:\/\/www.europesays.com\/fr\/wp-json\/wp\/v2\/media\/381796"}],"wp:attachment":[{"href":"https:\/\/www.europesays.com\/fr\/wp-json\/wp\/v2\/media?parent=381795"}],"wp:term":[{"taxonomy":"category","embeddable":true,"href":"https:\/\/www.europesays.com\/fr\/wp-json\/wp\/v2\/categories?post=381795"},{"taxonomy":"post_tag","embeddable":true,"href":"https:\/\/www.europesays.com\/fr\/wp-json\/wp\/v2\/tags?post=381795"}],"curies":[{"name":"wp","href":"https:\/\/api.w.org\/{rel}","templated":true}]}}