{"id":381799,"date":"2025-09-11T03:36:15","date_gmt":"2025-09-11T03:36:15","guid":{"rendered":"https:\/\/www.europesays.com\/fr\/381799\/"},"modified":"2025-09-11T03:36:15","modified_gmt":"2025-09-11T03:36:15","slug":"le-programme-complet-du-gp-de-saint-marin","status":"publish","type":"post","link":"https:\/\/www.europesays.com\/fr\/381799\/","title":{"rendered":"Le programme complet du GP de Saint-Marin"},"content":{"rendered":"<p>Une semaine apr\u00e8s le GP de Catalogne, le MotoGP\u2122 encha\u00eene avec une visite \u00e0 Misano \u00e0 l&rsquo;occasion du Grand Prix Red Bull de Saint-Marin et de la Riviera de Rimini. D\u00e8s jeudi, rends-toi sur notre site \u00e0 partir 16h pour suivre la conf\u00e9rence de presse du week-end.<\/p>\n<p>Vendredi, les pilotes prennent la piste \u00e0 partir de 8h30 pour la FP1 du MotoE\u2122, suivi du Moto3\u2122 \u00e0 9h00, du Moto2\u2122 \u00e0 9h50 puis du MotoGP\u2122 \u00e0 10h45. Tout ce beau monde sera de retour en piste plus tard dans le m\u00eame ordre pour la Practice, respectivement \u00e0 12h35, 13h15, 14h05 et 15h00. Enfin, les pilotes de la cat\u00e9gorie \u00e9lectrique disputeront les qualifications du week-end \u00e0 partir de 17h05.<\/p>\n<p>\n                        Time Schedule, San Marino GP\n                <\/p>\n<p>\n                    Time Schedule, San Marino GP\n            <\/p>\n<p>Samedi, place \u00e0 la FP2, ultime r\u00e9p\u00e9tition avant les qualifications. Le Moto3\u2122 ouvrira le bal \u00e0 8h40, suivi du Moto2\u2122 \u00e0 9h25, avant que le MotoGP\u2122 n&rsquo;entre en piste \u00e0 10h10. Imm\u00e9diatement apr\u00e8s cette FP2, les acteurs du MotoGP\u2122 disputeront les qualifications du week-end \u00e0 10h50. \u00c0 12h10, le MotoE\u2122 entrera en sc\u00e8ne pour la premi\u00e8re course de la journ\u00e9e. De leur c\u00f4t\u00e9, les pilotes des classes l\u00e9g\u00e8re et interm\u00e9diaire se battront pour la pole respectivement \u00e0 12h45 et 13h40. \u00c0 15h00, le MotoGP\u2122 retrouvera la piste pour 13 tours intenses \u00e0 l&rsquo;occasion de la Tissot Sprint. Enfin, le MotoE\u2122 cl\u00f4turera cette deuxi\u00e8me journ\u00e9e de roulage avec son second affrontement du week-end \u00e0 16h10.<\/p>\n<p>Dimanche, sois pr\u00e9sent \u00e0 partir de 9h40 pour le warm-up MotoGP\u2122. Le Moto3\u2122 s&rsquo;\u00e9lancera \u00e0 11h00 avant la bataille du Moto2\u2122, dont le coup d&rsquo;envoi sera donn\u00e9 \u00e0 12h15. Enfin, l&rsquo;extinction des feux de la tr\u00e8s attendue course MotoGP\u2122 aura lieu \u00e0 14h00. L&rsquo;\u00e9mission After the Flag et la conf\u00e9rence de presse te seront propos\u00e9es dans la foul\u00e9e.<\/p>\n","protected":false},"excerpt":{"rendered":"Une semaine apr\u00e8s le GP de Catalogne, le MotoGP\u2122 encha\u00eene avec une visite \u00e0 Misano \u00e0 l&rsquo;occasion du&hellip;\n","protected":false},"author":2,"featured_media":381800,"comment_status":"","ping_status":"","sticky":false,"template":"","format":"standard","meta":{"footnotes":""},"categories":[1413],"tags":[1011,27,1457,1456,60,2032],"class_list":{"0":"post-381799","1":"post","2":"type-post","3":"status-publish","4":"format-standard","5":"has-post-thumbnail","7":"category-moto","8":"tag-fr","9":"tag-france","10":"tag-moto","11":"tag-motocycle","12":"tag-sports","13":"tag-text"},"share_on_mastodon":{"url":"https:\/\/pubeurope.com\/@fr\/115183575685507695","error":""},"_links":{"self":[{"href":"https:\/\/www.europesays.com\/fr\/wp-json\/wp\/v2\/posts\/381799","targetHints":{"allow":["GET"]}}],"collection":[{"href":"https:\/\/www.europesays.com\/fr\/wp-json\/wp\/v2\/posts"}],"about":[{"href":"https:\/\/www.europesays.com\/fr\/wp-json\/wp\/v2\/types\/post"}],"author":[{"embeddable":true,"href":"https:\/\/www.europesays.com\/fr\/wp-json\/wp\/v2\/users\/2"}],"replies":[{"embeddable":true,"href":"https:\/\/www.europesays.com\/fr\/wp-json\/wp\/v2\/comments?post=381799"}],"version-history":[{"count":0,"href":"https:\/\/www.europesays.com\/fr\/wp-json\/wp\/v2\/posts\/381799\/revisions"}],"wp:featuredmedia":[{"embeddable":true,"href":"https:\/\/www.europesays.com\/fr\/wp-json\/wp\/v2\/media\/381800"}],"wp:attachment":[{"href":"https:\/\/www.europesays.com\/fr\/wp-json\/wp\/v2\/media?parent=381799"}],"wp:term":[{"taxonomy":"category","embeddable":true,"href":"https:\/\/www.europesays.com\/fr\/wp-json\/wp\/v2\/categories?post=381799"},{"taxonomy":"post_tag","embeddable":true,"href":"https:\/\/www.europesays.com\/fr\/wp-json\/wp\/v2\/tags?post=381799"}],"curies":[{"name":"wp","href":"https:\/\/api.w.org\/{rel}","templated":true}]}}