{"id":381803,"date":"2025-09-11T03:38:13","date_gmt":"2025-09-11T03:38:13","guid":{"rendered":"https:\/\/www.europesays.com\/fr\/381803\/"},"modified":"2025-09-11T03:38:13","modified_gmt":"2025-09-11T03:38:13","slug":"cyclisme-coppa-sabatini-la-73e-coppa-sabatini-ce-jeudi-favoris-parcours-et-profil","status":"publish","type":"post","link":"https:\/\/www.europesays.com\/fr\/381803\/","title":{"rendered":"Cyclisme. Coppa Sabatini &#8211; La 73e Coppa Sabatini ce jeudi&#8230; Favoris, parcours et profil"},"content":{"rendered":"<p>Les classiques italiennes s&rsquo;encha\u00eenent. Apr\u00e8s le\u00a0<strong>Tour de Toscane<\/strong>, qui a vu la victoire de &#8230; ce mercredi, la 73e \u00e9dition de la\u00a0<strong>Coppa Sabatini &#8211; Gran Premio citt\u00e0 di Peccioli<\/strong>\u00a0se tiendra ce jeudi 11 septembre. Disput\u00e9e autour de\u00a0Peccioli (197,6 km), l&rsquo;\u00e9preuve transalpine propose un parcours vallonn\u00e9 qui pourrait convenir aux m\u00eames coureurs qu&rsquo;en Toscane. Apr\u00e8s 38 kilom\u00e8tres en ligne, un premier circuit \u00e0 parcourir \u00e0 cinq reprises comprendra les traditionnels courtes mais explosives ascensions du Mur de\u00a0Peccioli (800 m \u00e0 10,4%), de\u00a0Montefoscoli (800 m \u00e0 11,3%)\u00a0et de\u00a0Terricciola (3,7 km \u00e0 3,1%). Il faudra ensuite effectuer le deuxi\u00e8me circuit trois fois, avec son arriv\u00e9e pour puncheur \u00e0\u00a0Peccioli (1,4 km \u00e0 5,6%). Un profil usant qui devrait \u00e0 nouveau consacrer un homme en forme.<\/p>\n<p>Vid\u00e9o &#8211; Marc Hirschi avait remport\u00e9 la Coppa Sabatini 2024 Lire la suite de l&rsquo;article&#13;<br \/>\n&#13;<br \/>\n&#13;<br \/>\nLe profil de l&rsquo;\u00e9dition 2025&#13;<\/p>\n<p><strong>Jeudi 11 septembre<\/strong>\u00a0&#8211; Peccioli &#8211; Peccioli, 197,6\u00a0km (d\u00e9part r\u00e9el \u00e0 11h30, arriv\u00e9e vers 16h20)<\/p>\n<p>&#13;<\/p>\n<p><strong>Un parcours en ligne de 38,4 km + un premier circuit de 24,8 km (5 tours) + un second circuit de 12,3 km (3 tours)<\/strong><\/p>\n<p>&#13;<\/p>\n<p><img decoding=\"async\" src=\"https:\/\/www.europesays.com\/fr\/wp-content\/uploads\/2025\/09\/sabatini.jpg\" style=\"max-width:100%;max-height:100%;\" alt=\"image\" loading=\"lazy\"\/><\/p>\n<p>&#13;<\/p>\n<p>\u00a0<\/p>\n<p>&#13;<br \/>\nLes favoris&#13;<\/p>\n<p style=\"text-align: center;\">\u2b50\u2b50\u2b50\u2b50\u2b50<\/p>\n<p>&#13;<\/p>\n<p style=\"text-align: center;\"><strong>Isaac Del Toro <\/strong>(UAE)<\/p>\n<p>&#13;<\/p>\n<p style=\"text-align: center;\">\u00a0<\/p>\n<p>&#13;<\/p>\n<p style=\"text-align: center;\">\u2b50\u2b50\u2b50\u2b50<\/p>\n<p>&#13;<\/p>\n<p style=\"text-align: center;\"><strong>Jan Christen<\/strong> (UAE), <strong>Richard Carapaz<\/strong> (EF),<strong> Marc Hirschi<\/strong> (Tudor)<\/p>\n<p>&#13;<\/p>\n<p style=\"text-align: center;\">\u00a0<\/p>\n<p>&#13;<\/p>\n<p style=\"text-align: center;\">\u2b50\u2b50\u2b50<\/p>\n<p>&#13;<\/p>\n<p style=\"text-align: center;\"><strong>Louis Barr\u00e9 <\/strong>(Intermarch\u00e9),<strong> Alberto Bettiol <\/strong>(XDS Astana),<strong> Simone Velasco<\/strong> (XDS Astana), <strong>Christian Scaroni<\/strong> (XDS Astana)<\/p>\n<p>&#13;<\/p>\n<p style=\"text-align: center;\">\u00a0<\/p>\n<p>&#13;<\/p>\n<p style=\"text-align: center;\">\u2b50\u2b50<\/p>\n<p>&#13;<\/p>\n<p style=\"text-align: center;\"><strong>Vincenzo Albanese<\/strong> (EF), <strong>Alexandre Delettre<\/strong> (TotalEnergies), <strong>Michael Storer<\/strong> (Tudor),<strong> Diego Ulissi <\/strong>(XDS Astana), <strong>Cl\u00e9ment Champoussin <\/strong>(XDS Astana)<\/p>\n<p>&#13;<\/p>\n<p style=\"text-align: center;\">\u00a0<\/p>\n<p>&#13;<\/p>\n<p style=\"text-align: center;\">\u2b50<\/p>\n<p>&#13;<\/p>\n<p style=\"text-align: center;\"><strong>Jordan Jegat<\/strong> (TotalEnergies), <strong>Mateo Ramirez<\/strong> (UAE),<strong> Rafal Majka<\/strong> (UAE), <strong>Davide Piganzoli<\/strong> (Polti), <strong>Markus Hoelgaard<\/strong> (Uno-X), <strong>Sylvain Moniquet<\/strong> (Cofidis), <strong>Dylan Teuns <\/strong>(Cofidis),<strong> Davide Formolo<\/strong> (Movistar)<\/p>\n<p>&#13;<\/p>\n<p><strong>&#13;<br \/>\nListe de d\u00e9part&#13;<br \/>\n<\/strong><\/p>\n<p>&#13;<br \/>\nA venir&#8230;<\/p>\n","protected":false},"excerpt":{"rendered":"Les classiques italiennes s&rsquo;encha\u00eenent. Apr\u00e8s le\u00a0Tour de Toscane, qui a vu la victoire de &#8230; ce mercredi, la&hellip;\n","protected":false},"author":2,"featured_media":381804,"comment_status":"","ping_status":"","sticky":false,"template":"","format":"standard","meta":{"footnotes":""},"categories":[1411],"tags":[51493,1154,207,211,1011,27,209,60,210,212,208,213],"class_list":{"0":"post-381803","1":"post","2":"type-post","3":"status-publish","4":"format-standard","5":"has-post-thumbnail","7":"category-cyclisme","8":"tag-coppa-sabatini","9":"tag-cycling","10":"tag-cyclisme","11":"tag-ffc","12":"tag-fr","13":"tag-france","14":"tag-route","15":"tag-sports","16":"tag-tour-de-france","17":"tag-uci","18":"tag-velo","19":"tag-world-tour"},"share_on_mastodon":{"url":"https:\/\/pubeurope.com\/@fr\/115183583711166678","error":""},"_links":{"self":[{"href":"https:\/\/www.europesays.com\/fr\/wp-json\/wp\/v2\/posts\/381803","targetHints":{"allow":["GET"]}}],"collection":[{"href":"https:\/\/www.europesays.com\/fr\/wp-json\/wp\/v2\/posts"}],"about":[{"href":"https:\/\/www.europesays.com\/fr\/wp-json\/wp\/v2\/types\/post"}],"author":[{"embeddable":true,"href":"https:\/\/www.europesays.com\/fr\/wp-json\/wp\/v2\/users\/2"}],"replies":[{"embeddable":true,"href":"https:\/\/www.europesays.com\/fr\/wp-json\/wp\/v2\/comments?post=381803"}],"version-history":[{"count":0,"href":"https:\/\/www.europesays.com\/fr\/wp-json\/wp\/v2\/posts\/381803\/revisions"}],"wp:featuredmedia":[{"embeddable":true,"href":"https:\/\/www.europesays.com\/fr\/wp-json\/wp\/v2\/media\/381804"}],"wp:attachment":[{"href":"https:\/\/www.europesays.com\/fr\/wp-json\/wp\/v2\/media?parent=381803"}],"wp:term":[{"taxonomy":"category","embeddable":true,"href":"https:\/\/www.europesays.com\/fr\/wp-json\/wp\/v2\/categories?post=381803"},{"taxonomy":"post_tag","embeddable":true,"href":"https:\/\/www.europesays.com\/fr\/wp-json\/wp\/v2\/tags?post=381803"}],"curies":[{"name":"wp","href":"https:\/\/api.w.org\/{rel}","templated":true}]}}