{"id":381809,"date":"2025-09-11T03:41:16","date_gmt":"2025-09-11T03:41:16","guid":{"rendered":"https:\/\/www.europesays.com\/fr\/381809\/"},"modified":"2025-09-11T03:41:16","modified_gmt":"2025-09-11T03:41:16","slug":"la-maison-dun-architecte-saoudien-sculptee-comme-un-petit-palais-oriental","status":"publish","type":"post","link":"https:\/\/www.europesays.com\/fr\/381809\/","title":{"rendered":"La maison d&rsquo;un architecte saoudien, sculpt\u00e9e comme un petit palais oriental"},"content":{"rendered":"<p>D\u00e8s le seuil franchi, le visiteur est transport\u00e9 dans un univers richement orn\u00e9, o\u00f9 chaque \u00e9l\u00e9ment raconte une histoire. Il faut pousser la large porte en bois sculpt\u00e9 vieille de 300 ans pour entrer dans un univers architectural unique. Vitraux color\u00e9s, arches ornamentales, mosa\u00efques d\u2019origines et <a href=\"https:\/\/www.admagazine.fr\/article\/claudia-schiffer-dessine-motif-deco-rentree\" target=\"_blank\" rel=\"noopener\">c\u00e9ramiques<\/a> finement sculpt\u00e9s\u2026 l\u2019<a href=\"https:\/\/www.admagazine.fr\/article\/hotels-particuliers-parisiens-grandes-femmes-aristocratie\" target=\"_blank\" rel=\"noopener\">h\u00f4tel particulier<\/a> d\u00e9voile des espaces semi-ouverts entourant le patio et la fontaine int\u00e9rieure. Con\u00e7u comme un hommage au patrimoine Hijazi, ce chef d&rsquo;\u0153uvre architectural insuffle un art de vivre oriental \u00e0 tous les \u00e9tages. Chaque \u00e9l\u00e9ment a \u00e9t\u00e9 pens\u00e9 dans une logique de pr\u00e9servation et de transmission. Les plafonds \u00e0 caissons traditionnels cohabitent avec des syst\u00e8mes de ventilation naturelle inspir\u00e9s des anciennes tours \u00e0 vent de la p\u00e9ninsule arabique. La lumi\u00e8re filtre \u00e0 travers les moucharabiehs en bois, cr\u00e9ant des jeux d\u2019ombres po\u00e9tiques qui \u00e9voluent au fil de la journ\u00e9e. Tout ici \u00e9voque la qu\u00eate d\u2019harmonie entre l\u2019homme, la <a href=\"https:\/\/www.admagazine.fr\/article\/jardins-exotiques-france-cevennes\" target=\"_blank\" rel=\"noopener\">nature<\/a> et le divin.<\/p>\n<p>Une oasis de verdure en plein d\u00e9sert<\/p>\n<p>Vue de la piscine en mosa\u00efque aux allures de tapis persan.<\/p>\n<p>\u00a9 Benno Schwinghammer\/picture alliance\/Getty Images<\/p>\n<p>Entourant un magnifique <a href=\"https:\/\/www.admagazine.fr\/article\/5-idees-recreer-jardin-fiancailles-taylor-swift-travis-kelce\" target=\"_blank\" rel=\"noopener\">jardin<\/a> paysager, la propri\u00e9t\u00e9, baign\u00e9e de lumi\u00e8re, est agr\u00e9ment\u00e9e d\u2019une majestueuse <a href=\"https:\/\/www.admagazine.fr\/article\/airbnb-villas-piscine-moins-400-euros\" target=\"_blank\" rel=\"noopener\">piscine<\/a> en mosa\u00efque aux allures de <a href=\"https:\/\/www.admagazine.fr\/article\/tyles-tapis-adopter-sublimer-interieur\" target=\"_blank\" rel=\"noopener\">tapis<\/a> persan. Immerg\u00e9 sous des branchages et feuillages, l\u2019abondante nature cr\u00e9e une atmosph\u00e8re envo\u00fbtante qui connecte l\u2019int\u00e9rieur \u00e0 l\u2019ext\u00e9rieur. Bambous, jasmins, bougainvilliers et palmiers dessinent un \u00e9crin v\u00e9g\u00e9tal au sein duquel les sons de la ville semblent s\u2019\u00e9vanouir. Les diff\u00e9rentes essences plant\u00e9es dans le jardin sont choisies pour leur symbolique et leur r\u00e9silience. Ici, l\u2019arbre devient m\u00e9moire vivante du lieu, et chaque coin du jardin est pens\u00e9 comme un espace de contemplation. Des bancs de pierre finement grav\u00e9s jalonnent les all\u00e9es, invitant au repos et \u00e0 la m\u00e9ditation.<\/p>\n<p>Une philosophie incarn\u00e9e<\/p>\n<p>Au-del\u00e0 de l\u2019esth\u00e9tique, la maison incarne la philosophie de Sami Angawi, ardent d\u00e9fenseur du dialogue inter-culturel et de la sauvegarde du patrimoine <a href=\"https:\/\/www.admagazine.fr\/article\/qatar-mosquee-femmes-architecture\" target=\"_blank\" rel=\"noopener\">islamique<\/a>. Fondateur du Centre Amar pour l\u2019architecture traditionnelle, il milite pour une architecture enracin\u00e9e dans l\u2019identit\u00e9 locale, tout en \u00e9tant ouvert \u00e0 la modernit\u00e9. Sa demeure en est la plus belle illustration : une \u0153uvre vivante, en constante \u00e9volution, o\u00f9 pass\u00e9 et pr\u00e9sent dialoguent sans heurt. Au fil des ann\u00e9es, la demeure d\u2019Angawi est devenue un v\u00e9ritable lieu de p\u00e8lerinage pour les passionn\u00e9s d\u2019architecture, mais aussi un espace de transmission, o\u00f9 se croisent artistes, \u00e9tudiants, chercheurs et voyageurs en qu\u00eate de sens\u2026 Un manifeste spirituel et culturel.<\/p>\n","protected":false},"excerpt":{"rendered":"D\u00e8s le seuil franchi, le visiteur est transport\u00e9 dans un univers richement orn\u00e9, o\u00f9 chaque \u00e9l\u00e9ment raconte une&hellip;\n","protected":false},"author":2,"featured_media":381810,"comment_status":"","ping_status":"","sticky":false,"template":"","format":"standard","meta":{"footnotes":""},"categories":[1358],"tags":[13588,51494,1348,1384,1385,1386,58,59,1011,27],"class_list":{"0":"post-381809","1":"post","2":"type-post","3":"status-publish","4":"format-standard","5":"has-post-thumbnail","7":"category-arts-et-design","8":"tag-architecture-extraordinaire","9":"tag-architecture-sacree","10":"tag-arts","11":"tag-arts-and-design","12":"tag-arts-et-design","13":"tag-design","14":"tag-divertissement","15":"tag-entertainment","16":"tag-fr","17":"tag-france"},"share_on_mastodon":{"url":"https:\/\/pubeurope.com\/@fr\/115183595235981501","error":""},"_links":{"self":[{"href":"https:\/\/www.europesays.com\/fr\/wp-json\/wp\/v2\/posts\/381809","targetHints":{"allow":["GET"]}}],"collection":[{"href":"https:\/\/www.europesays.com\/fr\/wp-json\/wp\/v2\/posts"}],"about":[{"href":"https:\/\/www.europesays.com\/fr\/wp-json\/wp\/v2\/types\/post"}],"author":[{"embeddable":true,"href":"https:\/\/www.europesays.com\/fr\/wp-json\/wp\/v2\/users\/2"}],"replies":[{"embeddable":true,"href":"https:\/\/www.europesays.com\/fr\/wp-json\/wp\/v2\/comments?post=381809"}],"version-history":[{"count":0,"href":"https:\/\/www.europesays.com\/fr\/wp-json\/wp\/v2\/posts\/381809\/revisions"}],"wp:featuredmedia":[{"embeddable":true,"href":"https:\/\/www.europesays.com\/fr\/wp-json\/wp\/v2\/media\/381810"}],"wp:attachment":[{"href":"https:\/\/www.europesays.com\/fr\/wp-json\/wp\/v2\/media?parent=381809"}],"wp:term":[{"taxonomy":"category","embeddable":true,"href":"https:\/\/www.europesays.com\/fr\/wp-json\/wp\/v2\/categories?post=381809"},{"taxonomy":"post_tag","embeddable":true,"href":"https:\/\/www.europesays.com\/fr\/wp-json\/wp\/v2\/tags?post=381809"}],"curies":[{"name":"wp","href":"https:\/\/api.w.org\/{rel}","templated":true}]}}