{"id":381821,"date":"2025-09-11T03:47:12","date_gmt":"2025-09-11T03:47:12","guid":{"rendered":"https:\/\/www.europesays.com\/fr\/381821\/"},"modified":"2025-09-11T03:47:12","modified_gmt":"2025-09-11T03:47:12","slug":"lallemagne-trop-forte-pour-luka-doncic","status":"publish","type":"post","link":"https:\/\/www.europesays.com\/fr\/381821\/","title":{"rendered":"l&rsquo;Allemagne trop forte pour Luka Doncic"},"content":{"rendered":"<p style=\"text-align:justify\"><strong>La puissance des champions du monde en titre contre le g\u00e9nie de Luka Doncic, voil\u00e0 comment on pouvait r\u00e9sumer la rencontre opposant l\u2019Allemagne \u00e0 la Slov\u00e9nie ce mercredi soir. Et \u00e0 ce petit jeu-l\u00e0, c\u2019est la bande de Franz Wagner qui a pris le dessus malgr\u00e9 le nouveau festival de Luka (39 points).<\/strong><\/p>\n<p style=\"text-align:center\"><a target=\"_blank\" rel=\"noopener nofollow\" href=\"https:\/\/www.fiba.basketball\/en\/events\/fiba-eurobasket-2025\/games\/123027-GER-SLO#boxscore\">Les stats de Allemagne \u2013 Slov\u00e9nie<\/a><\/p>\n<p dir=\"ltr\" lang=\"fr\">\ud83c\udde9\ud83c\uddea 99-91 \ud83c\uddf8\ud83c\uddee<\/p>\n<p>4e quart-temps de patron des champions du monde en titre, qui ont renvers\u00e9 la Slov\u00e9nie d\u2019un \u00e9norme Luka Doncic (39 points).<\/p>\n<p>Direction les demi-finales pour l\u2019Allemagne (face \u00e0 la Finlande), retour \u00e0 la maison pour Luka et Cie.<\/p>\n<p>\ud83d\udcf8 <a href=\"https:\/\/twitter.com\/EuroBasket?ref_src=twsrc%5Etfw\" rel=\"nofollow noopener\" target=\"_blank\">@EuroBasket<\/a> <a href=\"https:\/\/t.co\/tuTkcX2IWE\" rel=\"nofollow\">pic.twitter.com\/tuTkcX2IWE<\/a><\/p>\n<p>\u2014 TrashTalk (@TrashTalk_fr) <a href=\"https:\/\/twitter.com\/TrashTalk_fr\/status\/1965871177731289289?ref_src=twsrc%5Etfw\" rel=\"nofollow noopener\" target=\"_blank\">September 10, 2025<\/a><\/p>\n<p style=\"text-align:justify\">Pendant 30 minutes, on pensait bien que Luka Doncic et ses copains allaient faire tomber le champion du monde allemand. La Slov\u00e9nie \u00e9tait devant depuis le d\u00e9but du match, Doncic faisait du Doncic malgr\u00e9 les fautes, Klemen Prepelic \u00e9tait en mode Stephen Curry, et l\u2019Allemagne gal\u00e9rait pour vraiment imposer son basket.<\/p>\n<p style=\"text-align:justify\">Et puis Tristan Da Silva a plant\u00e9 ce shoot monumental :<\/p>\n<p dir=\"ltr\" lang=\"fr\">Si l\u2019Allemagne gagne il faudra repenser \u00e0 ce shoot monumental de Tristan Da Silva.<\/p>\n<p>Potentiel game-changer.<a href=\"https:\/\/t.co\/lDfwXrTxgw\" rel=\"nofollow\">pic.twitter.com\/lDfwXrTxgw<\/a><\/p>\n<p>\u2014 TrashTalk (@TrashTalk_fr) <a href=\"https:\/\/twitter.com\/TrashTalk_fr\/status\/1965865920460628373?ref_src=twsrc%5Etfw\" rel=\"nofollow noopener\" target=\"_blank\">September 10, 2025<\/a><\/p>\n<p style=\"text-align:justify\">Le jeune joueur du Magic a remis l\u2019Allemagne \u00e0 quatre petits points \u00e0 l\u2019entame du dernier quart-temps, et a boost\u00e9 la Mannschaft qui en avait bien besoin. Les Allemands ont plant\u00e9 un 12-0 aux Slov\u00e8nes (pendant que Doncic \u00e9tait sur le banc\u2026), ponctu\u00e9 par un autre tir XXL d\u2019Andreas Obst pour leur permettre de passer devant 77-74. La Slov\u00e9nie n\u2019a jamais r\u00e9ussi \u00e0 s\u2019en remettre.<\/p>\n<p style=\"text-align:justify\">Dans un soir o\u00f9 Dennis Schroder et Franz Wagner ont connu pas mal de d\u00e9chets malgr\u00e9 43 points en combin\u00e9, l\u2019Allemagne a su montrer sa puissance collective au meilleur moment, avec l\u2019ex\u00e9cution qu\u2019on attend d\u2019un champion du monde. Et dans un soir o\u00f9 Luka Doncic a plant\u00e9 39 points, la Slov\u00e9nie a montr\u00e9 sa Luka d\u00e9pendance au pire moment, avec l\u2019ex\u00e9cution d\u2019une \u00e9quipe construite sur un seul joueur.<\/p>\n<p dir=\"ltr\" lang=\"fr\">Nouveau match XXL de Luka Doncic contre l\u2019Allemagne :<\/p>\n<p>\ud83d\udd3839 POINTS<br \/>\ud83d\udd3810 REBONDS<br \/>\ud83d\udd387 PASSES<\/p>\n<p>Insuffisant, mais il aura tout donn\u00e9 !<\/p>\n<p>\ud83d\udcf8<a href=\"https:\/\/twitter.com\/EuroBasket?ref_src=twsrc%5Etfw\" rel=\"nofollow noopener\" target=\"_blank\">@EuroBasket<\/a> <a href=\"https:\/\/t.co\/BmJhrTuMyC\" rel=\"nofollow\">pic.twitter.com\/BmJhrTuMyC<\/a><\/p>\n<p>\u2014 TrashTalk (@TrashTalk_fr) <a href=\"https:\/\/twitter.com\/TrashTalk_fr\/status\/1965871854419325244?ref_src=twsrc%5Etfw\" rel=\"nofollow noopener\" target=\"_blank\">September 10, 2025<\/a><\/p>\n<p>La suite<\/p>\n<p style=\"text-align:justify\">En arrachant sa qualification pour les demi-finales, l\u2019Allemagne a gagn\u00e9 son ticket pour affronter la Finlande, \u00e9norme surprise de cet EuroBasket 2025 et adversaire des Allemands en poule. Les champions du monde en titre sont donc toujours en course pour r\u00e9aliser un magnifique doubl\u00e9 Mondial 2023 \u2013 Euro 2025.<\/p>\n<p style=\"text-align:justify\">Pour Luka Doncic et la Slov\u00e9nie par contre, c\u2019est un nouvel \u00e9chec avant le dernier carr\u00e9 d\u2019une grande comp\u00e9tition.<\/p>\n<p><script async src=\"https:\/\/platform.twitter.com\/widgets.js\" charset=\"utf-8\"><\/script><\/p>\n","protected":false},"excerpt":{"rendered":"La puissance des champions du monde en titre contre le g\u00e9nie de Luka Doncic, voil\u00e0 comment on pouvait&hellip;\n","protected":false},"author":2,"featured_media":381822,"comment_status":"","ping_status":"","sticky":false,"template":"","format":"standard","meta":{"footnotes":""},"categories":[9],"tags":[1011,27,60],"class_list":{"0":"post-381821","1":"post","2":"type-post","3":"status-publish","4":"format-standard","5":"has-post-thumbnail","7":"category-sports","8":"tag-fr","9":"tag-france","10":"tag-sports"},"share_on_mastodon":{"url":"https:\/\/pubeurope.com\/@fr\/115183619149859657","error":""},"_links":{"self":[{"href":"https:\/\/www.europesays.com\/fr\/wp-json\/wp\/v2\/posts\/381821","targetHints":{"allow":["GET"]}}],"collection":[{"href":"https:\/\/www.europesays.com\/fr\/wp-json\/wp\/v2\/posts"}],"about":[{"href":"https:\/\/www.europesays.com\/fr\/wp-json\/wp\/v2\/types\/post"}],"author":[{"embeddable":true,"href":"https:\/\/www.europesays.com\/fr\/wp-json\/wp\/v2\/users\/2"}],"replies":[{"embeddable":true,"href":"https:\/\/www.europesays.com\/fr\/wp-json\/wp\/v2\/comments?post=381821"}],"version-history":[{"count":0,"href":"https:\/\/www.europesays.com\/fr\/wp-json\/wp\/v2\/posts\/381821\/revisions"}],"wp:featuredmedia":[{"embeddable":true,"href":"https:\/\/www.europesays.com\/fr\/wp-json\/wp\/v2\/media\/381822"}],"wp:attachment":[{"href":"https:\/\/www.europesays.com\/fr\/wp-json\/wp\/v2\/media?parent=381821"}],"wp:term":[{"taxonomy":"category","embeddable":true,"href":"https:\/\/www.europesays.com\/fr\/wp-json\/wp\/v2\/categories?post=381821"},{"taxonomy":"post_tag","embeddable":true,"href":"https:\/\/www.europesays.com\/fr\/wp-json\/wp\/v2\/tags?post=381821"}],"curies":[{"name":"wp","href":"https:\/\/api.w.org\/{rel}","templated":true}]}}