{"id":381825,"date":"2025-09-11T03:49:13","date_gmt":"2025-09-11T03:49:13","guid":{"rendered":"https:\/\/www.europesays.com\/fr\/381825\/"},"modified":"2025-09-11T03:49:13","modified_gmt":"2025-09-11T03:49:13","slug":"spotify-rattrape-enfin-son-retard-sur-apple-music-avec-larrivee-de-laudio-lossless","status":"publish","type":"post","link":"https:\/\/www.europesays.com\/fr\/381825\/","title":{"rendered":"Spotify rattrape enfin son retard sur Apple Music avec l\u2019arriv\u00e9e de l\u2019audio Lossless"},"content":{"rendered":"<p class=\"ed__a-p ed__bdy__l\"><img loading=\"lazy\" decoding=\"async\" src=\"data:image\/svg+xml,%3Csvg xmlns='http:\/\/www.w3.org\/2000\/svg'%3E%3C\/svg%3E\" draggable=\"false\" width=\"2560\" height=\"1440\" class=\"ed__title-xxs\" alt=\"Spotify Lossless\" style=\"background-color: #f2f2f2; aspect-ratio:2560\/1440;\"\/><\/p>\n<p class=\"ed__a-p ed__bdy__l\">Apr\u00e8s des ann\u00e9es d\u2019attente, la qualit\u00e9 audio sans perte arrive enfin au sein de l\u2019application Spotify. En effet, si des rumeurs circulaient d\u00e9j\u00e0 en 2017, la plateforme de streaming avait annonc\u00e9 un d\u00e9ploiement \u00ab\u00a0plus tard dans l\u2019ann\u00e9e\u00a0\u00bb en 2021, avant de se terrer dans le silence.<\/p>\n<p>            Publicit\u00e9, votre contenu continue ci-dessous<\/p>\n<p>        Publicit\u00e9<\/p>\n<p class=\"ed__a-p ed__bdy__l\">En 2024, Spotify est revenu \u00e0 la charge en communiquant sur le fait que le lancement de son offre Lossless \u00e9tait en cours. N\u00e9anmoins, nous n\u2019avons eu aucune nouvelle du service su\u00e9dois jusqu\u2019alors, au-del\u00e0 de quelques rumeurs en d\u00e9but d\u2019ann\u00e9e qu\u2019il \u00e9tait difficile de prendre au s\u00e9rieux.<\/p>\n<p>L&rsquo;audio Lossless pour tous les abonn\u00e9s premium, sans frais suppl\u00e9mentaires<\/p>\n<p class=\"ed__a-p ed__bdy__l\">Contre toute attente, la plateforme communique aujourd\u2019hui sur le lancement du Lossless sur plus de 50 march\u00e9s au cours des deux prochains mois. La bonne nouvelle est que cette nouvelle fonction ne n\u00e9cessitera pas un abonnement plus cher hypoth\u00e9tiquement appel\u00e9 \u00ab\u00a0Spotify Hi-Fi\u00a0\u00bb ou \u00ab\u00a0Music Pro\u00a0\u00bb. Elle sera ainsi directement disponible pour tous les abonn\u00e9s Spotify Premium \u00e0 l\u2019issue d\u2019une mise \u00e0 jour automatique.<\/p>\n<p class=\"ed__a-p ed__bdy__l\"><img loading=\"lazy\" decoding=\"async\" src=\"data:image\/svg+xml,%3Csvg xmlns='http:\/\/www.w3.org\/2000\/svg'%3E%3C\/svg%3E\" draggable=\"false\" width=\"2560\" height=\"1440\" class=\"ed__title-xxs\" alt=\"Spotify Lossless\" style=\"background-color: #f2f2f2; aspect-ratio:2560\/1440;\"\/><\/p>\n<p class=\"ed__a-p ed__bdy__l\">Chaque abonn\u00e9 \u00e0 Spotify recevra une notification l\u2019informant de la disponibilit\u00e9 de l\u2019audio sans perte dans sa r\u00e9gion. Pour l\u2019activer, il suffira de se rendre au sein du menu \u00ab\u00a0qualit\u00e9 du contenu multim\u00e9dia\u00a0\u00bb puis d\u2019activer la qualit\u00e9 Lossless, s\u2019ajoutant \u00e0 Automatique, Faible, Normale, \u00c9lev\u00e9e et Tr\u00e8s \u00e9lev\u00e9e. \u00c9videmment, seulement une partie des contenus de la plateforme sera compatible Lossless.<\/p>\n<p class=\"ed__a-p ed__bdy__l\">Spotify indiquera \u00e9galement si le casque ou les \u00e9couteurs sans-fil en cours d\u2019utilisation sont compatibles, gr\u00e2ce \u00e0 un logo affich\u00e9 au niveau de la barre de lecture ou dans le s\u00e9lecteur de sources. Il s\u2019agira notamment des produits prenant en charge les codecs Bluetooth aptX ou LDAC, comme ceux de Sony, Bose, Samsung et Sennheiser.<\/p>\n<p class=\"ed__a-p ed__bdy__l\">Les contenus Lossless \u00e9tant beaucoup plus volumineux que ceux actuellement disponibles (jusqu\u2019\u00e0 320 kbps seulement), Spotify pr\u00e9vient tout de m\u00eame que t\u00e9l\u00e9chargements n\u00e9cessiteront davantage de capacit\u00e9 de stockage, ou que la fluidit\u00e9 de lecture en ligne d\u00e9pendra fortement de la qualit\u00e9 de la connexion.<\/p>\n<p>Une restitution jusqu&rsquo;en 24 bits\/44,1 kHz, un peu en dessous des autres services<\/p>\n<p class=\"ed__a-p ed__bdy__l\">Si la disponibilit\u00e9 pour tous les abonn\u00e9s est une bonne chose, il y a tout de m\u00eame un b\u00e9mol. Le Lossless de Spotify se limitera au 24 bits\/44,1 kHz en FLAC, alors que Apple Music, Tidal et Qobuz prennent tous en charge l\u2019audio jusqu\u2019en 24 bits\/192 kHz. Bien qu\u2019entendre la diff\u00e9rence \u00e0 ce niveau de r\u00e9solution rel\u00e8ve du challenge, cela permettrait \u00e0 Spotify de se r\u00e9server la possibilit\u00e9 de lancer un forfait v\u00e9ritablement \u00ab\u00a0hi-fi\u00a0\u00bb dans un futur proche, cette fois un peu plus cher.<\/p>\n<p class=\"ed__a-p ed__bdy__l\">\u00c0 noter que la plateforme a d\u00e9j\u00e0 annonc\u00e9 une disponibilit\u00e9 en Australie, en Autriche, en R\u00e9publique tch\u00e8que, au Danemark, en Allemagne, au Japon, en Nouvelle-Z\u00e9lande, aux Pays-Bas, au Portugal, en Su\u00e8de, aux \u00c9tats-Unis et au Royaume-Uni. Il faudra donc encore patienter pour un d\u00e9ploiement en France.<\/p>\n<p>            Publicit\u00e9, votre contenu continue ci-dessous<\/p>\n<p>        Publicit\u00e9<\/p>\n<p class=\"ed__a-p ed__bdy__l\">Les Num\u00e9riques s\u2019installe \u00e0 Beaugrenelle Paris pour <a href=\"https:\/\/www.lesnumeriques.com\/evenement\/les-jours-les-plus-tech-2025.html\" rel=\"nofollow noopener\" target=\"_blank\">Les Jours Les Plus Tech<\/a> : d\u00e9monstrations de produits, conseils d\u2019usage ou d\u2019achat, \u00e9changes avec nos journalistes\u2026D\u00e9couvrez le programme complet <a href=\"https:\/\/www.lesnumeriques.com\/evenement\/les-jours-les-plus-tech-2025.html\" rel=\"nofollow noopener\" target=\"_blank\">ici<\/a>.<\/p>\n","protected":false},"excerpt":{"rendered":"Apr\u00e8s des ann\u00e9es d\u2019attente, la qualit\u00e9 audio sans perte arrive enfin au sein de l\u2019application Spotify. En effet,&hellip;\n","protected":false},"author":2,"featured_media":381826,"comment_status":"","ping_status":"","sticky":false,"template":"","format":"standard","meta":{"footnotes":""},"categories":[7],"tags":[1011,27,43,40,41,39,42,44],"class_list":{"0":"post-381825","1":"post","2":"type-post","3":"status-publish","4":"format-standard","5":"has-post-thumbnail","7":"category-sciences-et-technologies","8":"tag-fr","9":"tag-france","10":"tag-science","11":"tag-science-and-technology","12":"tag-sciences","13":"tag-sciences-et-technologies","14":"tag-technologies","15":"tag-technology"},"share_on_mastodon":{"url":"https:\/\/pubeurope.com\/@fr\/115183626959142626","error":""},"_links":{"self":[{"href":"https:\/\/www.europesays.com\/fr\/wp-json\/wp\/v2\/posts\/381825","targetHints":{"allow":["GET"]}}],"collection":[{"href":"https:\/\/www.europesays.com\/fr\/wp-json\/wp\/v2\/posts"}],"about":[{"href":"https:\/\/www.europesays.com\/fr\/wp-json\/wp\/v2\/types\/post"}],"author":[{"embeddable":true,"href":"https:\/\/www.europesays.com\/fr\/wp-json\/wp\/v2\/users\/2"}],"replies":[{"embeddable":true,"href":"https:\/\/www.europesays.com\/fr\/wp-json\/wp\/v2\/comments?post=381825"}],"version-history":[{"count":0,"href":"https:\/\/www.europesays.com\/fr\/wp-json\/wp\/v2\/posts\/381825\/revisions"}],"wp:featuredmedia":[{"embeddable":true,"href":"https:\/\/www.europesays.com\/fr\/wp-json\/wp\/v2\/media\/381826"}],"wp:attachment":[{"href":"https:\/\/www.europesays.com\/fr\/wp-json\/wp\/v2\/media?parent=381825"}],"wp:term":[{"taxonomy":"category","embeddable":true,"href":"https:\/\/www.europesays.com\/fr\/wp-json\/wp\/v2\/categories?post=381825"},{"taxonomy":"post_tag","embeddable":true,"href":"https:\/\/www.europesays.com\/fr\/wp-json\/wp\/v2\/tags?post=381825"}],"curies":[{"name":"wp","href":"https:\/\/api.w.org\/{rel}","templated":true}]}}