{"id":381828,"date":"2025-09-11T03:51:13","date_gmt":"2025-09-11T03:51:13","guid":{"rendered":"https:\/\/www.europesays.com\/fr\/381828\/"},"modified":"2025-09-11T03:51:13","modified_gmt":"2025-09-11T03:51:13","slug":"discrete-depuis-sa-defaite-kamala-harris-nepargne-pas-biden-dans-son-prochain-livre","status":"publish","type":"post","link":"https:\/\/www.europesays.com\/fr\/381828\/","title":{"rendered":"Discr\u00e8te depuis sa d\u00e9faite, Kamala Harris n\u2019\u00e9pargne pas Biden dans son prochain livre"},"content":{"rendered":"<p>        <img decoding=\"async\" loading=\"lazy\" src=\"https:\/\/www.europesays.com\/fr\/wp-content\/uploads\/2025\/09\/fc874aa_1730663362181-000-36lh23q.jpg\"  width=\"728\" height=\"409\" alt=\"Kamala Harris sortira un livre intitul\u00e9 \u00ab\u00a0107\u00a0jours\u00a0\u00bb en septembre. \"\/>  <\/p>\n<p>ROBERTO SCHMIDT \/ AFP<\/p>\n<p>Kamala Harris sortira un livre intitul\u00e9 \u00ab\u00a0107\u00a0jours\u00a0\u00bb en septembre. <\/p>\n<p class=\"asset asset-text\">\u00c9TATS-UNIS &#8211; Elle livre enfin sa v\u00e9rit\u00e9.<a href=\"https:\/\/www.huffingtonpost.fr\/international\/article\/kamala-harris-a-echoue-a-la-presidentielle-face-a-donald-trump-mais-reflechit-deja-a-son-avenir-politique_242782.html\" target=\"_blank\" rel=\"noopener\"> Kamala Harris<\/a>, candidate d\u00e9mocrate malheureuse \u00e0 la pr\u00e9sidentielle, ass\u00e8ne dans un livre \u00e0 para\u00eetre en septembre que cela avait \u00e9t\u00e9 \u00ab\u00a0de l\u2019inconscience\u00a0\u00bb de laisser l\u2019ancien pr\u00e9sident <a href=\"https:\/\/www.huffingtonpost.fr\/international\/article\/la-presidence-de-joe-biden-encore-entachee-par-ce-nouvel-enregistrement-embarrassant_250172.html\" target=\"_blank\" rel=\"noopener\">Joe Biden<\/a> s\u2019accrocher \u00e0 sa qu\u00eate d\u2019un second mandat.<\/p>\n<p class=\"asset asset-text\">Elle r\u00e8gle aussi ses comptes avec l\u2019entourage de l\u2019ancien pr\u00e9sident, accus\u00e9 de lui avoir mis en permanence des b\u00e2tons dans les roues quand elle \u00e9tait vice-pr\u00e9sidente, selon des extraits publi\u00e9s par le magazine<a href=\"https:\/\/www.theatlantic.com\/politics\/archive\/2025\/09\/kamala-harris-107-days-excerpt\/684150\/\" target=\"_blank\" rel=\"noopener\" title=\"Nouvelle fen\u00eatre\"> The Atlantic<\/a>.<\/p>\n<p class=\"asset asset-text\">\u00ab\u00a0\u201cLa d\u00e9cision appartient \u00e0 Joe et Jill (Biden, son \u00e9pouse)\u201d. Nous r\u00e9p\u00e9tions cela comme un mantra, comme si nous avions \u00e9t\u00e9 hypnotis\u00e9s. \u00c9tait-ce de l\u2019\u00e9l\u00e9gance ou \u00e9tait-ce de l\u2019inconscience\u00a0? En y repensant, je pense que c\u2019\u00e9tait de l\u2019inconscience. L\u2019enjeu \u00e9tait trop grand. Ce choix ne pouvait reposer sur l\u2019ego, sur l\u2019ambition d\u2019un individu\u00a0\u00bb, \u00e9crit Kamala Harris.<\/p>\n<p class=\"asset asset-text\">La d\u00e9mocrate, qui a succ\u00e9d\u00e9 en catastrophe \u00e0 Joe Biden comme candidate \u00e0 la Maison Blanche fin juillet, estime toutefois qu\u2019elle \u00e9tait \u00ab\u00a0la plus mal plac\u00e9e pour argumenter en faveur d\u2019un retrait\u00a0\u00bb du pr\u00e9sident vieillissant. \u00ab\u00a0Je savais que cela appara\u00eetrait comme incroyablement opportuniste de lui demander de ne pas se pr\u00e9senter. Il l\u2019aurait vu comme de l\u2019ambition sans fard, peut-\u00eatre comme une trahison perfide\u00a0\u00bb, estime-t-elle.<\/p>\n<p>                     \u00ab\u00a0107\u00a0jours\u00a0\u00bb    <\/p>\n<p class=\"asset asset-text\">Si elle assure que le d\u00e9mocrate, \u00e2g\u00e9 de 82\u00a0ans aujourd\u2019hui, a toujours \u00e9t\u00e9 en mesure d\u2019exercer ses fonctions, elle \u00e9crit qu\u2019il \u00ab\u00a0fatiguait\u00a0\u00bb.<\/p>\n<p class=\"asset asset-text\">La premi\u00e8re femme vice-pr\u00e9sidente des \u00c9tats-Unis expose son amertume face \u00e0 l\u2019entourage de Joe Biden dans les quelques paragraphes d\u00e9voil\u00e9s par l\u2019hebdomadaire. \u00ab\u00a0Il \u00e9tait quasiment impossible d\u2019obtenir que (la Maison Blanche) dise quelque chose de positif sur mon travail ou qu\u2019elle me d\u00e9fende\u00a0\u00bb, d\u00e9plore-t-elle. \u00ab\u00a0J\u2019ai souvent appris que l\u2019\u00e9quipe du pr\u00e9sident attisait les rumeurs n\u00e9gatives qui surgissaient autour de moi\u00a0\u00bb, d\u00e9nonce encore la Californienne.<\/p>\n<p class=\"asset asset-text\">Son ouvrage, \u00ab\u00a0107 Days\u00a0\u00bb (\u00ab\u00a0107 jours\u00a0\u00bb) publi\u00e9 aux \u00e9ditions Simon &amp; Schuster, para\u00eetra le 23\u00a0septembre aux \u00c9tats-Unis. Cette dur\u00e9e est celle de sa campagne tronqu\u00e9e, depuis le retrait surprise de Joe Biden le 21\u00a0juillet, jusqu\u2019\u00e0 l\u2019\u00e9lection perdue le 5\u00a0novembre face \u00e0 Donald Trump.<\/p>\n","protected":false},"excerpt":{"rendered":"ROBERTO SCHMIDT \/ AFP Kamala Harris sortira un livre intitul\u00e9 \u00ab\u00a0107\u00a0jours\u00a0\u00bb en septembre. \u00c9TATS-UNIS &#8211; Elle livre enfin&hellip;\n","protected":false},"author":2,"featured_media":381829,"comment_status":"","ping_status":"","sticky":false,"template":"","format":"standard","meta":{"footnotes":""},"categories":[5],"tags":[11,73,1011,27,14,457,458,12,28],"class_list":{"0":"post-381828","1":"post","2":"type-post","3":"status-publish","4":"format-standard","5":"has-post-thumbnail","7":"category-international","8":"tag-actualites","9":"tag-etats-unis","10":"tag-fr","11":"tag-france","12":"tag-international","13":"tag-joe-biden","14":"tag-kamala-harris","15":"tag-news","16":"tag-world"},"share_on_mastodon":{"url":"https:\/\/pubeurope.com\/@fr\/115183634576200755","error":""},"_links":{"self":[{"href":"https:\/\/www.europesays.com\/fr\/wp-json\/wp\/v2\/posts\/381828","targetHints":{"allow":["GET"]}}],"collection":[{"href":"https:\/\/www.europesays.com\/fr\/wp-json\/wp\/v2\/posts"}],"about":[{"href":"https:\/\/www.europesays.com\/fr\/wp-json\/wp\/v2\/types\/post"}],"author":[{"embeddable":true,"href":"https:\/\/www.europesays.com\/fr\/wp-json\/wp\/v2\/users\/2"}],"replies":[{"embeddable":true,"href":"https:\/\/www.europesays.com\/fr\/wp-json\/wp\/v2\/comments?post=381828"}],"version-history":[{"count":0,"href":"https:\/\/www.europesays.com\/fr\/wp-json\/wp\/v2\/posts\/381828\/revisions"}],"wp:featuredmedia":[{"embeddable":true,"href":"https:\/\/www.europesays.com\/fr\/wp-json\/wp\/v2\/media\/381829"}],"wp:attachment":[{"href":"https:\/\/www.europesays.com\/fr\/wp-json\/wp\/v2\/media?parent=381828"}],"wp:term":[{"taxonomy":"category","embeddable":true,"href":"https:\/\/www.europesays.com\/fr\/wp-json\/wp\/v2\/categories?post=381828"},{"taxonomy":"post_tag","embeddable":true,"href":"https:\/\/www.europesays.com\/fr\/wp-json\/wp\/v2\/tags?post=381828"}],"curies":[{"name":"wp","href":"https:\/\/api.w.org\/{rel}","templated":true}]}}