{"id":381841,"date":"2025-09-11T04:05:17","date_gmt":"2025-09-11T04:05:17","guid":{"rendered":"https:\/\/www.europesays.com\/fr\/381841\/"},"modified":"2025-09-11T04:05:17","modified_gmt":"2025-09-11T04:05:17","slug":"ligue-2-rouen-bihorel-annonce-ses-dernieres-arrivees-postup-fr","status":"publish","type":"post","link":"https:\/\/www.europesays.com\/fr\/381841\/","title":{"rendered":"Ligue 2 : Rouen-Bihorel annonce ses derni\u00e8res arriv\u00e9es &#8211; Postup.fr"},"content":{"rendered":"<p><img loading=\"lazy\" decoding=\"async\" class=\"size-medium wp-image-318240 aligncenter\" src=\"https:\/\/www.europesays.com\/fr\/wp-content\/uploads\/2025\/09\/logo-Bihorel-500x500.jpg\" alt=\"\" width=\"500\" height=\"500\"  \/><\/p>\n<p style=\"text-align: center;\">Engag\u00e9 tardivement en Ligue 2, le RMBF a annonc\u00e9 les derni\u00e8res arriv\u00e9es\u00a9RMBF<\/p>\n<p>\u00a0<\/p>\n<p style=\"text-align: justify;\">Un duo de meneuses internationales U20 arrivent \u00e0 la Kindarena de Rouen. En provenance de La Glacerie(NF1), <strong>Jade FERRE<\/strong> (20 ans, 1m74) a d\u00e9j\u00e0 connu la Ligue 2 avec la SIG en 23-24 (3pts en 14minutes). <strong>Clara CAUSEUR<\/strong> (20ans, 1m72), elle, arrive des espoirs de l\u2019ESBVA avec quelques apparitions avec le groupe pro de Villeneuve d\u2019Ascq. Elle d\u00e9couvrira donc la Ligue 2 en septembre.<\/p>\n<p style=\"text-align: justify;\">Une habitu\u00e9e de la Ligue 2 qui est mont\u00e9e en puissance durant la saison derni\u00e8re \u00e0 Alen\u00e7on (Ligue2) arrive sur le poste 3. <strong>Stacy CHOVINO<\/strong> (20 ans, 1m80) a fait quelques cartons offensifs quand son temps de jeu \u00e9tait important et a apport\u00e9 une belle contribution en playoffs (8pts en 22 minutes de moyenne).\u00a0<\/p>\n<p style=\"text-align: justify;\">Enfin, en provenance de Martigues (NF1), <strong>Dieyneba NIANG<\/strong> (22 ans, 1m87) renforce la raquette au poste 4-5. En 23-24, elle jouait d\u00e9j\u00e0 dans la division et pesait 4pts en 13 minutes avec Montbrison.<\/p>\n<p><img loading=\"lazy\" decoding=\"async\" alt=\"Florian ESPOSITO\" src=\"https:\/\/www.europesays.com\/fr\/wp-content\/uploads\/2025\/09\/70de70e3f0dda958caf6817f50858471c8d729c879532bb9847f7c02bbd73581\"  class=\"avatar avatar-100 photo\" height=\"100\" width=\"100\" itemprop=\"image\"\/><\/p>\n<p>Passionn\u00e9 de basket, ancien arbitre de championnat de France amateur, joueur et coach au niveau r\u00e9gional et lecteur de Postup.fr, je ne pouvais pas ne pas y contribuer.<\/p>\n","protected":false},"excerpt":{"rendered":"Engag\u00e9 tardivement en Ligue 2, le RMBF a annonc\u00e9 les derni\u00e8res arriv\u00e9es\u00a9RMBF \u00a0 Un duo de meneuses internationales&hellip;\n","protected":false},"author":2,"featured_media":381842,"comment_status":"","ping_status":"","sticky":false,"template":"","format":"standard","meta":{"footnotes":""},"categories":[9587],"tags":[1111,11,1777,674,1011,27,446,12,5161,25,9590],"class_list":{"0":"post-381841","1":"post","2":"type-post","3":"status-publish","4":"format-standard","5":"has-post-thumbnail","7":"category-rouen","8":"tag-actu","9":"tag-actualites","10":"tag-eu","11":"tag-europe","12":"tag-fr","13":"tag-france","14":"tag-ligue-2","15":"tag-news","16":"tag-normandie","17":"tag-republique-francaise","18":"tag-rouen"},"share_on_mastodon":{"url":"https:\/\/pubeurope.com\/@fr\/115183690181391397","error":""},"_links":{"self":[{"href":"https:\/\/www.europesays.com\/fr\/wp-json\/wp\/v2\/posts\/381841","targetHints":{"allow":["GET"]}}],"collection":[{"href":"https:\/\/www.europesays.com\/fr\/wp-json\/wp\/v2\/posts"}],"about":[{"href":"https:\/\/www.europesays.com\/fr\/wp-json\/wp\/v2\/types\/post"}],"author":[{"embeddable":true,"href":"https:\/\/www.europesays.com\/fr\/wp-json\/wp\/v2\/users\/2"}],"replies":[{"embeddable":true,"href":"https:\/\/www.europesays.com\/fr\/wp-json\/wp\/v2\/comments?post=381841"}],"version-history":[{"count":0,"href":"https:\/\/www.europesays.com\/fr\/wp-json\/wp\/v2\/posts\/381841\/revisions"}],"wp:featuredmedia":[{"embeddable":true,"href":"https:\/\/www.europesays.com\/fr\/wp-json\/wp\/v2\/media\/381842"}],"wp:attachment":[{"href":"https:\/\/www.europesays.com\/fr\/wp-json\/wp\/v2\/media?parent=381841"}],"wp:term":[{"taxonomy":"category","embeddable":true,"href":"https:\/\/www.europesays.com\/fr\/wp-json\/wp\/v2\/categories?post=381841"},{"taxonomy":"post_tag","embeddable":true,"href":"https:\/\/www.europesays.com\/fr\/wp-json\/wp\/v2\/tags?post=381841"}],"curies":[{"name":"wp","href":"https:\/\/api.w.org\/{rel}","templated":true}]}}