{"id":381845,"date":"2025-09-11T04:07:13","date_gmt":"2025-09-11T04:07:13","guid":{"rendered":"https:\/\/www.europesays.com\/fr\/381845\/"},"modified":"2025-09-11T04:07:13","modified_gmt":"2025-09-11T04:07:13","slug":"a-grenoble-place-publique-pret-a-sallier-a-la-france-insoumise","status":"publish","type":"post","link":"https:\/\/www.europesays.com\/fr\/381845\/","title":{"rendered":"\u00c0 GRENOBLE, PLACE PUBLIQUE PR\u00caT \u00c0 S&rsquo;ALLIER \u00c0 LA FRANCE INSOUMISE"},"content":{"rendered":"<p>Posted On 11 septembre 2025 <\/p>\n<p style=\"text-align: justify;\">\u00abIl n\u2019y aura pas d\u2019alliance avec La France insoumise. L\u00e9gislatives anticip\u00e9es, pr\u00e9sidentielle, tout ce que vous voulez &#8230; c\u2019est d\u00e9finitif \u00bb.\u00a0Voil\u00e0 ce que clamait l&rsquo;eurod\u00e9put\u00e9 Rapha\u00ebl Glucksmann, pr\u00e9sident du parti \u00ab\u00a0Place Publique, la semaine derni\u00e8re dans le quotidien Lib\u00e9ration.<\/p>\n<p>PAS DE LFI : GLUCKSMANN EST TR\u00c8S CLAIR<\/p>\n<p style=\"text-align: justify;\">L&rsquo;annonce n&rsquo;est pas vraiment une surprise puisque depuis des mois, Place Publique tance La France Insoumise et t\u00e2che de prendre au maximum ses distances avec le parti de Jean-Luc M\u00e9lenchon. Mais <a target=\"_blank\" href=\"https:\/\/www.lefigaro.fr\/politique\/c-est-definitif-raphael-glucksmann-exclut-toute-alliance-electorale-avec-lfi-20250904\" rel=\"nofollow noopener\">cette d\u00e9claration a le m\u00e9rite d&rsquo;\u00eatre tout \u00e0 fait clair<\/a>. Et si \u00e7a ne suffisait pas, Glucksmann en a remis une couche lundi suite \u00e0 la chute du gouvernement de Fran\u00e7ois Bayrou, en appelant de ses v\u0153ux un accord \u00ab\u00a0sans le RN ni LFI\u00a0\u00bb.\u00a0<\/p>\n<p>PLACE PUBLIQUE SE FOND DANS \u00ab\u00a0GRENOBLE CAPITALE CITOYENNE\u00a0\u00bb<\/p>\n<p style=\"text-align: justify;\">Localement, \u00e0 Grenoble, c&rsquo;est un tout autre discours, comme nous allons le voir. Place Publique a d\u00e9cid\u00e9 de soutenir la liste \u00ab\u00a0Grenoble Capitale Citoyenne\u00a0\u00bb (GCC). Une initiative qui se revendique de gauche mod\u00e9r\u00e9e type sociale-d\u00e9mocrate, \u00e0 l&rsquo;origine port\u00e9e par Romain Gentil (conseiller municipal qui si\u00e8ge dans le groupe socialiste) et Pascal Clouaire (ex \u00e9lu de la majorit\u00e9 Piolle exclu en 2023). Avant d&rsquo;\u00eatre rejoints avant l&rsquo;\u00e9t\u00e9 par <a target=\"_blank\" href=\"https:\/\/www.placegrenet.fr\/2025\/05\/19\/municipales-de-grenoble-2026-le-parti-ecologiste-independant-equinoxe-rejoint-le-collectif-grenoble-capitale-citoyenne\/652734\" rel=\"nofollow noopener\">Equinoxe<\/a>, un micro-parti \u00e9cologiste n\u00e9 r\u00e9cemment.<\/p>\n<p><a href=\"https:\/\/grenoble-le-changement.fr\/wp-content\/uploads\/2025\/04\/grenoble-capitale-citoyenne-gcc.jpg\" rel=\"lightbox[84586] nofollow noopener\" target=\"_blank\"><img loading=\"lazy\" decoding=\"async\" class=\" wp-image-81036 jetpack-lazy-image\" src=\"https:\/\/grenoble-le-changement.fr\/wp-content\/uploads\/2025\/04\/grenoble-capitale-citoyenne-gcc-300x225.jpg\" alt=\"\" width=\"556\" height=\"417\" data-lazy-src=\"https:\/\/www.europesays.com\/fr\/wp-content\/uploads\/2025\/09\/grenoble-capitale-citoyenne-gcc-300x225.jpg\" \/><\/a>Le lancement du collectif \u00ab\u00a0Grenoble capitale citoyenne\u00a0\u00bb \u00e0 l&rsquo;\u00e9poque port\u00e9 par Pascal Clouaire et Romain Gentil, dans lequel on retrouve les militants issus du PS et de ses petits satellites de gauche locaux.<br \/>\nLE DIVORCE CLOUAIRE \/ GENTIL<\/p>\n<p style=\"text-align: justify;\">Mais GCC est d\u00e9sormais touch\u00e9e par la s\u00e9rie des divorces qui semble la sp\u00e9cialit\u00e9 des gauches grenobloises en cette ann\u00e9e pr\u00e9 \u00e9lectorale. Pascal Clouaire, l&rsquo;une des deux t\u00eates d&rsquo;affiche, a jet\u00e9 l&rsquo;\u00e9ponge fin ao\u00fbt. En bisbille avec Romain Gentil, <a target=\"_blank\" href=\"https:\/\/www.placegrenet.fr\/2025\/09\/04\/romain-gentil-designe-chef-de-file-de-grenoble-capitale-citoyenne-une-opa-juge-pascal-clouaire\/658838\" rel=\"nofollow noopener\">il a claqu\u00e9 la porte en accusant ce dernier<\/a> d&rsquo;avoir la double casquette Place Publique \/ GCC, et de faire \u00ab une OPA sur un mouvement citoyen \u00bb. Gentil a alors \u00e9t\u00e9 d\u00e9sign\u00e9 par un vote des militants chef de file. \u00c9clatante victoire : il \u00e9tait seul en lice.<\/p>\n<p>ROMAIN GENTIL FAIT DE LA MISE EN SC\u00c8NE&#8230;<\/p>\n<p style=\"text-align: justify;\">Ces derniers jours, Grenoble Capitale Citoyenne a r\u00e9agi en montant <a target=\"_blank\" href=\"https:\/\/www.placegrenet.fr\/2025\/09\/06\/municipales-grenoble-capitale-citoyenne-selargit-avec-place-publique-et-le-prg-pour-defier-la-majorite-sortante\/659017\" rel=\"nofollow noopener\">une op\u00e9ration m\u00e9diatique<\/a> pour faire oublier ce divorce des deux t\u00eates d&rsquo;affiche. Romain Gentil a ainsi mis en sc\u00e8ne l&rsquo;officialisation du soutien de Place Publique, et le soutien du Parti Radical de Gauche (micro-parti qui ne survit depuis des ann\u00e9es qu&rsquo;en se ralliant \u00e0 d&rsquo;autres car incapable d&rsquo;exister seul \u00e9lectoralement). Le PRG \u00e9tant repr\u00e9sent\u00e9 \u00e0 Grenoble par Sarah Boukaala et Mounira Dabaji, toutes deux sur la liste d&rsquo;Olivier Noblecourt (PS) en 2020, qu&rsquo;on retrouve dans l&rsquo;op\u00e9ration.<\/p>\n<p>&#8230; MAIS RESTE DANS UN ENTRE-SOI<\/p>\n<p style=\"text-align: justify;\">Romain Gentil tente bien de montrer les muscles, en revendiquant incarner \u00ab\u00a0une alternative \u00e9cologique, sociale et d\u00e9mocratique \u00e0 la majorit\u00e9 sortante\u00a0\u00bb. Mais il ne compte finalement autour de lui qu&rsquo;une poign\u00e9e de militants et les ralliements mis en sc\u00e8ne restent des individualit\u00e9s qui ne sortent pas de l&rsquo;entre-soi social-d\u00e9mocrate. Tout \u00e7a pour se disputer un cr\u00e9neau centre-gauche qui repr\u00e9sentait 11% aux derni\u00e8res municipales&#8230; sur lequel il est <a href=\"https:\/\/grenoble-le-changement.fr\/2025\/05\/01\/amandine-germain-ps-deja-au-service-laurence-ruffin-verts\/\" rel=\"nofollow noopener\" target=\"_blank\">aujourd&rsquo;hui en concurrence avec le PS, qui a d\u00e9sign\u00e9 Amandine Germain<\/a> cheffe de file.<\/p>\n<p><a href=\"https:\/\/grenoble-le-changement.fr\/wp-content\/uploads\/2025\/04\/germain-gonzalez.png\" rel=\"lightbox[84586] nofollow noopener\" target=\"_blank\"><img loading=\"lazy\" decoding=\"async\" class=\" wp-image-81053 jetpack-lazy-image\" src=\"https:\/\/grenoble-le-changement.fr\/wp-content\/uploads\/2025\/04\/germain-gonzalez-300x179.png\" alt=\"\" width=\"761\" height=\"454\" data-lazy-src=\"https:\/\/www.europesays.com\/fr\/wp-content\/uploads\/2025\/09\/germain-gonzalez-300x179.png\" \/><\/a>Amandine Germain a \u00e9t\u00e9 d\u00e9sign\u00e9e cheffe de file du PS \u00e0 Grenoble par un vote d&rsquo;environ 50 adh\u00e9rents (!) qui l&rsquo;a vu l&#8217;emporter de quelques voix face \u00e0 Maxime Gonzales&#8230; et ce dernier est \u00e9galement membre de Grenoble Capitale Citoyenne (il figure sur la photo de lancement, voir supra). Un petit monde !<br \/>\nALLIANCES : GCC BOTTE EN TOUCHE&#8230;<\/p>\n<p style=\"text-align: justify;\">Mais surtout, le positionnement de GCC qui consiste \u00e0 se revendiquer d&rsquo;une gauche hors Verts\/LFI sortants est mis \u00e0 mal par les d\u00e9clarations des uns et des autres devant la presse \u00e0 l&rsquo;occasion de l&rsquo;officialisation de Place Publique et du PRG. \u00c0 la question des alliances de second tour,<a target=\"_blank\" href=\"https:\/\/www.placegrenet.fr\/2025\/09\/06\/municipales-grenoble-capitale-citoyenne-selargit-avec-place-publique-et-le-prg-pour-defier-la-majorite-sortante\/659017\" rel=\"nofollow noopener\"> Place Gre&rsquo;net rel\u00e8ve les propos<\/a> de l&rsquo;une des repr\u00e9sentantes, Manon Laurent, qui botte en touche : \u00ab\u00a0Nous pr\u00e9f\u00e9rons d\u00e9cider collectivement en fonction des r\u00e9sultats du premier tour plut\u00f4t que de prendre des positions th\u00e9oriques intenables \u00bb.<\/p>\n<p>&#8230; ET OUVRE LA PORTE \u00c0 LA FRANCE INSOUMISE<\/p>\n<p style=\"text-align: justify;\">Eve Moulinier du Dauphin\u00e9 Lib\u00e9r\u00e9 <a target=\"_blank\" href=\"https:\/\/c.ledauphine.com\/elections\/2025\/09\/09\/isere-grenoble-le-prg-et-place-publique-entrent-dans-grenoble-capitale-citoyenne?at_content=link&amp;at_term=LeDauphineLibereGrenoble&amp;at_campaign=Facebook&amp;at_medium=Social&amp;at_source=nonli\" rel=\"nofollow noopener\">cite elle des propos encore plus limpides, \u00e0 propos de la question d&rsquo;une alliance avec LFI<\/a> : \u00ab\u00a0nous, on refuse aujourd\u2019hui, alors que les \u00e9lections municipales auront lieu en mars 2026, de sp\u00e9culer sur d\u2019\u00e9ventuelles alliances du second tour. Les \u201cjamais\u201d en politique, c\u2019est toujours risqu\u00e9\u00a0\u00bb. Et de se planquer derri\u00e8re l&rsquo;id\u00e9e de faire voter leurs militants au second tour pour ne pas prendre position maintenant.<\/p>\n<p>GRENOBLE CAPITALE CITOYENNE SE R\u00c9SERVE L&rsquo;OPTION DE SE VENDRE<\/p>\n<p style=\"text-align: justify;\">En claquant la porte quelques jours auparavant, <a target=\"_blank\" href=\"https:\/\/c.ledauphine.com\/elections\/2025\/08\/29\/municipales-gros-clash-au-collectif-grenoble-capitale-citoyenne\" rel=\"nofollow noopener\">Pascal Clouaire avait alert\u00e9<\/a> sur le positionnement de Romain Gentil et de ses soutiens, en expliquant que sur la question de LFI, \u00ab\u00a0on n\u2019a pas eu de r\u00e9ponse claire. C\u2019\u00e9tait m\u00eame carr\u00e9ment flou !\u00a0\u00bb. Il avait vu juste : en refusant de dire non \u00e0 l&rsquo;alliance avec LFI, Romain Gentil et Grenoble Capitale Citoyenne s&rsquo;auto sabordent et confirment qu&rsquo;on ne peut pas compter sur eux pour incarner une alternance \u00e0 Grenoble. Ils pourront juger bon de se vendre aux Verts\/LFI si cela leur garantit quelques places, loin de leurs grands principes affich\u00e9s.\u00a0<\/p>\n<p><a href=\"https:\/\/grenoble-le-changement.fr\/wp-content\/uploads\/2025\/09\/gentil-glucksmann-grenoble.png\" rel=\"lightbox[84586] nofollow noopener\" target=\"_blank\"><img loading=\"lazy\" decoding=\"async\" class=\" wp-image-84613 jetpack-lazy-image\" src=\"https:\/\/grenoble-le-changement.fr\/wp-content\/uploads\/2025\/09\/gentil-glucksmann-grenoble-300x216.png\" alt=\"\" width=\"656\" height=\"472\" data-lazy-src=\"https:\/\/www.europesays.com\/fr\/wp-content\/uploads\/2025\/09\/gentil-glucksmann-grenoble-300x216.png\" \/><\/a>En juin dernier, Romain Gentil aux c\u00f4t\u00e9s de Rapha\u00ebl Glucksmann. Ce dernier <a target=\"_blank\" href=\"https:\/\/c.ledauphine.com\/elections\/2025\/06\/03\/isere-grenoble-municipales-2026-glucksmann-salue-le-collectif-grenoble-capitale-citoyenne\" rel=\"nofollow noopener\">d\u00e9clarait alors \u00e0 propos de Grenoble Capitale Citoyenne<\/a> : \u00ab\u00a0c\u2019est exactement comme \u00e7a qu\u2019il faut faire de la politique\u00a0\u00bb. Qu&rsquo;en serait-il aujourd&rsquo;hui alors que GCC s&rsquo;ouvre \u00e0 LFI ? Photo : <a target=\"_blank\" href=\"https:\/\/fr.linkedin.com\/posts\/romaingentil_jai-rencontr%C3%A9-rapha%C3%ABl-glucksmann-il-y-a-activity-7338120480597454848-6pOd\" rel=\"nofollow noopener\">LinkedIn<\/a>.<br \/>\nPLACE PUBLIQUE GRENOBLE SE MET EN RUPTURE AVEC LA LIGNE NATIONALE<\/p>\n<p style=\"text-align: justify;\">Quelques jours apr\u00e8s les propos tr\u00e8s clairs de son patron \u00e9voqu\u00e9s en plus haut, on voit mal comment Place Publique peut s&rsquo;accommoder d&rsquo;un tel flou. Autant le PRG est condamn\u00e9 \u00e0 se vendre au plus offrant quitte \u00e0 renier ses principes, mais pour le parti de Rapha\u00ebl Glucksmann, c&rsquo;est une autre affaire. Celui-ci s&rsquo;est b\u00e2ti un cr\u00e9neau \u00e9lectoral solide, qui lui permet d&rsquo;envisager la pr\u00e9sidentielle, gr\u00e2ce \u00e0 un positionnement de rupture tr\u00e8s nette avec LFI. En laissant ses repr\u00e9sentants \u00e0 Grenoble ouvrir la porte \u00e0 LFI, Place Publique prend le risque de se fragiliser en brouillant son message.\u00a0<\/p>\n<p>GENTIL PR\u00caT \u00c0 SE COUCHER DEVANT LFI FACE AU \u00ab\u00a0RISQUE DE VICTOIRE DE CARIGNON\u00a0\u00bb<\/p>\n<p style=\"text-align: justify;\">Romain Gentil a d&rsquo;ailleurs d\u00e9fendu l&rsquo;hypoth\u00e8se d&rsquo;une alliance au deuxi\u00e8me tour <a target=\"_blank\" href=\"https:\/\/www.placegrenet.fr\/2025\/09\/04\/romain-gentil-designe-chef-de-file-de-grenoble-capitale-citoyenne-une-opa-juge-pascal-clouaire\/658838\" rel=\"nofollow noopener\">aupr\u00e8s de Place Gre&rsquo;net<\/a> en expliquant que \u00ab\u00a0le risque d\u2019une victoire d\u2019Alain Carignon \u00ab\u00a0n\u2019est pas une option \u00bb et pourrait, d\u00e8s lors, d\u00e9cider de la marche \u00e0 suivre\u00a0\u00bb.<\/p>\n<p style=\"text-align: justify;\">Cette rentr\u00e9e a le m\u00e9rite de clarifier les positions des uns et des autres. En ce qui concerne Grenoble Capitale Citoyenne et son chef de file Romain Gentil, c&rsquo;est d\u00e9sormais parfaitement clair : ils pr\u00e9f\u00e8rent reconduire les Verts\/LFI pour 6 ans suppl\u00e9mentaires plut\u00f4t que d&rsquo;accompagner le changement dont notre ville a besoin avec Alain Carignon et son collectif qui regroupe des personnalit\u00e9s de toutes sensibilit\u00e9s, y compris de gauche.\u00a0<\/p>\n<p style=\"text-align: justify;\">Les Grenoblois qui aspirent sinc\u00e8rement \u00e0 une nouvelle direction pour leur ville savent d\u00e9sormais \u00e0 quoi s&rsquo;en tenir avec \u00ab\u00a0Grenoble Capitale Citoyenne\u00a0\u00bb.<\/p>\n","protected":false},"excerpt":{"rendered":"Posted On 11 septembre 2025 \u00abIl n\u2019y aura pas d\u2019alliance avec La France insoumise. L\u00e9gislatives anticip\u00e9es, pr\u00e9sidentielle, tout&hellip;\n","protected":false},"author":2,"featured_media":381846,"comment_status":"","ping_status":"","sticky":false,"template":"","format":"standard","meta":{"footnotes":""},"categories":[9566],"tags":[1111,11,9601,14001,2430,9607,1777,674,10608,1011,27,2731,3081,51496,51497,51498,12,9609,15923,25,14009,51499],"class_list":{"0":"post-381845","1":"post","2":"type-post","3":"status-publish","4":"format-standard","5":"has-post-thumbnail","7":"category-grenoble","8":"tag-actu","9":"tag-actualites","10":"tag-alain-carignon","11":"tag-amandine-germain","12":"tag-auvergne-rhone-alpes","13":"tag-eric-piolle","14":"tag-eu","15":"tag-europe","16":"tag-eve-moulinier","17":"tag-fr","18":"tag-france","19":"tag-grenoble","20":"tag-jean-luc-melenchon","21":"tag-manon-laurent","22":"tag-maxime-gonzales","23":"tag-mounira-dabaji","24":"tag-news","25":"tag-pascal-clouaire","26":"tag-raphael-glucksmann","27":"tag-republique-francaise","28":"tag-romain-gentil","29":"tag-sarah-boukaala"},"share_on_mastodon":{"url":"https:\/\/pubeurope.com\/@fr\/115183697967758002","error":""},"_links":{"self":[{"href":"https:\/\/www.europesays.com\/fr\/wp-json\/wp\/v2\/posts\/381845","targetHints":{"allow":["GET"]}}],"collection":[{"href":"https:\/\/www.europesays.com\/fr\/wp-json\/wp\/v2\/posts"}],"about":[{"href":"https:\/\/www.europesays.com\/fr\/wp-json\/wp\/v2\/types\/post"}],"author":[{"embeddable":true,"href":"https:\/\/www.europesays.com\/fr\/wp-json\/wp\/v2\/users\/2"}],"replies":[{"embeddable":true,"href":"https:\/\/www.europesays.com\/fr\/wp-json\/wp\/v2\/comments?post=381845"}],"version-history":[{"count":0,"href":"https:\/\/www.europesays.com\/fr\/wp-json\/wp\/v2\/posts\/381845\/revisions"}],"wp:featuredmedia":[{"embeddable":true,"href":"https:\/\/www.europesays.com\/fr\/wp-json\/wp\/v2\/media\/381846"}],"wp:attachment":[{"href":"https:\/\/www.europesays.com\/fr\/wp-json\/wp\/v2\/media?parent=381845"}],"wp:term":[{"taxonomy":"category","embeddable":true,"href":"https:\/\/www.europesays.com\/fr\/wp-json\/wp\/v2\/categories?post=381845"},{"taxonomy":"post_tag","embeddable":true,"href":"https:\/\/www.europesays.com\/fr\/wp-json\/wp\/v2\/tags?post=381845"}],"curies":[{"name":"wp","href":"https:\/\/api.w.org\/{rel}","templated":true}]}}