{"id":381854,"date":"2025-09-11T04:12:11","date_gmt":"2025-09-11T04:12:11","guid":{"rendered":"https:\/\/www.europesays.com\/fr\/381854\/"},"modified":"2025-09-11T04:12:11","modified_gmt":"2025-09-11T04:12:11","slug":"on-est-en-droit-dattendre-que-le-service-municipal-du-bien-etre-animal-soigne-les-chats-blesses-ou-a-lagonie-a-nice-il-aide-les-chats-errants-mais-se-sent-abandonne","status":"publish","type":"post","link":"https:\/\/www.europesays.com\/fr\/381854\/","title":{"rendered":"\u00ab\u00a0On est en droit d\u2019attendre que le service municipal du bien-\u00eatre animal soigne les chats bless\u00e9s ou \u00e0 l\u2019agonie\u00a0\u00bb: \u00e0 Nice, il aide les chats errants, mais se sent abandonn\u00e9"},"content":{"rendered":"<p>Les chats, c\u2019est sa passion. Et en m\u00eame temps, son d\u00e9sespoir. Eric Desbois vient en aide \u00e0 tous les chats du quartier. Les esseul\u00e9s, les caboss\u00e9s, les bless\u00e9s, les malades. Un engagement \u00e0 propos duquel ce riverain de Saint-Roch se sent bien seul. Pour ne pas dire abandonn\u00e9. \u00c0 l\u2019image de ces f\u00e9lins livr\u00e9s \u00e0 eux-m\u00eames d\u00e8s la naissance, qu\u2019il nourrit, abreuve, soigne comme il peut. Chez lui, il y en a cinq, dont trois petits et leur m\u00e8re, r\u00e9cup\u00e9r\u00e9s il y a peu, en piteux \u00e9tat. Et qui commencent \u00e0 savourer leur nouvelle vie entre coussins moelleux et liti\u00e8res propres. Choy\u00e9s par Eric et son \u00e9pouse. Mais dehors, boulevard Pape Jean-XXIII et dans les environs, entre clos de boules et \u00e9cole des Orangers, des zones bois\u00e9es, envahies de ronces et de d\u00e9chets en tous genres, sont les habitations de fortune et \u00e0 ciel ouvert des chats en survie.<\/p>\n<p>Croquettes et p\u00e2t\u00e9s \u00e0 ses frais<\/p>\n<p>Eric Desbois raconte: \u00ab\u00a0On avait une voisine qui aidait les chats. Cela remonte \u00e0 4 ans. Je lui donnais un coup de main. Elle est d\u00e9c\u00e9d\u00e9e cette ann\u00e9e, alors, j\u2019ai repris le relais. Je nourris les chats en difficult\u00e9 dans le secteur. Avec des croquettes, de la p\u00e2t\u00e9e que j\u2019ach\u00e8te. Je leur donne \u00e0 boire aussi. Le jour, on les voit peu. Ils sortent le soir. Il y en a une vingtaine. Des m\u00e2les, des femelles, des petits qui naissent \u00e0 intervalles r\u00e9guliers.\u00a0\u00bb<\/p>\n<p>Des animaux mal n\u00e9s: \u00ab\u00a0J\u2019ai vu des chats d\u00e9chiqueter des sacs-poubelles ou d\u00e9vorer des cro\u00fbtons de pain!\u00a0\u00bb Des affam\u00e9s. Portant parfois des entailles, des plaies \u00e0 la t\u00eate, sur le corps. \u00ab\u00a0Il y a 2 ans, j\u2019ai trouv\u00e9 un chat avec un \u0153il ouvert. Une b\u00e9n\u00e9vole d\u2019une association de d\u00e9fense f\u00e9line a tent\u00e9 de le capturer. En vain. J\u2019y suis finalement parvenu. J\u2019ai m\u00eame fait d\u2019autres captures. En tout, trois chats. Soign\u00e9s par un v\u00e9t\u00e9rinaire et st\u00e9rilis\u00e9s gr\u00e2ce \u00e0 la Fondation 30 Millions d\u2019Amis qui finance des bons de st\u00e9rilisation. C\u2019est en mettant le pied dans cet univers de d\u00e9tresse, de chattes enceintes, de chatons en p\u00e9ril, difficiles \u00e0 approcher, que j\u2019ai pris conscience de l\u2019ampleur du probl\u00e8me. C\u2019est \u00e0 ce moment-l\u00e0 que j\u2019ai voulu prendre contact, cet \u00e9t\u00e9, avec le service municipal du bien-\u00eatre animal.\u00a0\u00bb<\/p>\n<p>\u00a0\u00bb Je n\u2019ai pas ressenti d\u2019empathie\u00a0\u00bb<\/p>\n<p>              <img ci-src=\"https:\/\/www.nicematin.com\/animaux\/protec\/DATA_ART_16219395-otnv06Sl.jpg?vh=8e3289&amp;ci_seal=1f6d9a1d64\" alt=\"\"\/><br \/>\n        Deux chatons survivent gr\u00e2ce aux gamelles r\u00e9guli\u00e8res, mais restent vuln\u00e9rables. &#13;<br \/>\nPhoto Ch.R. <\/p>\n<p>Selon Eric Desbois, les choses ne se sont pas tr\u00e8s bien pass\u00e9es: \u00ab\u00a0Je n\u2019ai pas ressenti d\u2019empathie, d\u00e8s l\u2019accueil t\u00e9l\u00e9phonique. J\u2019ai aussi le sentiment que c\u2019est un service fant\u00f4me, qui ne fait rien. Or, on est en droit d\u2019attendre qu\u2019il soigne les chats bless\u00e9s ou \u00e0 l\u2019agonie. J\u2019ai vu des petits chats mourir sur place&#8230; Le Code rural impose aux municipalit\u00e9s la gestion des chats errants&#8230;\u00a0\u00bb<\/p>\n<p>D\u2019autre part, ce riverain de Saint-Roch affirme avoir multipli\u00e9 les d\u00e9marches aupr\u00e8s de refuges et d\u2019associations de protection animale. En vain selon lui: \u00ab\u00a0Tous disent \u00eatre d\u00e9bord\u00e9s, ne pas disposer de mat\u00e9riel et on dirait que les chatons ne les int\u00e9ressent pas, car on ne peut pas encore les st\u00e9riliser.\u00a0\u00bb Il en faut plus pour d\u00e9courager cet ami des matous: \u00ab\u00a0J\u2019ai envoy\u00e9 un courrier au pr\u00e9fet, il y a trois semaines. Je n\u2019ai toujours pas de r\u00e9ponse. J\u2019ai en outre signal\u00e9 l\u2019inaction du service bien-\u00eatre animal au d\u00e9partement juridique de la Fondation Brigitte Bardot&#8230;\u00a0\u00bb<\/p>\n<p>Henry-Jean Servat, l\u2019adjoint \u00e0 qui le maire de Nice a retir\u00e9 sa d\u00e9l\u00e9gation pour la protection des animaux, en juin 2023, pour avoir critiqu\u00e9 sa politique culturelle, est lui aussi sur le coup. Le journaliste people ami des stars, toujours \u00e9lu \u00e0 Nice, a conseill\u00e9 \u00e0 l\u2019habitant de Saint-Roch de reprendre attache avec la Fondation Brigitte Bardot \u00ab\u00a0pour savoir exactement ce que nous pouvons demander comme aide \u00e0 la Ville\u00a0\u00bb.<\/p>\n<p>La Ville soutient les actions associatives<\/p>\n<p>Concernant l\u2019aide de la Ville, Richard Chemla, adjoint d\u00e9l\u00e9gu\u00e9 \u00e0 la Protection animale, apporte une r\u00e9ponse tout en applaudissant l\u2019action d\u2019Eric Desbois: \u00ab\u00a02 reprises, j\u2019ai eu ce monsieur au t\u00e9l\u00e9phone et je lui ai dit bravo pour sa tr\u00e8s bonne initiative. Seulement, je lui ai sugg\u00e9r\u00e9 de rejoindre une association ou d\u2019en cr\u00e9er une, car nous, Ville de Nice, nous ne pouvons pas aider les particuliers. On a d\u00e9j\u00e0 cinq ou six associations qu\u2019on subventionne. Je n\u2019arrive pas \u00e0 comprendre pourquoi ce monsieur continue d\u2019agir seul.\u00a0\u00bb<\/p>\n<p>\u00c0 propos des chats de Saint-Roch: \u00ab\u00a0Notre d\u00e9l\u00e9gation est all\u00e9e plus de sept fois dans ce quartier pour faire le point avec diverses associations. Nous ne travaillons qu\u2019avec des associations agr\u00e9\u00e9es.\u00a0\u00bb<\/p>\n<p>Quant aux st\u00e9rilisations de f\u00e9lins, Richard Chemla les \u00e9value, pour toute la ville, \u00ab\u00a0entre 350 et 400 par an\u00a0\u00bb. Une action \u00e0 laquelle participe une autre structure: \u00ab\u00a0La Ville de Nice donne entre 20 et 30.000 euros annuels. La Fondation 30 Millions d\u2019amis en am\u00e8ne autant.\u00a0\u00bb<\/p>\n<p>Un manque de b\u00e9n\u00e9voles<\/p>\n<p>L\u2019investissement d\u2019Eric Desbois est \u00e9galement salu\u00e9 par l\u2019association Assistochat, qui veut quand m\u00eame recadrer un peu les choses. Corinne, b\u00e9n\u00e9vole depuis 10 ans, t\u00e9moigne: \u00ab\u00a0Ce monsieur, tr\u00e8s volontaire, tr\u00e8s investi, je l\u2019aide depuis 2 ans pour les captures et pour trouver des familles d\u2019accueil. C\u2019est vrai, la situation est compliqu\u00e9e, mais il ne faut pas d\u00e9crier le travail des associations. C\u2019est du b\u00e9n\u00e9volat en plus de notre m\u00e9tier, tr\u00e8s t\u00f4t le matin, tr\u00e8s tard le soir.\u00a0\u00bb<\/p>\n<p>Un manque de b\u00e9n\u00e9voles? Probablement. St\u00e9phanie, autre membre d\u2019Assistochat confirme: \u00ab\u00a0Trois capteurs pour deux associations sur la ville, ce n\u2019est pas beaucoup et il y a des \u00eelots de chats errants partout. Les cages de captures sont achet\u00e9es par les b\u00e9n\u00e9voles. Depuis 2023, nous sommes toujours venues lorsque Monsieur Desbois nous a appel\u00e9es. On fait ce qu\u2019on peut. Les \u00e9lus ne donnent pas les moyens n\u00e9cessaires pour r\u00e9duire ces foyers de d\u00e9tresse et il y a peut-\u00eatre un tour de table \u00e0 envisager pour am\u00e9liorer les choses&#8230;\u00a0\u00bb<\/p>\n","protected":false},"excerpt":{"rendered":"Les chats, c\u2019est sa passion. Et en m\u00eame temps, son d\u00e9sespoir. Eric Desbois vient en aide \u00e0 tous&hellip;\n","protected":false},"author":2,"featured_media":381855,"comment_status":"","ping_status":"","sticky":false,"template":"","format":"standard","meta":{"footnotes":""},"categories":[2819],"tags":[1111,11,1867,1777,674,1011,27,12,2401,882,25],"class_list":{"0":"post-381854","1":"post","2":"type-post","3":"status-publish","4":"format-standard","5":"has-post-thumbnail","7":"category-nice","8":"tag-actu","9":"tag-actualites","10":"tag-animaux","11":"tag-eu","12":"tag-europe","13":"tag-fr","14":"tag-france","15":"tag-news","16":"tag-nice","17":"tag-provence-alpes-cote-dazur","18":"tag-republique-francaise"},"share_on_mastodon":{"url":"https:\/\/pubeurope.com\/@fr\/115183717258248394","error":""},"_links":{"self":[{"href":"https:\/\/www.europesays.com\/fr\/wp-json\/wp\/v2\/posts\/381854","targetHints":{"allow":["GET"]}}],"collection":[{"href":"https:\/\/www.europesays.com\/fr\/wp-json\/wp\/v2\/posts"}],"about":[{"href":"https:\/\/www.europesays.com\/fr\/wp-json\/wp\/v2\/types\/post"}],"author":[{"embeddable":true,"href":"https:\/\/www.europesays.com\/fr\/wp-json\/wp\/v2\/users\/2"}],"replies":[{"embeddable":true,"href":"https:\/\/www.europesays.com\/fr\/wp-json\/wp\/v2\/comments?post=381854"}],"version-history":[{"count":0,"href":"https:\/\/www.europesays.com\/fr\/wp-json\/wp\/v2\/posts\/381854\/revisions"}],"wp:featuredmedia":[{"embeddable":true,"href":"https:\/\/www.europesays.com\/fr\/wp-json\/wp\/v2\/media\/381855"}],"wp:attachment":[{"href":"https:\/\/www.europesays.com\/fr\/wp-json\/wp\/v2\/media?parent=381854"}],"wp:term":[{"taxonomy":"category","embeddable":true,"href":"https:\/\/www.europesays.com\/fr\/wp-json\/wp\/v2\/categories?post=381854"},{"taxonomy":"post_tag","embeddable":true,"href":"https:\/\/www.europesays.com\/fr\/wp-json\/wp\/v2\/tags?post=381854"}],"curies":[{"name":"wp","href":"https:\/\/api.w.org\/{rel}","templated":true}]}}