{"id":381856,"date":"2025-09-11T04:13:12","date_gmt":"2025-09-11T04:13:12","guid":{"rendered":"https:\/\/www.europesays.com\/fr\/381856\/"},"modified":"2025-09-11T04:13:12","modified_gmt":"2025-09-11T04:13:12","slug":"des-recherches-sous-marines-prevues-avant-la-fin-de-lannee-un-espoir-pour-les-familles-de-victimes","status":"publish","type":"post","link":"https:\/\/www.europesays.com\/fr\/381856\/","title":{"rendered":"des recherches sous-marines pr\u00e9vues avant la fin de l&rsquo;ann\u00e9e, un espoir pour les familles de victimes ?"},"content":{"rendered":"<p class=\"article__intro\">Alors que le crash de la caravelle Ajaccio-Nice f\u00eate ce jeudi son 57e anniversaire, les familles des victimes ne renoncent toujours pas \u00e0 conna\u00eetre un jour la v\u00e9rit\u00e9 sur l&rsquo;accident qui a co\u00fbt\u00e9 la vie \u00e0 95 personnes. De nouvelles recherches sur l&rsquo;\u00e9pave de l&rsquo;avion, au large d&rsquo;Antibes, vont \u00eatre men\u00e9es entre la fin de cette ann\u00e9e et mi-2026.<\/p>\n<p>\n      L\u2019actu des r\u00e9gions\n    <\/p>\n<p>\n      Chaque jour, un tour d\u2019horizon des principales infos de toutes les r\u00e9gions.\n    <\/p>\n<p>    France T\u00e9l\u00e9visions utilise votre adresse e-mail afin de vous envoyer la newsletter \u00ab\u00a0L\u2019actu des r\u00e9gions\u00a0\u00bb. Vous pouvez vous d\u00e9sinscrire \u00e0 tout moment via le lien en bas de cette newsletter. <a target=\"_blank\" href=\"https:\/\/www.francetelevisions.fr\/groupe\/confidentialite\/politique-de-confidentialite\/politique-de-confidentialite-de-france-televisions-6503\" rel=\"nofollow noopener\">Notre politique de confidentialit\u00e9<\/a><\/p>\n<p>\u00ab\u00a0Une avanc\u00e9e historique dans le combat men\u00e9 par les familles des victimes depuis 57 ans\u00a0\u00bb. C&rsquo;est ainsi qu&rsquo;est qualifi\u00e9e la d\u00e9cision de mener de nouvelles recherches en mer pour tenter de localiser les d\u00e9bris de la Caravelle Ajaccio-Nice.<\/p>\n<p>Une annonce faite dans un communiqu\u00e9 des avocats des familles de victimes du crash a\u00e9rien qui a eu lieu au large d&rsquo;Antibes le 11 septembre 1968 et fait 95 victimes, qui f\u00eate son triste anniversaire ce jeudi.<\/p>\n<p>Une premi\u00e8re campagne est pr\u00e9vue fin 2025, sur une zone cibl\u00e9e de 8 km, pour tenter de localiser l&rsquo;\u00e9pave et le cas \u00e9ch\u00e9ant, prendre des photographies sous-marines.<\/p>\n<p>En cas d\u2019\u00e9chec de ces op\u00e9rations ou d\u2019impossibilit\u00e9 de retrouver les d\u00e9bris, une seconde s\u00e9rie de recherches sera r\u00e9alis\u00e9e \u00e0 la mi-2026, sur une zone plus large et \u00e0 l&rsquo;aide d&rsquo;importants moyens techniques.<\/p>\n<p>Ces recherches ont \u00e9t\u00e9 autoris\u00e9es en octobre 2024 par le Procureur de la R\u00e9publique de Nice, puis <a href=\"https:\/\/france3-regions.franceinfo.fr\/provence-alpes-cote-d-azur\/alpes-maritimes\/nice\/crash-de-la-caravelle-ajaccio-nice-en-1968-une-plongee-sur-l-epave-de-l-avion-sera-possible-3111334.html\" target=\"_blank\" data-tooltip-url=\"https:\/\/france3-regions.franceinfo.fr\/provence-alpes-cote-d-azur\/alpes-maritimes\/nice\/crash-de-la-caravelle-ajaccio-nice-en-1968-une-plongee-sur-l-epave-de-l-avion-sera-possible-3111334.html\" rel=\"noopener nofollow\">par le juge d&rsquo;instruction en f\u00e9vrier 2025.<\/a> Le tout, suite \u00e0 une longue bataille judiciaire des familles de victimes.<\/p>\n<p><a data-article-figure=\"\" href=\"https:\/\/france3-regions.franceinfo.fr\/image\/ta04GiiIDNXsMtNGNCh-5gJXry8\/1600x900\/regions\/2024\/10\/24\/whatsapp-image-2024-10-24-at-12-26-57-671a2122ce894862743320.jpeg\" data-pswp-width=\"1600\" data-pswp-height=\"900\" target=\"_blank\" rel=\"nofollow noopener\"><\/p>\n<p>          <img width=\"600\" height=\"400\" class=\"article-image lazy\" data-src=\"https:\/\/www.europesays.com\/fr\/wp-content\/uploads\/2025\/09\/whatsapp-image-2024-10-24-at-12-26-57-671a2122ce894862743320.jpeg\" alt=\"Les avocats et les familles esp\u00e8rent que l'\u00e9pave soit rep\u00each\u00e9e au large d'Antibes avant un rendez-vous \u00e0 l'Elys\u00e9e en octobre 2024.\" fetchpriority=\"high\" as=\"image\"\/><\/p>\n<p>\n            Les avocats et les familles esp\u00e8rent que l&rsquo;\u00e9pave soit rep\u00each\u00e9e au large d&rsquo;Antibes avant un rendez-vous \u00e0 l&rsquo;Elys\u00e9e en octobre 2024.<br \/>\n                           \u2022<br \/>\n                                      \u00a9 FTV\n                      <\/p>\n<p><\/a><\/p>\n<p>Ce ne sont pas les premi\u00e8res recherches qui sont men\u00e9es dans le cadre de cette affaire, toujours irr\u00e9solue depuis plus d&rsquo;un demi-si\u00e8cle. Au total, quatre campagnes de chalutage ont eu lieu afin de remonter les restes de la caravelle : la premi\u00e8re a d\u00e9but\u00e9 le 15 novembre 1968 et la derni\u00e8re s&rsquo;est termin\u00e9e le 13 avril 1971. Trois campagnes ont aussi eu lieu pour prendre des photos de l&rsquo;\u00e9pave de la caravelle entre 1969 et 1970.<\/p>\n<p>\u00c0 l\u2019\u00e9poque, plusieurs tonnes de d\u00e9bris ainsi que la bo\u00eete noire de l&rsquo;engin ont \u00e9t\u00e9 remont\u00e9es \u00e0 la surface. Mais aujourd&rsquo;hui, personne n&rsquo;est capable de dire o\u00f9 se trouvent ces \u00e9l\u00e9ments. L&rsquo;\u00e9pave, quant \u00e0 elle, se trouve toujours au large d&rsquo;Antibes, \u00e0 environ 2.300 km de profondeur.<\/p>\n<p>Selon Max Clanet, journaliste d&rsquo;investigation et auteur d&rsquo;un livre sur le sujet, d&rsquo;autres d\u00e9bris ont \u00e9t\u00e9 secr\u00e8tement rep\u00each\u00e9s et remis \u00e0 la Marine de Toulon, en 1971, lors de la derni\u00e8re op\u00e9ration de recherche.<\/p>\n<ul>\n<li>Reportage en 2011 sur ces fouilles et cette affaire :<\/li>\n<\/ul>\n<p>Les fr\u00e8res Paoli, pr\u00e9sidents de l&rsquo;Association des familles de victimes du crash de la Caravelle Ajaccio-Nice, se battent depuis 57 ans pour comprendre la mort de leurs parents et des 93 autres victimes. Depuis de nombreuses ann\u00e9es, ils demandent la reprise des fouilles. Pour eux, ces nouvelles recherchent redonnent un espoir d&rsquo;enfin conna\u00eetre la v\u00e9rit\u00e9.<\/p>\n<p>Les circonstances de cet accident n&rsquo;ont en effet toujours pas \u00e9t\u00e9 \u00e9claircies. Les familles de victimes privil\u00e9gient toutefois la th\u00e8se d&rsquo;un missile qui aurait percut\u00e9 accidentellement l&rsquo;engin, \u00e0 l\u2019occasion d\u2019exercices militaires.<\/p>\n<p>L&rsquo;Arm\u00e9e fran\u00e7aise aurait alors, selon eux, tout fait pour tenir \u00e0 garder secret cet incident.<\/p>\n<p>\u00c0 l\u2019\u00e9poque, l&rsquo;enqu\u00eate qui a dur\u00e9 quatre ans, avait balay\u00e9 la th\u00e8se d&rsquo;un missile : fin 1972, un rapport a conclu \u00e0 un incendie d&rsquo;origine inconnu dans la cabine. En 1973, la justice avait prononc\u00e9 un non-lieu dans le cadre d&rsquo;une instruction pour homicide involontaire.<\/p>\n<p>Cette d\u00e9cision n\u2019a pas suffi pour convaincre les familles, <a href=\"https:\/\/france3-regions.franceinfo.fr\/provence-alpes-cote-d-azur\/alpes-maritimes\/nice\/11-septembre-1968-la-caravelle-ajaccio-nice-s-ecrasait-en-mer-il-faut-que-l-etat-dise-oui-on-a-fait-une-erreur-3030080.html\" target=\"_blank\" data-tooltip-url=\"https:\/\/france3-regions.franceinfo.fr\/provence-alpes-cote-d-azur\/alpes-maritimes\/nice\/11-septembre-1968-la-caravelle-ajaccio-nice-s-ecrasait-en-mer-il-faut-que-l-etat-dise-oui-on-a-fait-une-erreur-3030080.html\" rel=\"noopener nofollow\">qui ont toujours cru \u00e0 la th\u00e8se du missile<\/a>. Une hypoth\u00e8se renforc\u00e9e au fil des ann\u00e9es par \u00ab\u00a0une centaine de t\u00e9moignages\u00a0\u00bb et une opacit\u00e9 concernant certains \u00e9l\u00e9ments de preuves. Mathieu Paoli demande donc au gouvernement de prendre ses responsabilit\u00e9s apr\u00e8s tant d&rsquo;ann\u00e9es : \u00ab\u00a0On veut que l&rsquo;\u00c9tat reconnaisse le tir de missile qui a eu lieu ce jour-l\u00e0\u00a0\u00bb, dit-il \u00e0 France 3 C\u00f4te d&rsquo;Azur.<\/p>\n<blockquote class=\"ftvi_content_quote\">\n<p class=\"ftvi_citation_quote\">On veut une photo de la carlingue de l&rsquo;avion, avec le r\u00e9acteur, pour voir s&rsquo;il a \u00e9t\u00e9 effectivement \u00e9t\u00e9 touch\u00e9 par un missile.<\/p>\n<p>Mathieu Paoli, pr\u00e9sident de l&rsquo;Association des familles de victimes du crash de la Caravelle Ajaccio-Nice<\/p>\n<p class=\"ftvi_citation_source\">\u00e0 France 3 C\u00f4te d&rsquo;Azur<\/p>\n<\/blockquote>\n<p>Une revendication partag\u00e9e par Sauveur Filippeddu, qui a perdu ses parents et sa s\u0153ur dans l&rsquo;accident. Ce mardi 9 septembre, il \u00e9tait pr\u00e9sent lors du rassemblement annuel \u00e0 Nice en hommage aux victimes, comme de nombreuses personnes chaque ann\u00e9e.\u00a0\u00bbNous voulons la v\u00e9rit\u00e9, reconnue par l&rsquo;\u00e9tat, que c&rsquo;est bien un missile qui a frapp\u00e9 cet avion. Tout le monde le sait, on a des t\u00e9moignages, et on a toujours espoir apr\u00e8s 57 ans de conna\u00eetre la v\u00e9rit\u00e9\u00a0\u00bb, affirme-t-il.<\/p>\n<p>Des soup\u00e7ons s\u00e9rieux existent en effet sur de potentielles dissimulations de preuves dans le cadre de cette affaire. Et c&rsquo;est pour cette raison que le procureur de la R\u00e9publique de Nice, Eric de Montgolfier, avait accept\u00e9 de rouvrir l&rsquo;enqu\u00eate en 2012.<\/p>\n<p>Cela concernerait notamment une bande sonore saisie en 1968 dans les locaux de France 3 C\u00f4te d&rsquo;Azur, ou encore un rapport confidentiel d&rsquo;un secr\u00e9taire de l&rsquo;arm\u00e9e, qui aurait \u00e9t\u00e9 r\u00e9dig\u00e9 \u00e0 l&rsquo;\u00e9poque mais qui n&rsquo;a jamais figur\u00e9 dans les pi\u00e8ces du dossier.<\/p>\n<p>Suite \u00e0 une enqu\u00eate men\u00e9e par la gendarmerie de Nice en 2018, le juge d&rsquo;instruction a demand\u00e9 officiellement au Premier ministre de l&rsquo;\u00e9poque, Edouard Philippe, de lever le secret-d\u00e9fense sur les tirs de missiles men\u00e9s \u00e0 cette \u00e9poque dans le sud-est de la France.<\/p>\n<p>La lev\u00e9e totale n&rsquo;a pas eu lieu, mais certains documents ont \u00e9t\u00e9 d\u00e9classifi\u00e9s.<\/p>\n","protected":false},"excerpt":{"rendered":"Alors que le crash de la caravelle Ajaccio-Nice f\u00eate ce jeudi son 57e anniversaire, les familles des victimes&hellip;\n","protected":false},"author":2,"featured_media":381857,"comment_status":"","ping_status":"","sticky":false,"template":"","format":"standard","meta":{"footnotes":""},"categories":[2819],"tags":[1111,11,1777,674,1011,27,12,2401,882,25],"class_list":{"0":"post-381856","1":"post","2":"type-post","3":"status-publish","4":"format-standard","5":"has-post-thumbnail","7":"category-nice","8":"tag-actu","9":"tag-actualites","10":"tag-eu","11":"tag-europe","12":"tag-fr","13":"tag-france","14":"tag-news","15":"tag-nice","16":"tag-provence-alpes-cote-dazur","17":"tag-republique-francaise"},"share_on_mastodon":{"url":"https:\/\/pubeurope.com\/@fr\/115183721072891498","error":""},"_links":{"self":[{"href":"https:\/\/www.europesays.com\/fr\/wp-json\/wp\/v2\/posts\/381856","targetHints":{"allow":["GET"]}}],"collection":[{"href":"https:\/\/www.europesays.com\/fr\/wp-json\/wp\/v2\/posts"}],"about":[{"href":"https:\/\/www.europesays.com\/fr\/wp-json\/wp\/v2\/types\/post"}],"author":[{"embeddable":true,"href":"https:\/\/www.europesays.com\/fr\/wp-json\/wp\/v2\/users\/2"}],"replies":[{"embeddable":true,"href":"https:\/\/www.europesays.com\/fr\/wp-json\/wp\/v2\/comments?post=381856"}],"version-history":[{"count":0,"href":"https:\/\/www.europesays.com\/fr\/wp-json\/wp\/v2\/posts\/381856\/revisions"}],"wp:featuredmedia":[{"embeddable":true,"href":"https:\/\/www.europesays.com\/fr\/wp-json\/wp\/v2\/media\/381857"}],"wp:attachment":[{"href":"https:\/\/www.europesays.com\/fr\/wp-json\/wp\/v2\/media?parent=381856"}],"wp:term":[{"taxonomy":"category","embeddable":true,"href":"https:\/\/www.europesays.com\/fr\/wp-json\/wp\/v2\/categories?post=381856"},{"taxonomy":"post_tag","embeddable":true,"href":"https:\/\/www.europesays.com\/fr\/wp-json\/wp\/v2\/tags?post=381856"}],"curies":[{"name":"wp","href":"https:\/\/api.w.org\/{rel}","templated":true}]}}