{"id":381858,"date":"2025-09-11T04:14:35","date_gmt":"2025-09-11T04:14:35","guid":{"rendered":"https:\/\/www.europesays.com\/fr\/381858\/"},"modified":"2025-09-11T04:14:35","modified_gmt":"2025-09-11T04:14:35","slug":"un-algerien-multirecidiviste-arrete-apres-une-serie-de-cambriolages-acrobatiques","status":"publish","type":"post","link":"https:\/\/www.europesays.com\/fr\/381858\/","title":{"rendered":"un Alg\u00e9rien multir\u00e9cidiviste arr\u00eat\u00e9 apr\u00e8s une s\u00e9rie de cambriolages acrobatiques"},"content":{"rendered":"<p>Depuis le mois de juillet, <a href=\"https:\/\/www.ouest-france.fr\/societe\/faits-divers\/le-cambrioleur-tres-agile-escaladait-les-maisons-a-nantes-des-victimes-lui-ont-couru-apres-09115072-8c95-11f0-a86a-c405a2987708\" rel=\"nofollow noopener\" target=\"_blank\">les quartiers de l\u2019ouest de Nantes et de Saint-Herblain vivaient dans la crainte.<\/a> T\u00f4t le matin, un homme escaladait fa\u00e7ades et goutti\u00e8res pour p\u00e9n\u00e9trer dans des appartements par les fen\u00eatres laiss\u00e9es ouvertes. Bijoux, montres, ordinateurs, t\u00e9l\u00e9phones : le butin \u00e9tait \u00e0 chaque fois l\u00e9ger et transportable, mais les victimes se comptent par dizaines, souvent des personnes \u00e2g\u00e9es.<\/p>\n<p>L\u2019agilit\u00e9 du voleur lui avait valu le surnom d\u2019\u00ab acrobate \u00bb, et son mode op\u00e9ratoire semait la panique dans plusieurs secteurs : boulevard du Tertre, Romanet, Tillay, Duranti\u00e8re, Preux-Cr\u00e9meterie\u2026<\/p>\n<p>Un Alg\u00e9rien d\u00e9j\u00e0 connu de la justice<\/p>\n<p>L\u2019homme interpell\u00e9 vendredi 5 septembre est un\u00a0<strong>Alg\u00e9rien de 38 ans<\/strong>, d\u00e9j\u00e0 condamn\u00e9 pour vol en 2015. Selon la police, il avait repris ses activit\u00e9s d\u00e9lictueuses en plein \u00e9t\u00e9 malgr\u00e9 une pr\u00e9c\u00e9dente arrestation pour recel. Rel\u00e2ch\u00e9 d\u00e9but ao\u00fbt apr\u00e8s une proc\u00e9dure simplifi\u00e9e, il avait recommenc\u00e9 \u00e0 cambrioler quelques jours plus tard.<\/p>\n<p>Son profil confirme la r\u00e9currence de d\u00e9linquants \u00e9trangers d\u00e9j\u00e0 pass\u00e9s par la justice fran\u00e7aise mais toujours pr\u00e9sents sur le territoire, malgr\u00e9 les condamnations ant\u00e9rieures.<\/p>\n<p>L\u2019enqu\u00eate a connu un tournant le 18 ao\u00fbt. Surpris en train de d\u00e9rober une bo\u00eete \u00e0 bijoux, le cambrioleur a \u00e9t\u00e9 poursuivi par un habitant. Dans sa fuite, il a abandonn\u00e9 le butin\u2026 et surtout son t\u00e9l\u00e9phone portable. Ce dernier a permis aux enqu\u00eateurs de remonter jusqu\u2019\u00e0 son lieu d\u2019h\u00e9bergement, dans le quartier Bellevue, connu pour ses difficult\u00e9s.<\/p>\n<p>Les policiers de la brigade des atteintes aux biens l\u2019ont plac\u00e9 sous surveillance et ont fini par l\u2019arr\u00eater au retour d\u2019un nouveau cambriolage. Une perquisition a permis de saisir de nombreux objets vol\u00e9s, du mat\u00e9riel destin\u00e9 \u00e0 tester l\u2019or et m\u00eame quelques grammes de coca\u00efne.<\/p>\n<p>\u00c0 ce jour, seize cambriolages lui sont officiellement reproch\u00e9s, mais la police soup\u00e7onne un nombre bien sup\u00e9rieur de faits. Les enqu\u00eateurs appellent d\u2019ailleurs les habitants \u00e0 se manifester s\u2019ils reconnaissent leurs biens parmi les saisies effectu\u00e9es.<\/p>\n<p>Pr\u00e9sent\u00e9 en comparution imm\u00e9diate le lundi 8 septembre devant le tribunal de Nantes, l\u2019homme encourt plusieurs ann\u00e9es de prison pour vols aggrav\u00e9s.<\/p>\n<p>Cette s\u00e9rie de cambriolages rappelle une fois de plus la vuln\u00e9rabilit\u00e9 de nombreux quartiers face \u00e0 une d\u00e9linquance itin\u00e9rante et r\u00e9cidiviste. Elle soul\u00e8ve aussi la question de la pr\u00e9sence sur le sol fran\u00e7ais d\u2019\u00e9trangers d\u00e9j\u00e0 condamn\u00e9s, remis en libert\u00e9 mais continuant leurs activit\u00e9s criminelles.<\/p>\n<p>\u00c0 Nantes comme ailleurs, l\u2019ins\u00e9curit\u00e9 du quotidien se traduit par des habitants contraints de courir apr\u00e8s les voleurs pour pallier les failles d\u2019un syst\u00e8me judiciaire jug\u00e9 trop laxiste.<\/p>\n<p>Photo : DR<br \/>[cc] Article relu et corrig\u00e9 (orthogaphe, syntaxe) par ChatGPT. Breizh-info.com, 2025, d\u00e9p\u00eaches libres de copie et de diffusion sous r\u00e9serve de mention et de lien vers la source d\u2019origine..\u00a0<\/p>\n","protected":false},"excerpt":{"rendered":"Depuis le mois de juillet, les quartiers de l\u2019ouest de Nantes et de Saint-Herblain vivaient dans la crainte.&hellip;\n","protected":false},"author":2,"featured_media":34813,"comment_status":"","ping_status":"","sticky":false,"template":"","format":"standard","meta":{"footnotes":""},"categories":[2818],"tags":[1111,11,4345,1777,674,1011,27,766,12,2636,25],"class_list":{"0":"post-381858","1":"post","2":"type-post","3":"status-publish","4":"format-standard","5":"has-post-thumbnail","7":"category-nantes","8":"tag-actu","9":"tag-actualites","10":"tag-algerien","11":"tag-eu","12":"tag-europe","13":"tag-fr","14":"tag-france","15":"tag-nantes","16":"tag-news","17":"tag-pays-de-la-loire","18":"tag-republique-francaise"},"share_on_mastodon":{"url":"https:\/\/pubeurope.com\/@fr\/115183725062657857","error":""},"_links":{"self":[{"href":"https:\/\/www.europesays.com\/fr\/wp-json\/wp\/v2\/posts\/381858","targetHints":{"allow":["GET"]}}],"collection":[{"href":"https:\/\/www.europesays.com\/fr\/wp-json\/wp\/v2\/posts"}],"about":[{"href":"https:\/\/www.europesays.com\/fr\/wp-json\/wp\/v2\/types\/post"}],"author":[{"embeddable":true,"href":"https:\/\/www.europesays.com\/fr\/wp-json\/wp\/v2\/users\/2"}],"replies":[{"embeddable":true,"href":"https:\/\/www.europesays.com\/fr\/wp-json\/wp\/v2\/comments?post=381858"}],"version-history":[{"count":0,"href":"https:\/\/www.europesays.com\/fr\/wp-json\/wp\/v2\/posts\/381858\/revisions"}],"wp:featuredmedia":[{"embeddable":true,"href":"https:\/\/www.europesays.com\/fr\/wp-json\/wp\/v2\/media\/34813"}],"wp:attachment":[{"href":"https:\/\/www.europesays.com\/fr\/wp-json\/wp\/v2\/media?parent=381858"}],"wp:term":[{"taxonomy":"category","embeddable":true,"href":"https:\/\/www.europesays.com\/fr\/wp-json\/wp\/v2\/categories?post=381858"},{"taxonomy":"post_tag","embeddable":true,"href":"https:\/\/www.europesays.com\/fr\/wp-json\/wp\/v2\/tags?post=381858"}],"curies":[{"name":"wp","href":"https:\/\/api.w.org\/{rel}","templated":true}]}}