{"id":381859,"date":"2025-09-11T04:15:12","date_gmt":"2025-09-11T04:15:12","guid":{"rendered":"https:\/\/www.europesays.com\/fr\/381859\/"},"modified":"2025-09-11T04:15:12","modified_gmt":"2025-09-11T04:15:12","slug":"quand-on-a-trouve-cette-piste-on-la-gardee-en-mal-de-logement-ces-etudiants-ont-choisi-de-vivre-au-camping","status":"publish","type":"post","link":"https:\/\/www.europesays.com\/fr\/381859\/","title":{"rendered":"\u00ab\u00a0Quand on a trouv\u00e9 cette piste, on l&rsquo;a gard\u00e9e\u00a0\u00bb, en mal de logement, ces \u00e9tudiants ont choisi de vivre au camping"},"content":{"rendered":"<p class=\"article__intro\">Situ\u00e9 tout pr\u00e8s de la facult\u00e9, le camping du Petit Port, au nord de Nantes, accueille une vingtaine d\u2019\u00e9tudiants dans ses mobil-home. Seule alternative trouv\u00e9e pour pallier le manque disponibilit\u00e9s de studios en centre-ville. Visite avec Lilou et Ma\u00efna.<\/p>\n<p>\n      La Quotidienne Soci\u00e9t\u00e9\n    <\/p>\n<p>\n      De la vie quotidienne aux grands enjeux, recevez tous les jours les sujets qui font la soci\u00e9t\u00e9 locale, comme la justice, l\u2019\u00e9ducation, la sant\u00e9 et la famille.\n    <\/p>\n<p>    France T\u00e9l\u00e9visions utilise votre adresse e-mail afin de vous envoyer la newsletter \u00ab\u00a0La Quotidienne Soci\u00e9t\u00e9\u00a0\u00bb. Vous pouvez vous d\u00e9sinscrire \u00e0 tout moment via le lien en bas de cette newsletter. <a target=\"_blank\" href=\"https:\/\/www.francetelevisions.fr\/groupe\/confidentialite\/politique-de-confidentialite\/politique-de-confidentialite-de-france-televisions-6503\" rel=\"nofollow noopener\">Notre politique de confidentialit\u00e9<\/a><\/p>\n<p>Bienvenue dans les 16 m\u00b2 de Lilou. L&rsquo;\u00e9tudiante entame sa deuxi\u00e8me ann\u00e9e de fac \u00e0 Nantes dans ce mobil-home, le seul logement qu&rsquo;elle ait trouv\u00e9 avec ses parents.<\/p>\n<p>\u00ab\u00a0On cherchait un logement, plut\u00f4t en r\u00e9sidence \u00e9tudiante, mais on n&rsquo;a rien trouv\u00e9.\u00a0Il y en avait un mais qui \u00e9tait tr\u00e8s loin et comme je ne connais pas la ville, je ne voulais pas forc\u00e9ment m&#8217;emb\u00eater avec les transports en commun\u00a0\u00bb.<\/p>\n<p>Loyer : 550 euros charges comprises. <\/p>\n<p>\u00c0 quelques m\u00e8tres de son mobil-home, Ma\u00efna paie encore moins cher. Elle a opt\u00e9 pour la colocation. <\/p>\n<p>\u00ab\u00a0Ici, on a la premi\u00e8re chambre de ma coloc et puis ma chambre \u00e0 moi qui est de ce c\u00f4t\u00e9. On avait fait pas mal de recherches d\u00e8s le mois de janvier parce qu&rsquo;on savait qu&rsquo;on voulait faire une colocation, sauf qu&rsquo;on n&rsquo;a rien trouv\u00e9.\u00a0On a fait principalement des recherches sur des sites internet, on n&rsquo;a eu aucune visite\u00a0\u00bb, explique Ma\u00efna. \u00ab\u00a0Du coup, quand on a trouv\u00e9 cette piste, on l&rsquo;a gard\u00e9e. On paye 325 euros chacune\u00a0\u00bb.\u00a0 <\/p>\n<p>Son mobil-home fait 22 m\u00b2.\u00a0 La promiscuit\u00e9, c&rsquo;est le prix \u00e0 payer.<\/p>\n<p>Comme Lilou et Ma\u00efna, une vingtaine d&rsquo;\u00e9tudiants logent cette ann\u00e9e dans ce camping situ\u00e9 \u00e0 quelques m\u00e8tres des facult\u00e9s.\u00a0<\/p>\n<p>\u00ab\u00a0Tous les mobil-homes qui sont en bleu sur des longues dur\u00e9es, qui tra\u00eenent sur tout le mois, ce sont les mensuels, les \u00e9tudiants qui sont arriv\u00e9s pour la plupart au 1er septembre, en sachant qu&rsquo;il nous en reste deux \u00e0 arriver\u00a0\u00bb.<\/p>\n<p>Des tarifs attractifs dans un environnement bucolique, tr\u00e8s appr\u00e9ci\u00e9 par les \u00e9tudiants\u00a0: \u00ab\u00a0On cr\u00e9e autre chose qu&rsquo;un simple h\u00e9bergement. On est pr\u00e9sent, il y a de la s\u00e9curit\u00e9, on est l\u00e0, l&rsquo;accueil est ouvert, ils peuvent venir nous voir pour des probl\u00e9matiques x ou y, une voiture qui d\u00e9marre pas, on va aussi mettre les pinces pour red\u00e9marrer la voiture avec le tracteur du camping\u00a0\u00bb, d\u00e9taille Luc Bonnaud, le directeur du camping.<\/p>\n<p>Un camping cinq \u00e9toiles, avec un gardien et toutes sortes de services dignes de l&rsquo;h\u00f4tellerie de plein air\u00a0: \u00ab\u00a0L\u00e0, le camping, le cadre nous permet de faire des barbecues un peu, puis de r\u00e9unir les copains qui sont dans les appartements, donc \u00e7a qui est bien\u00a0\u00bb, appr\u00e9cient les \u00e9tudiants.<\/p>\n<p>\u00ab\u00a0L&rsquo;offre existe pour les \u00e9tudiants nantais\u00a0\u00bb <\/p>\n<p>Selon Gilberto Pellegrino, Pr\u00e9sident du Collectif Immobilier Nantes Atlantique (CINA) &#8211; qui rassemble des professionnels de l&rsquo;immobilier &#8211; \u00ab\u00a0le camping s\u2019est structur\u00e9 pour faire une offre. Je dirais que c\u2019est \u00e0 peu pr\u00e8s normal dans la mesure ou il se trouve au pied d\u2019un ensemble universitaire tr\u00e8s important de la ville donc il y a une logique d\u2019accueil de proximit\u00e9. Il y a un vrai besoin, sauf qu\u2019il faut resituer Nantes actuellement dans une logique de synergie avec d\u2019autres villes p\u00e9riph\u00e9riques\u00a0\u00bb. <\/p>\n<p>\u00ab\u00a0Nantes est une grande m\u00e9tropole d\u2019environ 1 million d\u2019habitants. Le prix moyen d\u2019un studio\u00a0: 511 euros du m\u00e8tre carr\u00e9 contre 480 euros pour Angers, mais avec une croissance du cout de loyer de 7 % contre une stagnation \u00e0 Nantes. Il y a une offre et une disponibilit\u00e9 possible pour les \u00e9tudiants \u00e0 Nantes\u00a0\u00bb.<\/p>\n<p>Avantage du camping : le dossier \u00e0 remplir est moins exigeant qu&rsquo;en agence immobili\u00e8re.\u00a0Une contrainte, de taille, ces locataires en camping ne peuvent pas toucher les aides aux logements.<\/p>\n<p>Avec Ma\u00eblle Kerguenou<\/p>\n<p><strong>Retrouvez-nous sur les r\u00e9seaux sociaux ou sur\u00a0<\/strong><a href=\"http:\/\/france.tv\" data-tooltip-url=\"http:\/\/france.tv\" rel=\"nofollow noopener\" target=\"_blank\"><strong>france.tv<\/strong><\/a><\/p>\n","protected":false},"excerpt":{"rendered":"Situ\u00e9 tout pr\u00e8s de la facult\u00e9, le camping du Petit Port, au nord de Nantes, accueille une vingtaine&hellip;\n","protected":false},"author":2,"featured_media":381860,"comment_status":"","ping_status":"","sticky":false,"template":"","format":"standard","meta":{"footnotes":""},"categories":[2818],"tags":[1111,11,1777,674,1011,27,766,12,2636,25],"class_list":{"0":"post-381859","1":"post","2":"type-post","3":"status-publish","4":"format-standard","5":"has-post-thumbnail","7":"category-nantes","8":"tag-actu","9":"tag-actualites","10":"tag-eu","11":"tag-europe","12":"tag-fr","13":"tag-france","14":"tag-nantes","15":"tag-news","16":"tag-pays-de-la-loire","17":"tag-republique-francaise"},"share_on_mastodon":{"url":"https:\/\/pubeurope.com\/@fr\/115183728983359154","error":""},"_links":{"self":[{"href":"https:\/\/www.europesays.com\/fr\/wp-json\/wp\/v2\/posts\/381859","targetHints":{"allow":["GET"]}}],"collection":[{"href":"https:\/\/www.europesays.com\/fr\/wp-json\/wp\/v2\/posts"}],"about":[{"href":"https:\/\/www.europesays.com\/fr\/wp-json\/wp\/v2\/types\/post"}],"author":[{"embeddable":true,"href":"https:\/\/www.europesays.com\/fr\/wp-json\/wp\/v2\/users\/2"}],"replies":[{"embeddable":true,"href":"https:\/\/www.europesays.com\/fr\/wp-json\/wp\/v2\/comments?post=381859"}],"version-history":[{"count":0,"href":"https:\/\/www.europesays.com\/fr\/wp-json\/wp\/v2\/posts\/381859\/revisions"}],"wp:featuredmedia":[{"embeddable":true,"href":"https:\/\/www.europesays.com\/fr\/wp-json\/wp\/v2\/media\/381860"}],"wp:attachment":[{"href":"https:\/\/www.europesays.com\/fr\/wp-json\/wp\/v2\/media?parent=381859"}],"wp:term":[{"taxonomy":"category","embeddable":true,"href":"https:\/\/www.europesays.com\/fr\/wp-json\/wp\/v2\/categories?post=381859"},{"taxonomy":"post_tag","embeddable":true,"href":"https:\/\/www.europesays.com\/fr\/wp-json\/wp\/v2\/tags?post=381859"}],"curies":[{"name":"wp","href":"https:\/\/api.w.org\/{rel}","templated":true}]}}