{"id":381861,"date":"2025-09-11T04:16:13","date_gmt":"2025-09-11T04:16:13","guid":{"rendered":"https:\/\/www.europesays.com\/fr\/381861\/"},"modified":"2025-09-11T04:16:13","modified_gmt":"2025-09-11T04:16:13","slug":"revolution-a-gaz-de-bordeaux","status":"publish","type":"post","link":"https:\/\/www.europesays.com\/fr\/381861\/","title":{"rendered":"r\u00e9volution \u00e0 Gaz de Bordeaux"},"content":{"rendered":"<p>Pour le moment, il n\u2019est pas question de changer son nom, sa marque. \u00ab\u00a0Il y a plus de dix ans, quand nous sommes sortis pour la premi\u00e8re fois de notre march\u00e9 historique, limit\u00e9 \u00e0 46 communes de la m\u00e9tropole bordelaise et de Gironde, tout le monde nous disait\u00a0: Gaz de Bordeaux ne parlera pas ailleurs qu\u2019\u00e0 Bordeaux. Finalement, Gaz de Bordeaux voyage tr\u00e8s bien. Nous sommes d\u00e9sormais le 5e fournisseur de gaz en France et nous r\u00e9alisons 85\u00a0% de notre activit\u00e9 hors de la Gironde. Nous comptons 300\u00a0000\u00a0clients particuliers, entreprises publiques et priv\u00e9es et collectivit\u00e9s dans tout le pays. Notre conqu\u00eate de nouveaux clients, notre capacit\u00e9 \u00e0 fid\u00e9liser, passe moins par notre puissance commerciale que par la qualit\u00e9 de nos services. Le bouche-\u00e0-oreille est notre principal atout, le nom, tout sauf un frein\u00a0\u00bb, assure Cyril Vincent, directeur g\u00e9n\u00e9ral du fournisseur.<\/p>\n<p>Moins de gaz fossile<\/p>\n<p>Sur son \u00e9lan, Gaz de Bordeaux qui f\u00eate ses 150\u00a0ans cette ann\u00e9e, tente d\u2019acc\u00e9l\u00e9rer la d\u00e9carbonation de ses activit\u00e9s via son plan strat\u00e9gique, \u00ab\u00a0Sur la route de la croissance d\u00e9carbon\u00e9e\u00a0\u00bb. Une route qui passe par une strat\u00e9gie d\u2019\u00e9mancipation progressive des gaz fossiles et d\u2019une mont\u00e9e en puissance des approvisionnements en biogaz.<\/p>\n<p>\u00ab\u00a0Rien qu\u2019en Nouvelle-Aquitaine, nous achetons le biogaz de 45 sites. Nous signons des contrats d\u2019achats sur quinze ans avec certains des producteurs. L\u2019objectif \u00e9tant de proposer \u00e0 tous nos clients, particuliers ou collectivit\u00e9s, des contrats garantissant un apport d\u2019au moins 20\u00a0% de biogaz local. Et nous souhaitons, \u00e0 l\u2019horizon 2028, \u00eatre capables de fournir 40\u00a0% de nos clients particuliers en biogaz\u00a0\u00bb, pr\u00e9cise Cyril Vincent.<\/p>\n<p>\u00ab\u00a0En 2028, nous aurons plus de clients \u00e9lectricit\u00e9 que gaz\u00a0!\u00a0\u00bb<\/p>\n<p>\u00catre \u00ab\u00a0de Bordeaux\u00a0\u00bb n\u2019a visiblement pas \u00e9t\u00e9 un frein commercial sur le march\u00e9 national du gaz pour la soci\u00e9t\u00e9 bordelaise, qui compte 164 collaborateurs. Ne plus \u00eatre seulement une actrice du march\u00e9 du gaz, comme elle l\u2019a d\u00e9cid\u00e9 il y a deux ans, non plus.<\/p>\n<p>En effet, Gaz de Bordeaux n\u2019est plus un fournisseur \u00ab\u00a0mono produit\u00a0\u00bb depuis deux\u00a0ans. L\u2019acteur girondin affiche aussi ses ambitions sur le march\u00e9 de l\u2019\u00e9lectricit\u00e9 verte. \u00ab\u00a0Nous proposons d\u00e9sormais des contrats de fourniture d\u2019une \u00e9lectricit\u00e9 issue des fili\u00e8res renouvelables et 100\u00a0% fran\u00e7aises, le tout \u00e0 prix fixe.\u00a0\u00bb \u00c0 ce jour, 14\u00a0% de la client\u00e8le gaz de Gaz de Bordeaux aurait choisi de souscrire son offre d\u2019\u00e9lectricit\u00e9.<\/p>\n<p>\u00ab\u00a0Notre trajectoire est claire, d\u00e8s 2028 nous aurons plus de clients \u00e9lectricit\u00e9 que gaz. Cela va dans le sens de l\u2019histoire, la d\u00e9carbonation de notre soci\u00e9t\u00e9 passe surtout par le d\u00e9veloppement de l\u2019\u00e9lectricit\u00e9. Nous avons not\u00e9, au fil des ans, une baisse de la consommation de gaz, nous nous adaptons\u00a0\u00bb, affirme le dirigeant.<\/p>\n<p>Concurrence Ohm \u00c9nergie\u00a0: \u00ab\u00a0C\u2019est toujours une bonne chose d\u2019\u00eatre compar\u00e9\u00a0!\u00a0\u00bb<\/p>\n<p>S\u2019adapter pour Gaz de Bordeaux, ce n\u2019est plus seulement anticiper la baisse du march\u00e9 du gaz et acc\u00e9l\u00e9rer la d\u00e9carbonation de ses activit\u00e9s, c\u2019est aussi faire face \u00e0 la fin d\u2019une situation quasi monopolistique et historique sur le territoire bordelais. Apr\u00e8s une tentative avort\u00e9e du g\u00e9ant italien Eni, c\u2019est au tour du fran\u00e7ais Ohm \u00c9nergie de tenter sa chance. \u00ab\u00a0Nous proposons aux m\u00e9nages bordelais un prix du kWh \u00e0 -14\u00a0%, un abonnement moins cher aussi\u00a0\u00bb, affirme Fran\u00e7ois Joubert, son directeur g\u00e9n\u00e9ral, qui avance une \u00e9conomie annuelle de 30 \u00e0 50\u00a0euros\u2026 \u00ab\u00a0L\u2019accueil est plut\u00f4t bon ici depuis le moins de juin o\u00f9 nous r\u00f4dons notre offre. Notre d\u00e9fi actuel, c\u2019est\u00a0de faire savoir aux Bordelais que l\u2019alternative \u00e0 Gaz de Bordeaux existe. Nous esp\u00e9rons prendre 10\u00a0% de parts de march\u00e9 d\u2019ici trois ans.\u00a0\u00bb<\/p>\n<p>        <img decoding=\"async\" id=\"22153789\" src=\"https:\/\/www.europesays.com\/fr\/wp-content\/uploads\/2025\/09\/sudouest-photo-1-31986750.jpg\" itemprop=\"contentURL\"\/><\/p>\n<p>Thierry David \/ SUD OUEST<\/p>\n<p>\u00ab\u00a0C\u2019est normal que la concurrence s\u2019int\u00e9resse \u00e0 la m\u00e9tropole bordelaise. C\u2019est normal aussi de parler prix pour attaquer un nouveau march\u00e9, mais nous continuerons \u00e0 jouer la carte du service, de la relation client. La concurrence, c\u2019est toujours une bonne chose, nous l\u2019appelons de nos v\u0153ux sur le territoire du r\u00e9seau Regaz et ses 46 communes bordelaises. La concurrence n\u2019est pas seulement une menace, c\u2019est surtout une opportunit\u00e9 car c\u2019est toujours une bonne chose d\u2019\u00eatre compar\u00e9\u00a0\u00bb, assure Cyril Vincent avant d\u2019ajouter\u00a0: \u00ab\u00a0On nous reproche r\u00e9guli\u00e8rement la situation de monopole que nous n\u2019avons pas choisie ici. Nous encourageons, au contraire, l\u2019arriv\u00e9e de nouveaux acteurs. Ils permettent de mettre en \u00e9vidence notre comp\u00e9titivit\u00e9 en mati\u00e8re de rapport qualit\u00e9\/prix. Le d\u00e9veloppement de nos activit\u00e9s partout en France montre que nous n\u2019avons pas \u00e0 avoir peur de la concurrence.\u00a0\u00bb<\/p>\n","protected":false},"excerpt":{"rendered":"Pour le moment, il n\u2019est pas question de changer son nom, sa marque. \u00ab\u00a0Il y a plus de&hellip;\n","protected":false},"author":2,"featured_media":381862,"comment_status":"","ping_status":"","sticky":false,"template":"","format":"standard","meta":{"footnotes":""},"categories":[2817],"tags":[1111,11,1997,1777,674,1011,27,12,2219,25],"class_list":{"0":"post-381861","1":"post","2":"type-post","3":"status-publish","4":"format-standard","5":"has-post-thumbnail","7":"category-bordeaux","8":"tag-actu","9":"tag-actualites","10":"tag-bordeaux","11":"tag-eu","12":"tag-europe","13":"tag-fr","14":"tag-france","15":"tag-news","16":"tag-nouvelle-aquitaine","17":"tag-republique-francaise"},"share_on_mastodon":{"url":"https:\/\/pubeurope.com\/@fr\/115183732984289196","error":""},"_links":{"self":[{"href":"https:\/\/www.europesays.com\/fr\/wp-json\/wp\/v2\/posts\/381861","targetHints":{"allow":["GET"]}}],"collection":[{"href":"https:\/\/www.europesays.com\/fr\/wp-json\/wp\/v2\/posts"}],"about":[{"href":"https:\/\/www.europesays.com\/fr\/wp-json\/wp\/v2\/types\/post"}],"author":[{"embeddable":true,"href":"https:\/\/www.europesays.com\/fr\/wp-json\/wp\/v2\/users\/2"}],"replies":[{"embeddable":true,"href":"https:\/\/www.europesays.com\/fr\/wp-json\/wp\/v2\/comments?post=381861"}],"version-history":[{"count":0,"href":"https:\/\/www.europesays.com\/fr\/wp-json\/wp\/v2\/posts\/381861\/revisions"}],"wp:featuredmedia":[{"embeddable":true,"href":"https:\/\/www.europesays.com\/fr\/wp-json\/wp\/v2\/media\/381862"}],"wp:attachment":[{"href":"https:\/\/www.europesays.com\/fr\/wp-json\/wp\/v2\/media?parent=381861"}],"wp:term":[{"taxonomy":"category","embeddable":true,"href":"https:\/\/www.europesays.com\/fr\/wp-json\/wp\/v2\/categories?post=381861"},{"taxonomy":"post_tag","embeddable":true,"href":"https:\/\/www.europesays.com\/fr\/wp-json\/wp\/v2\/tags?post=381861"}],"curies":[{"name":"wp","href":"https:\/\/api.w.org\/{rel}","templated":true}]}}