{"id":381863,"date":"2025-09-11T04:17:12","date_gmt":"2025-09-11T04:17:12","guid":{"rendered":"https:\/\/www.europesays.com\/fr\/381863\/"},"modified":"2025-09-11T04:17:12","modified_gmt":"2025-09-11T04:17:12","slug":"a-bordeaux-la-police-reprime-lag-inter-facultes-reunissant-plus-de-1-500-etudiants","status":"publish","type":"post","link":"https:\/\/www.europesays.com\/fr\/381863\/","title":{"rendered":"\u00c0 Bordeaux, la police r\u00e9prime l&rsquo;AG inter-facult\u00e9s r\u00e9unissant plus de 1 500 \u00e9tudiants"},"content":{"rendered":"<p>Ce mercredi 10 septembre, apr\u00e8s une manifestation ayant rassembl\u00e9 plus de 20 000 personnes, plus de 1 500 \u00e9tudiants se sont r\u00e9unis en assembl\u00e9e g\u00e9n\u00e9rale inter-facult\u00e9s devant l\u2019universit\u00e9 de Bordeaux Victoire pour discuter des suites de la mobilisation. Malgr\u00e9 la pluie et le d\u00e9but d\u2019une manifestation sauvage, une majorit\u00e9 d\u2019\u00e9tudiants avaient exprim\u00e9 leur volont\u00e9 de s\u2019organiser. Mais alors que l\u2019AG venait \u00e0 peine de commencer, <a href=\"https:\/\/www.instagram.com\/reel\/DObP0kICghU\/?igsh=MXZjcDJ5YXI1ZHVtdg==\" class=\"spip_out\" rel=\"noopener noreferrer external nofollow\" target=\"_blank\">la police l\u2019a gaz\u00e9e pour l\u2019\u00e9vacuer<\/a>. Une offensive r\u00e9pressive d\u2019ampleur qui vise \u00e0 casser la mobilisation naissante dans les universit\u00e9s.<\/p>\n<blockquote class=\"instagram-media\" data-instgrm-captioned=\"\" data-instgrm-permalink=\"https:\/\/www.instagram.com\/reel\/DObP0kICghU\/?utm_source=ig_embed&amp;utm_campaign=loading\" data-instgrm-version=\"14\" style=\" background:#FFF; border:0; border-radius:3px; box-shadow:0 0 1px 0 rgba(0,0,0,0.5),0 1px 10px 0 rgba(0,0,0,0.15); margin: 1px; max-width:540px; min-width:326px; padding:0; width:99.375%; width:-webkit-calc(100% - 2px); width:calc(100% - 2px);\"\/>\n<p>Dans ce sens, la pr\u00e9fecture n\u2019a pas manqu\u00e9 de revendiquer son op\u00e9ration d\u2019intimidation d\u00e8s la fin de l\u2019\u00e9vacuation. Dans un <a href=\"https:\/\/www.gironde.gouv.fr\/Actualites\/Communiques-de-presse\/Communiques-de-presse-2025\/Septembre-2025\/Mouvement-du-10-septembre-en-Gironde-Point-de-situation-a-16h00\" class=\"spip_out\" rel=\"noopener noreferrer external nofollow\" target=\"_blank\">communiqu\u00e9<\/a>, elle revendique avoir \u00ab\u00a0dispers\u00e9\u00a0\u00bb une \u00ab\u00a0assembl\u00e9e g\u00e9n\u00e9rale des \u00e9tudiants d\u2019ultra-gauche\u00a0\u00bb, et fait \u00e9tat de plusieurs interpellations. Une rh\u00e9torique classique de criminalisation qui vise \u00e0 isoler et d\u00e9cr\u00e9dibiliser les \u00e9tudiants mobilis\u00e9s.<\/p>\n<p>N\u00e9anmoins, cette r\u00e9pression n\u2019a en rien essouffl\u00e9 la dynamique qui s\u2019est exprim\u00e9e le 10 septembre dans la jeunesse universitaire bordelaise, mobilis\u00e9e depuis le matin. Apr\u00e8s avoir d\u00e9bray\u00e9 de fa\u00e7on unitaire, successivement, les universit\u00e9s de Bordeaux Montaigne et les campus de Montesquieu et Victoire, un impressionnant cort\u00e8ge \u00e9tudiant a rythm\u00e9 la manifestation.<\/p>\n<p>Cela traduit une politisation profonde qui d\u00e9passe largement l\u2019avant-garde \u00e9tudiante mobilis\u00e9e. Les premi\u00e8res discussions lors de l\u2019AG bordelaise laissaient entrevoir la volont\u00e9 des \u00e9tudiants de discuter des suites du mouvement, en tirant notamment le bilan de la strat\u00e9gie perdante des manifestations isol\u00e9es lors de la bataille des retraites. Beaucoup en sont arriv\u00e9s \u00e0 la conclusion qu\u2019il y avait urgence \u00e0 s\u2019organiser sur nos lieux d\u2019\u00e9tudes pour ancrer la mobilisation dans la dur\u00e9e.<\/p>\n<p>Suivant ce mod\u00e8le, le mouvement \u00e9tudiant doit multiplier les cadres d\u2019auto-organisation, sans se limiter aux fronti\u00e8res de la fac. L\u2019enthousiasme avec lequel les \u00e9tudiants ont laiss\u00e9 passer au d\u00e9but de la manifestation les cort\u00e8ges syndicaux, en scandant \u00ab\u00a0\u00e9tudiants, travailleurs, gr\u00e8ve g\u00e9n\u00e9rale\u00a0\u00bb, montre la voie \u00e0 suivre.<\/p>\n<p><script async src=\"\/\/www.instagram.com\/embed.js\"><\/script><\/p>\n","protected":false},"excerpt":{"rendered":"Ce mercredi 10 septembre, apr\u00e8s une manifestation ayant rassembl\u00e9 plus de 20 000 personnes, plus de 1 500&hellip;\n","protected":false},"author":2,"featured_media":381864,"comment_status":"","ping_status":"","sticky":false,"template":"","format":"standard","meta":{"footnotes":""},"categories":[2817],"tags":[1111,11,1997,1777,674,1011,27,12,2219,25],"class_list":{"0":"post-381863","1":"post","2":"type-post","3":"status-publish","4":"format-standard","5":"has-post-thumbnail","7":"category-bordeaux","8":"tag-actu","9":"tag-actualites","10":"tag-bordeaux","11":"tag-eu","12":"tag-europe","13":"tag-fr","14":"tag-france","15":"tag-news","16":"tag-nouvelle-aquitaine","17":"tag-republique-francaise"},"share_on_mastodon":{"url":"https:\/\/pubeurope.com\/@fr\/115183736876008714","error":""},"_links":{"self":[{"href":"https:\/\/www.europesays.com\/fr\/wp-json\/wp\/v2\/posts\/381863","targetHints":{"allow":["GET"]}}],"collection":[{"href":"https:\/\/www.europesays.com\/fr\/wp-json\/wp\/v2\/posts"}],"about":[{"href":"https:\/\/www.europesays.com\/fr\/wp-json\/wp\/v2\/types\/post"}],"author":[{"embeddable":true,"href":"https:\/\/www.europesays.com\/fr\/wp-json\/wp\/v2\/users\/2"}],"replies":[{"embeddable":true,"href":"https:\/\/www.europesays.com\/fr\/wp-json\/wp\/v2\/comments?post=381863"}],"version-history":[{"count":0,"href":"https:\/\/www.europesays.com\/fr\/wp-json\/wp\/v2\/posts\/381863\/revisions"}],"wp:featuredmedia":[{"embeddable":true,"href":"https:\/\/www.europesays.com\/fr\/wp-json\/wp\/v2\/media\/381864"}],"wp:attachment":[{"href":"https:\/\/www.europesays.com\/fr\/wp-json\/wp\/v2\/media?parent=381863"}],"wp:term":[{"taxonomy":"category","embeddable":true,"href":"https:\/\/www.europesays.com\/fr\/wp-json\/wp\/v2\/categories?post=381863"},{"taxonomy":"post_tag","embeddable":true,"href":"https:\/\/www.europesays.com\/fr\/wp-json\/wp\/v2\/tags?post=381863"}],"curies":[{"name":"wp","href":"https:\/\/api.w.org\/{rel}","templated":true}]}}