{"id":381865,"date":"2025-09-11T04:18:14","date_gmt":"2025-09-11T04:18:14","guid":{"rendered":"https:\/\/www.europesays.com\/fr\/381865\/"},"modified":"2025-09-11T04:18:14","modified_gmt":"2025-09-11T04:18:14","slug":"gravement-blesse-un-motard-heliporte-par-le-samu-31-vers-lhopital-purpan","status":"publish","type":"post","link":"https:\/\/www.europesays.com\/fr\/381865\/","title":{"rendered":"Gravement bless\u00e9, un motard h\u00e9liport\u00e9 par le Samu 31 vers l\u2019h\u00f4pital Purpan"},"content":{"rendered":"<p>\n                                                                    l&rsquo;essentiel<br \/>\n                                                                Un accident survenu mercredi en fin d\u2019apr\u00e8s-midi a mobilis\u00e9 d\u2019importants secours sur la route entre Capdenac et Decazeville. Un motard, gravement bless\u00e9, a d\u00fb \u00eatre h\u00e9liport\u00e9.\n                            <\/p>\n<p>Vers 17\u00a0heures, ce mercredi, un accident de circulation s\u2019est produit entre un v\u00e9hicule et une moto. La collision a eu lieu \u00e0 l\u2019intersection des routes d\u00e9partementales\u00a0840 et 41, au lieu-dit Empar\u00e9, sur la commune de Capdenac.<\/p>\n<p>Une dizaine de pompiers de Figeac et de Capdenac-Gare sont rapidement intervenus pour porter secours \u00e0 la victime, un homme \u00e2g\u00e9 d\u2019une cinquantaine d\u2019ann\u00e9es. Dans un \u00e9tat d\u2019urgence absolue, le bless\u00e9 a \u00e9t\u00e9 pris en charge sur place avec l\u2019appui du Smur Figeac, jusqu\u2019\u00e0 l\u2019arriv\u00e9e de l\u2019h\u00e9licopt\u00e8re du Samu 31. L\u2019homme a \u00e9t\u00e9 \u00e9vacu\u00e9 vers le centre hospitalier Purpan.<\/p>\n","protected":false},"excerpt":{"rendered":"l&rsquo;essentiel Un accident survenu mercredi en fin d\u2019apr\u00e8s-midi a mobilis\u00e9 d\u2019importants secours sur la route entre Capdenac et&hellip;\n","protected":false},"author":2,"featured_media":381866,"comment_status":"","ping_status":"","sticky":false,"template":"","format":"standard","meta":{"footnotes":""},"categories":[2816],"tags":[1111,11,1777,674,1011,27,12,2680,25,2312],"class_list":{"0":"post-381865","1":"post","2":"type-post","3":"status-publish","4":"format-standard","5":"has-post-thumbnail","7":"category-toulouse","8":"tag-actu","9":"tag-actualites","10":"tag-eu","11":"tag-europe","12":"tag-fr","13":"tag-france","14":"tag-news","15":"tag-occitanie","16":"tag-republique-francaise","17":"tag-toulouse"},"share_on_mastodon":{"url":"https:\/\/pubeurope.com\/@fr\/115183740886612660","error":""},"_links":{"self":[{"href":"https:\/\/www.europesays.com\/fr\/wp-json\/wp\/v2\/posts\/381865","targetHints":{"allow":["GET"]}}],"collection":[{"href":"https:\/\/www.europesays.com\/fr\/wp-json\/wp\/v2\/posts"}],"about":[{"href":"https:\/\/www.europesays.com\/fr\/wp-json\/wp\/v2\/types\/post"}],"author":[{"embeddable":true,"href":"https:\/\/www.europesays.com\/fr\/wp-json\/wp\/v2\/users\/2"}],"replies":[{"embeddable":true,"href":"https:\/\/www.europesays.com\/fr\/wp-json\/wp\/v2\/comments?post=381865"}],"version-history":[{"count":0,"href":"https:\/\/www.europesays.com\/fr\/wp-json\/wp\/v2\/posts\/381865\/revisions"}],"wp:featuredmedia":[{"embeddable":true,"href":"https:\/\/www.europesays.com\/fr\/wp-json\/wp\/v2\/media\/381866"}],"wp:attachment":[{"href":"https:\/\/www.europesays.com\/fr\/wp-json\/wp\/v2\/media?parent=381865"}],"wp:term":[{"taxonomy":"category","embeddable":true,"href":"https:\/\/www.europesays.com\/fr\/wp-json\/wp\/v2\/categories?post=381865"},{"taxonomy":"post_tag","embeddable":true,"href":"https:\/\/www.europesays.com\/fr\/wp-json\/wp\/v2\/tags?post=381865"}],"curies":[{"name":"wp","href":"https:\/\/api.w.org\/{rel}","templated":true}]}}