{"id":381867,"date":"2025-09-11T04:19:12","date_gmt":"2025-09-11T04:19:12","guid":{"rendered":"https:\/\/www.europesays.com\/fr\/381867\/"},"modified":"2025-09-11T04:19:12","modified_gmt":"2025-09-11T04:19:12","slug":"des-fresques-surprenantes-en-bord-de-garonne","status":"publish","type":"post","link":"https:\/\/www.europesays.com\/fr\/381867\/","title":{"rendered":"des fresques surprenantes en bord de Garonne"},"content":{"rendered":"<p>            Par<br \/>\n        <strong><br \/>\n            <a href=\"https:\/\/actu.fr\/auteur\/marie-lamarque\" title=\"Consulter tous les articles de Marie Lamarque\" rel=\"nofollow noopener\" target=\"_blank\">Marie Lamarque<\/a><br \/>\n        <\/strong><\/p>\n<p>        Publi\u00e9 le<\/p>\n<p>            11 sept. 2025 \u00e0 6h06        <\/p>\n<p>Elles donnent l\u2019impression de tomber ou que l\u2019on va se faire d\u00e9vorer par un lion g\u00e9ant ! <a href=\"https:\/\/actu.fr\/occitanie\/toulouse_31555\/toulouse-c-est-quoi-ce-motif-special-qui-a-ete-peint-rue-d-alsace-lorraine_60024503.html\" rel=\"nofollow noopener\" target=\"_blank\">Ces \u0153uvres en trompe-l\u2019\u0153il<\/a>, peintes sur les sols ou sur les murs, attirent le regard des passants <a href=\"https:\/\/actu.fr\/toulouse\/\" rel=\"nofollow noopener\" target=\"_blank\">\u00e0 <strong>Toulouse<\/strong><\/a>.<\/p>\n<p class=\" wall-content\">Pour la troisi\u00e8me ann\u00e9e, l\u2019office de tourisme C\u00f4te du Midi, bas\u00e9e <strong>\u00e0 Narbonne<\/strong> (Aude), organise une op\u00e9ration sp\u00e9ciale o\u00f9 des anamorphoses envahissent les rues. Ces images d\u00e9form\u00e9es, \u00ab\u00a0surprenantes et color\u00e9es\u00a0\u00bb, sont \u00e0 d\u00e9couvrir jusqu\u2019au 6 octobre 2025 dans la Ville rose.<\/p>\n<p>\u00c9blouir, tout en donnant des id\u00e9es de voyage<\/p>\n<p class=\" wall-content\">Ces fresques g\u00e9antes en 3D rendent hommage<strong> aux paysages embl\u00e9matiques de la C\u00f4te du Midi<\/strong>. De quoi \u00e9blouir les Toulousains tout en leur donnant des id\u00e9es de destination pour leurs prochaines vacances.<\/p>\n<p class=\" wall-content\"><strong>Cinq \u0153uvres<\/strong> sont \u00e0 d\u00e9couvrir dans le quartier Saint-Cyprien, sur les quais du Port Viguerie, le long de la Garonne.<\/p>\n<p>    <a href=\"https:\/\/www.google.com\/maps\/embed?pb=!1m18!1m12!1m3!1d2889.2846755729347!2d1.432982612972095!3d43.600613970984355!2m3!1f0!2f0!3f0!3m2!1i1024!2i768!4f13.1!3m3!1m2!1s0x12aebb0066db3c41%3A0x766d7c105e8dffc1!2sPort%20Viguerie!5e0!3m2!1sfr!2sfr!4v1757517963059!5m2!1sfr!2sfr\" title=\"Ouvrie le lien\" rel=\"nofollow noopener\" target=\"_blank\">Cliquez ici pour visualiser le contenu<\/a><\/p>\n<p>Vid\u00e9os : en ce moment sur ActuQue repr\u00e9sentent-elles ?<\/p>\n<p class=\" wall-content\">R\u00e9alis\u00e9es par les graffeurs<strong> Sweo &amp; Nikita<\/strong>, elles repr\u00e9sentent :<\/p>\n<ul class=\" wall-content\">\n<li><strong>Narbonne la Romaine<\/strong>, pour marcher sur les traces de son pass\u00e9 antique ;<\/li>\n<li><strong>Les vignobles de la C\u00f4te du Midi<\/strong>, d\u00e9couverts \u00e0 l\u2019\u00e9chelle d\u2019une coccinelle ;<\/li>\n<li><strong>La R\u00e9serve Africaine de Sigean<\/strong>, o\u00f9 l\u2019on croise un lion rugissant ;<\/li>\n<li><strong>Le phare de Port-La Nouvelle<\/strong>, gardien de la M\u00e9diterran\u00e9e ;<\/li>\n<li><strong>L\u2019abbaye de Fontfroide<\/strong>, joyau du patrimoine cistercien.<\/li>\n<\/ul>\n<p>Votre r\u00e9gion, votre actu !<\/p>\n<p>Recevez chaque jour les infos qui comptent pour vous.<\/p>\n<p>\t<a href=\"https:\/\/actu.fr\/newsletter\" class=\"ac-btn ac-btn--corner ac-btn--medium ac-btn--blue800\" rel=\"nofollow noopener\" target=\"_blank\">S&rsquo;incrire<\/a><\/p>\n<p>    <a href=\"https:\/\/www.facebook.com\/plugins\/post.php?href=https%3A%2F%2Fwww.facebook.com%2Fcotedumidi%2Fposts%2Fpfbid02bTqyjyNwoiUMAi2PXS9Jxfw9RA2Vun2MNiofT3fsgGK4VwjBNgV93xrZ5zGiVxzCl&amp;show_text=true&amp;width=350\" title=\"Ouvrie le lien\" rel=\"nofollow noopener\" target=\"_blank\">Cliquez ici pour visualiser le contenu<\/a><\/p>\n<p class=\" wall-content\">Pour pouvoir correctement les observer, les visiteurs sont invit\u00e9s \u00e0 se placer sur les marquages pr\u00e9vus au sol. Et pour poursuivre l\u2019exp\u00e9rience, <strong>une exposition photo<\/strong> est \u00e0 d\u00e9couvrir sur la promenade Henri Martin, de l\u2019autre c\u00f4t\u00e9 du fleuve, du c\u00f4t\u00e9 de la place Saint-Pierre.<\/p>\n<p>Un s\u00e9jour \u00e0 gagner<\/p>\n<p class=\" wall-content\">Tous <strong>les week-ends<\/strong>, une \u00e9quipe de l\u2019office de tourisme de la C\u00f4te du Midi sera pr\u00e9sente pour faire gagner des cadeaux aux visiteurs. Un jeu-concours permettra de remporter un s\u00e9jour d\u2019une semaine pour quatre personnes dans un g\u00eete de charme, pour une valeur de 1 500 euros. Il comprend des entr\u00e9es \u00e0 la R\u00e9serve Africaine de Sigean, \u00e0 l\u2019abbaye de Fontfroide et au mus\u00e9e Narbo Via.<\/p>\n<p class=\" wall-content\">\n<p><strong>Infos pratiques<\/strong><br \/>\nPlus d\u2019informations \u00e0 retrouver <a href=\"https:\/\/www.cotedumidi.com\/espace-pros\/anamorphoses\/\" rel=\"nofollow noopener\" target=\"_blank\">sur le site de l\u2019office de tourisme de la C\u00f4te du Midi<\/a>.<\/p>\n<p class=\" wall-content\">Personnalisez votre actualit\u00e9 en ajoutant vos villes et m\u00e9dias en favori avec <a href=\"https:\/\/moncompte.actu.fr\" title=\"D\u00e9couvez Mon Actu\" rel=\"nofollow noopener\" data-trk=\"{&quot;cta&quot;:{&quot;action&quot;:&quot;https:\\\/\\\/moncompte.actu.fr&quot;,&quot;category&quot;:&quot;mon compte&quot;,&quot;from&quot;:&quot;article footer&quot;,&quot;name&quot;:&quot;Mon actu&quot;,&quot;type&quot;:&quot;cta&quot;}}\" target=\"_blank\">Mon Actu<\/a>.<\/p>\n","protected":false},"excerpt":{"rendered":"Par Marie Lamarque Publi\u00e9 le 11 sept. 2025 \u00e0 6h06 Elles donnent l\u2019impression de tomber ou que l\u2019on&hellip;\n","protected":false},"author":2,"featured_media":381868,"comment_status":"","ping_status":"","sticky":false,"template":"","format":"standard","meta":{"footnotes":""},"categories":[2816],"tags":[1111,11,1777,674,1011,27,12,2680,25,104,2312,602],"class_list":{"0":"post-381867","1":"post","2":"type-post","3":"status-publish","4":"format-standard","5":"has-post-thumbnail","7":"category-toulouse","8":"tag-actu","9":"tag-actualites","10":"tag-eu","11":"tag-europe","12":"tag-fr","13":"tag-france","14":"tag-news","15":"tag-occitanie","16":"tag-republique-francaise","17":"tag-societe","18":"tag-toulouse","19":"tag-tourisme"},"share_on_mastodon":{"url":"https:\/\/pubeurope.com\/@fr\/115183744671988526","error":""},"_links":{"self":[{"href":"https:\/\/www.europesays.com\/fr\/wp-json\/wp\/v2\/posts\/381867","targetHints":{"allow":["GET"]}}],"collection":[{"href":"https:\/\/www.europesays.com\/fr\/wp-json\/wp\/v2\/posts"}],"about":[{"href":"https:\/\/www.europesays.com\/fr\/wp-json\/wp\/v2\/types\/post"}],"author":[{"embeddable":true,"href":"https:\/\/www.europesays.com\/fr\/wp-json\/wp\/v2\/users\/2"}],"replies":[{"embeddable":true,"href":"https:\/\/www.europesays.com\/fr\/wp-json\/wp\/v2\/comments?post=381867"}],"version-history":[{"count":0,"href":"https:\/\/www.europesays.com\/fr\/wp-json\/wp\/v2\/posts\/381867\/revisions"}],"wp:featuredmedia":[{"embeddable":true,"href":"https:\/\/www.europesays.com\/fr\/wp-json\/wp\/v2\/media\/381868"}],"wp:attachment":[{"href":"https:\/\/www.europesays.com\/fr\/wp-json\/wp\/v2\/media?parent=381867"}],"wp:term":[{"taxonomy":"category","embeddable":true,"href":"https:\/\/www.europesays.com\/fr\/wp-json\/wp\/v2\/categories?post=381867"},{"taxonomy":"post_tag","embeddable":true,"href":"https:\/\/www.europesays.com\/fr\/wp-json\/wp\/v2\/tags?post=381867"}],"curies":[{"name":"wp","href":"https:\/\/api.w.org\/{rel}","templated":true}]}}