{"id":381869,"date":"2025-09-11T04:22:04","date_gmt":"2025-09-11T04:22:04","guid":{"rendered":"https:\/\/www.europesays.com\/fr\/381869\/"},"modified":"2025-09-11T04:22:04","modified_gmt":"2025-09-11T04:22:04","slug":"pour-ses-80-ans-la-plus-grande-federation-du-secours-populaire-de-france-organise-un-grand-concert","status":"publish","type":"post","link":"https:\/\/www.europesays.com\/fr\/381869\/","title":{"rendered":"pour ses 80 ans, la plus grande f\u00e9d\u00e9ration du Secours populaire de France organise un grand concert"},"content":{"rendered":"<p class=\"article__intro\">\u00c0 l\u2019occasion des 80 ans du Secours Populaire, la f\u00e9d\u00e9ration du Nord organise un grand concert solidaire au Z\u00e9nith de Lille le 4 d\u00e9cembre 2025. Sont annonc\u00e9s Renaud, Gauvin Sers, Marcel et son orchestre et \u201cd\u2019autres surprises \u00e0 venir\u201d. Un concert militant et solidaire afin de r\u00e9colter des fonds pour continuer d\u2019aider les plus d\u00e9munis.<\/p>\n<p>\n      La Quotidienne Soci\u00e9t\u00e9\n    <\/p>\n<p>\n      De la vie quotidienne aux grands enjeux, recevez tous les jours les sujets qui font la soci\u00e9t\u00e9 locale, comme la justice, l\u2019\u00e9ducation, la sant\u00e9 et la famille.\n    <\/p>\n<p>    France T\u00e9l\u00e9visions utilise votre adresse e-mail afin de vous envoyer la newsletter \u00ab\u00a0La Quotidienne Soci\u00e9t\u00e9\u00a0\u00bb. Vous pouvez vous d\u00e9sinscrire \u00e0 tout moment via le lien en bas de cette newsletter. <a target=\"_blank\" href=\"https:\/\/www.francetelevisions.fr\/groupe\/confidentialite\/politique-de-confidentialite\/politique-de-confidentialite-de-france-televisions-6503\" rel=\"nofollow noopener\">Notre politique de confidentialit\u00e9<\/a><\/p>\n<p>Renaud, Gauvain Sers, les Ogres de Barback ou Marcel et son Orchestre r\u00e9unis sur un m\u00eame plateau, pour un show au profit des plus d\u00e9munis. Jeudi 4 d\u00e9cembre 2025, \u00e0 partir de 19 h 30, le Z\u00e9nith de Lille va accueillir un grand concert au profit du Secours Populaire du Nord, f\u00e9d\u00e9ration la plus importante de France.\u00a0<\/p>\n<p>\u201cCe sera un concert ouvert \u00e0 tous, avec des billets mis en vente au tarif de 22 euros\u201d, pr\u00e9cise Jean-Pierre Del\u00e9trez, responsable communication du secours populaire du Nord. Depuis leur <a href=\"https:\/\/lebureaudesspectacles.trium.fr\/fr\/t\/-\/event\/62834\" target=\"_blank\" rel=\"noopener nofollow\">mise en vente<\/a> lors du week-end de la Braderie de Lille, pr\u00e8s de 1 000 billets sur les 5 000 disponibles ont \u00e9t\u00e9 vendus.<\/p>\n<p>Un concert dont la direction artistique va \u00eatre assur\u00e9e par Franck Vandecasteele, leader des Marcel. \u00ab\u00a0On a crois\u00e9 la route de Franck au printemps. Lorsqu&rsquo;on lui a soumis l&rsquo;id\u00e9e, il l&rsquo;a trouv\u00e9e excellente et m\u00eame si le d\u00e9lai \u00e9tait court, il a d\u00e9cid\u00e9 de mettre les bouch\u00e9es doubles, raconte Jean-Pierre Del\u00e9trez. Franck a essay\u00e9 de convaincre des groupes autour de lui. Tr\u00e8s vite, il a obtenu des r\u00e9ponses positives\u00a0\u00bb.\u00a0<\/p>\n<p><a data-article-figure=\"\" href=\"https:\/\/france3-regions.franceinfo.fr\/image\/I7liSUArfIB0R6kRZnYZejdGV4E\/1600x1067\/regions\/2025\/09\/09\/5curdemn-68bfee78d063d459632306.jpg\" data-pswp-width=\"1600\" data-pswp-height=\"1067\" target=\"_blank\" rel=\"nofollow noopener\"><\/p>\n<p>          <img width=\"600\" height=\"400\" class=\"article-image lazy\" data-src=\"https:\/\/www.europesays.com\/fr\/wp-content\/uploads\/2025\/09\/5curdemn-68bfee78d063d459632306.jpg\" alt=\"Comme les autres artistes annonc\u00e9s, les Marcels vont jours 3  ou 4 titres lors du concert au profit du Secours populaire, organis\u00e9 jeudi 4 d\u00e9cembre 2025.\" fetchpriority=\"high\" as=\"image\"\/><\/p>\n<p>\n            Comme les autres artistes annonc\u00e9s, les Marcels vont jours 3  ou 4 titres lors du concert au profit du Secours populaire, organis\u00e9 jeudi 4 d\u00e9cembre 2025.<br \/>\n                           \u2022<br \/>\n                                      \u00a9 Simon Gosselin\n                      <\/p>\n<p><\/a><\/p>\n<p>Parmi les noms d\u00e9j\u00e0 annonc\u00e9s : Renaud, le chanteur engag\u00e9 Gauvain Sers auteur de la chanson \u00ab\u00a0Les Oubli\u00e9s\u00a0\u00bb, la r\u00e9v\u00e9lation belge No\u00e9 Preszow, le collectif de La Rue K\u00e9tanou, Les Ogres de Barback et les Marcel bien s\u00fbr. \u00ab\u00a0La plupart, je les connais bien, admet Franck Vandecasteele, leader de Marcel et son orchestre. J\u2019ai appel\u00e9 un peu les copains, et puis les copains de copains. Pas mal sont sensibles \u00e0 la cause et tous sont au courant de l&rsquo;urgence sociale dans le pays\u00a0\u00bb.\u00a0Deux autres noms d&rsquo;artistes doivent \u00eatre annonc\u00e9s dans les semaines \u00e0 venir.<\/p>\n<blockquote class=\"ftvi_content_quote\">\n<p class=\"ftvi_citation_quote\">Tous les artistes viennent b\u00e9n\u00e9volement. Tout ce qui sera engrang\u00e9 sera revers\u00e9 aux comit\u00e9s du Secours populaire.<\/p>\n<p>Jean-Pierre Del\u00e9trez, responsable communication du Secours populaire du Nord<\/p>\n<\/blockquote>\n<p>Chaque artiste jouera 3 ou 4 morceaux, les changements de plateau seront l\u2019occasion de donner la parole aux b\u00e9n\u00e9voles du Secours populaire. \u00ab\u00a0On est au service de la cause et on se dit humblement que les artistes peuvent \u00eatre des aimants pour attirer quantit\u00e9 de personnes qui spontan\u00e9ment ne franchiraient pas la porte du secours populaire, r\u00e9sume Franck Vandecasteele. On va en profiter pour faire passer des messages\u00a0\u00bb.<\/p>\n<p>\u201cNous avons accompagn\u00e9 95 000 b\u00e9n\u00e9ficiaires en 2024 avec l\u2019aide de 3 700 b\u00e9n\u00e9voles\u201d, rappelle Jean-Pierre Del\u00e9trez, responsable communication du Secours Populaire du Nord. Une pr\u00e9carit\u00e9 toujours plus importante, et des b\u00e9n\u00e9ficiaires toujours plus nombreux qui viennent pousser les portes des 73 comit\u00e9s que compte le d\u00e9partement du Nord. \u00a0<\/p>\n<p><a data-article-figure=\"\" href=\"https:\/\/france3-regions.franceinfo.fr\/image\/FF9OHllFEqLsUf8G4-Rzbiw-dCE\/1024x1024\/regions\/2025\/09\/09\/concert-sp-68bfee1692edb000844746.jpg\" data-pswp-width=\"1024\" data-pswp-height=\"1024\" target=\"_blank\" rel=\"nofollow noopener\"><\/p>\n<p>          <img width=\"600\" height=\"400\" class=\"article-image lazy\" data-src=\"https:\/\/www.europesays.com\/fr\/wp-content\/uploads\/2025\/09\/concert-sp-68bfee1692edb000844746.jpg\" alt=\"La f\u00e9d\u00e9ration du Secours populaire du Nord organise un concert &quot;militant, solidaire et engag\u00e9&quot; jeudi 4 d\u00e9cembre 2025 au Z\u00e9nith de Lille (Nord).\" fetchpriority=\"high\" as=\"image\"\/><\/p>\n<p>\n            La f\u00e9d\u00e9ration du Secours populaire du Nord organise un concert \u00ab\u00a0militant, solidaire et engag\u00e9\u00a0\u00bb jeudi 4 d\u00e9cembre 2025 au Z\u00e9nith de Lille (Nord).<br \/>\n                           \u2022<br \/>\n                                      \u00a9 Secours populaire du Nord\n                      <\/p>\n<p><\/a><\/p>\n<p>\u00a0<\/p>\n<p>\u201cOn est dans une situation soci\u00e9tale qui voit la pauvret\u00e9 encore progresser tr\u00e8s nettement cette ann\u00e9e\u201d, r\u00e9sume-t-il. Alors au-del\u00e0 de la r\u00e9colte de fonds \u2013 les artistes se produisent b\u00e9n\u00e9volement et toutes les recettes du concert vont \u00eatre r\u00e9inject\u00e9es dans les comit\u00e9s du Nord -, ce concert se veut \u201cmilitant, solidaire et engag\u00e9\u201d. <\/p>\n<p>Jean-Pierre Del\u00e9trez nous explique. \u201cAu Secours, nous poussons nos dirigeants \u00e0 prendre en compte la pr\u00e9carit\u00e9 qui gangr\u00e8ne la soci\u00e9t\u00e9. C\u2019est aussi une mani\u00e8re d\u2019interpeller les pouvoirs publics qui doivent \u00eatre rappel\u00e9s \u00e0 leurs responsabilit\u00e9s et leurs devoirs\u201d.\u00a0<\/p>\n<p><strong>Si vous souhaitez faire partie de la f\u00eate et contribuer \u00e0 une bonne cause, les billets sont disponibles <a href=\"https:\/\/lebureaudesspectacles.trium.fr\/fr\/t\/-\/event\/62834\" target=\"_blank\" rel=\"noopener nofollow\">via ce lien<\/a>.<\/strong><\/p>\n","protected":false},"excerpt":{"rendered":"\u00c0 l\u2019occasion des 80 ans du Secours Populaire, la f\u00e9d\u00e9ration du Nord organise un grand concert solidaire au&hellip;\n","protected":false},"author":2,"featured_media":381870,"comment_status":"","ping_status":"","sticky":false,"template":"","format":"standard","meta":{"footnotes":""},"categories":[2815],"tags":[1111,11,1777,674,1011,27,811,1307,12,25],"class_list":{"0":"post-381869","1":"post","2":"type-post","3":"status-publish","4":"format-standard","5":"has-post-thumbnail","7":"category-lille","8":"tag-actu","9":"tag-actualites","10":"tag-eu","11":"tag-europe","12":"tag-fr","13":"tag-france","14":"tag-hauts-de-france","15":"tag-lille","16":"tag-news","17":"tag-republique-francaise"},"share_on_mastodon":{"url":"https:\/\/pubeurope.com\/@fr\/115183756494501417","error":""},"_links":{"self":[{"href":"https:\/\/www.europesays.com\/fr\/wp-json\/wp\/v2\/posts\/381869","targetHints":{"allow":["GET"]}}],"collection":[{"href":"https:\/\/www.europesays.com\/fr\/wp-json\/wp\/v2\/posts"}],"about":[{"href":"https:\/\/www.europesays.com\/fr\/wp-json\/wp\/v2\/types\/post"}],"author":[{"embeddable":true,"href":"https:\/\/www.europesays.com\/fr\/wp-json\/wp\/v2\/users\/2"}],"replies":[{"embeddable":true,"href":"https:\/\/www.europesays.com\/fr\/wp-json\/wp\/v2\/comments?post=381869"}],"version-history":[{"count":0,"href":"https:\/\/www.europesays.com\/fr\/wp-json\/wp\/v2\/posts\/381869\/revisions"}],"wp:featuredmedia":[{"embeddable":true,"href":"https:\/\/www.europesays.com\/fr\/wp-json\/wp\/v2\/media\/381870"}],"wp:attachment":[{"href":"https:\/\/www.europesays.com\/fr\/wp-json\/wp\/v2\/media?parent=381869"}],"wp:term":[{"taxonomy":"category","embeddable":true,"href":"https:\/\/www.europesays.com\/fr\/wp-json\/wp\/v2\/categories?post=381869"},{"taxonomy":"post_tag","embeddable":true,"href":"https:\/\/www.europesays.com\/fr\/wp-json\/wp\/v2\/tags?post=381869"}],"curies":[{"name":"wp","href":"https:\/\/api.w.org\/{rel}","templated":true}]}}