{"id":381871,"date":"2025-09-11T04:23:12","date_gmt":"2025-09-11T04:23:12","guid":{"rendered":"https:\/\/www.europesays.com\/fr\/381871\/"},"modified":"2025-09-11T04:23:12","modified_gmt":"2025-09-11T04:23:12","slug":"le-chirurgien-michel-assor-de-nouveau-amene-a-se-defendre-devant-ses-pairs-medecins","status":"publish","type":"post","link":"https:\/\/www.europesays.com\/fr\/381871\/","title":{"rendered":"Le chirurgien Michel Assor de nouveau amen\u00e9 \u00e0 se d\u00e9fendre devant ses pairs m\u00e9decins"},"content":{"rendered":"<p>\t    Le chirurgien Michel Assor de nouveau amen\u00e9 \u00e0 se d\u00e9fendre devant ses pairs m\u00e9decins &#8211; Marsactu<\/p>\n<p>&#13;<br \/>\n\t\t&#13;<\/p>\n<p>Nous utilisons des cookies pour vous garantir la meilleure exp\u00e9rience sur notre site. Vous pouvez choisir de refuser les cookies.J&rsquo;accepteNonEn savoir plus<\/p>\n<p>\t\t&#13;<\/p>\n","protected":false},"excerpt":{"rendered":"Le chirurgien Michel Assor de nouveau amen\u00e9 \u00e0 se d\u00e9fendre devant ses pairs m\u00e9decins &#8211; Marsactu &#13; &#13;&hellip;\n","protected":false},"author":2,"featured_media":381872,"comment_status":"","ping_status":"","sticky":false,"template":"","format":"standard","meta":{"footnotes":""},"categories":[2814],"tags":[1111,11,6186,51502,1777,674,1011,27,884,51140,12,882,25,4772],"class_list":{"0":"post-381871","1":"post","2":"type-post","3":"status-publish","4":"format-standard","5":"has-post-thumbnail","7":"category-marseille","8":"tag-actu","9":"tag-actualites","10":"tag-audience","11":"tag-conseilordremedecins","12":"tag-eu","13":"tag-europe","14":"tag-fr","15":"tag-france","16":"tag-marseille","17":"tag-michelassor","18":"tag-news","19":"tag-provence-alpes-cote-dazur","20":"tag-republique-francaise","21":"tag-zalu"},"share_on_mastodon":{"url":"https:\/\/pubeurope.com\/@fr\/115183760484414341","error":""},"_links":{"self":[{"href":"https:\/\/www.europesays.com\/fr\/wp-json\/wp\/v2\/posts\/381871","targetHints":{"allow":["GET"]}}],"collection":[{"href":"https:\/\/www.europesays.com\/fr\/wp-json\/wp\/v2\/posts"}],"about":[{"href":"https:\/\/www.europesays.com\/fr\/wp-json\/wp\/v2\/types\/post"}],"author":[{"embeddable":true,"href":"https:\/\/www.europesays.com\/fr\/wp-json\/wp\/v2\/users\/2"}],"replies":[{"embeddable":true,"href":"https:\/\/www.europesays.com\/fr\/wp-json\/wp\/v2\/comments?post=381871"}],"version-history":[{"count":0,"href":"https:\/\/www.europesays.com\/fr\/wp-json\/wp\/v2\/posts\/381871\/revisions"}],"wp:featuredmedia":[{"embeddable":true,"href":"https:\/\/www.europesays.com\/fr\/wp-json\/wp\/v2\/media\/381872"}],"wp:attachment":[{"href":"https:\/\/www.europesays.com\/fr\/wp-json\/wp\/v2\/media?parent=381871"}],"wp:term":[{"taxonomy":"category","embeddable":true,"href":"https:\/\/www.europesays.com\/fr\/wp-json\/wp\/v2\/categories?post=381871"},{"taxonomy":"post_tag","embeddable":true,"href":"https:\/\/www.europesays.com\/fr\/wp-json\/wp\/v2\/tags?post=381871"}],"curies":[{"name":"wp","href":"https:\/\/api.w.org\/{rel}","templated":true}]}}