{"id":381873,"date":"2025-09-11T04:24:14","date_gmt":"2025-09-11T04:24:14","guid":{"rendered":"https:\/\/www.europesays.com\/fr\/381873\/"},"modified":"2025-09-11T04:24:14","modified_gmt":"2025-09-11T04:24:14","slug":"bus-et-metro-devies-circulation-infernale-une-foule-immense-attendue-a-marseille-2","status":"publish","type":"post","link":"https:\/\/www.europesays.com\/fr\/381873\/","title":{"rendered":"Bus et m\u00e9tro d\u00e9vi\u00e9s, circulation infernale&#8230; Une foule immense attendue \u00e0 Marseille"},"content":{"rendered":"<p>            Par<br \/>\n        <strong><br \/>\n            <a href=\"https:\/\/actu.fr\/auteur\/thibault-nadal-actu-fr\" title=\"Consulter tous les articles de Thibault Nadal\" rel=\"nofollow noopener\" target=\"_blank\">Thibault Nadal<\/a><br \/>\n        <\/strong><\/p>\n<p>        Publi\u00e9 le<\/p>\n<p>            11 sept. 2025 \u00e0 6h04        <\/p>\n<p>Un horaire qui risque de grandement compliquer la situation et de provoquer quelques pics de col\u00e8re. Ce vendredi 12\u00a0septembre, \u00e0 20h45, <a href=\"https:\/\/actu.fr\/tag\/olympique-de-marseille-om\" rel=\"nofollow noopener\" target=\"_blank\">l\u2019Olympique de Marseille<\/a> re\u00e7oit au <a href=\"https:\/\/actu.fr\/tag\/stade-velodrome\" rel=\"nofollow noopener\" target=\"_blank\">stade V\u00e9lodrome<\/a> (<a href=\"https:\/\/actu.fr\/marseille\/\" rel=\"nofollow noopener\" target=\"_blank\">Marseille<\/a>, 8e) le FC Lorient dans le cadre de la 5e journ\u00e9e de Ligue\u00a01. Apr\u00e8s un d\u00e9but de saison difficile marqu\u00e9 par <strong>deux d\u00e9faites en trois matchs<\/strong> et <a href=\"https:\/\/actu.fr\/provence-alpes-cote-d-azur\/marseille_13055\/c-est-difficile-car-on-a-ete-affectes-comment-l-om-veut-tourner-la-page-de-l-affaire-rabiot_63066723.html\" rel=\"nofollow noopener\" target=\"_blank\">une crise extra-sportive avec l\u2019affaire Rabiot<\/a> (le joueur est depuis parti \u00e0 Milan), les Olympiens doivent relancer la machine devant leurs supporters avant une semaine qui s\u2019annonce palpitante.<\/p>\n<p>Le stade complet<\/p>\n<p class=\" wall-content\">Les joueurs de Roberto De Zerbi entameront en effet leur campagne de Ligue des champions par <strong>un d\u00e9placement en Espagne face au R\u00e9al Madrid<\/strong> puis cinq jours apr\u00e8s, c\u2019est <a href=\"https:\/\/actu.fr\/provence-alpes-cote-d-azur\/marseille_13055\/du-foutage-de-gueule-les-prix-des-billets-pour-le-match-om-psg-font-enrager-les-supporteurs_63116102.html\" rel=\"nofollow noopener\" target=\"_blank\">le PSG qui se d\u00e9placera au stade V\u00e9lodrome<\/a>.<\/p>\n<p class=\" wall-content\">Pour cette rencontre qui va se disputer \u00e0 guichets ferm\u00e9s, \u00ab\u2009<a href=\"https:\/\/actu.fr\/tag\/rtm\" rel=\"nofollow noopener\" target=\"_blank\">la RTM<\/a> modifie le service de ces lignes, vendredi 12\u00a0septembre de 17h45 \u00e0 la fin de service\u2009\u00bb, indique-t-elle sur <a href=\"https:\/\/www.rtm.fr\/infos-trafic\/1758484775411702602\" rel=\"nofollow noopener\" target=\"_blank\">son site<\/a>.<\/p>\n<p class=\" wall-content\"><strong>M\u00e9tro M1 et M2<\/strong>\u2009:<\/p>\n<ul class=\" wall-content\">\n<li>Service renforc\u00e9 de 16h45 \u00e0 la fin de service,<\/li>\n<li>Fermeture station P\u00e9rier d\u00e8s 22h15, vers G\u00e8ze<\/li>\n<\/ul>\n<p class=\" wall-content\"><strong>Bus B1<\/strong>\u2009:<\/p>\n<ul class=\" wall-content\">\n<li>Neuf arr\u00eats non desservis en direction de Campus de Luminy\u2009: Castellane, Prado Dupr\u00e9, Prado P\u00e9rier, Prado Borde, Prado Louvain, Prado Rodocanachi, Rond Point du Prado, M\u00e9tro Rond Point du Prado et Michelet Huveaune.<\/li>\n<li>Dix arr\u00eats non desservis en direction de Castellane\u2009: Michelet Ramon, Michelet Huveaune, M\u00e9tro Rond-point du Prado, Rond-point du Prado, Prado Rodocanachi, Prado Louvain, Prado Borde, Prado P\u00e9rier, Prado Dupr\u00e9 et Castellane.<\/li>\n<li>Terminus Castellane d\u00e9plac\u00e9 \u00e0 PEM Sainte-Marguerite Dromel (terminus Bus 16).<\/li>\n<\/ul>\n<p>Votre r\u00e9gion, votre actu !<\/p>\n<p>Recevez chaque jour les infos qui comptent pour vous.<\/p>\n<p>\t<a href=\"https:\/\/actu.fr\/newsletter\" class=\"ac-btn ac-btn--corner ac-btn--medium ac-btn--blue800\" rel=\"nofollow noopener\" target=\"_blank\">S&rsquo;incrire<\/a><\/p>\n<p class=\" wall-content\"><strong>Bus 15, 15S et 17<\/strong>\u2009:<\/p>\n<ul class=\" wall-content\">\n<li>Deux arr\u00eats non desservis en direction du terminus Sainte-Marguerite Dromel\u2009: Platanes Romain Rolland et Huveaune Platanes.<\/li>\n<li>D\u00e9viation par bd Romain Rolland, bd des Trinitaires et bd de l\u2019Huveaune.<\/li>\n<\/ul>\n<p class=\" wall-content\"><strong>Bus 22 et 22S<\/strong>\u2009:<\/p>\n<ul class=\" wall-content\">\n<li>Sept arr\u00eats non desservis en direction de Les Baumettes, La Seigneurie\u2009: M\u00e9tro Rond Point du Prado, Michelet Huveaune, Michelet Ramon, Michelet Bousquet, Le Corbusier, Luce Michelet et Luce Isaac.<\/li>\n<li>Neuf arr\u00eats non desservis en direction de M\u00e9tro Rond-Point du Prado\u2009: Sainte-Anne, Isaac Luce, Luce Michelet, Michelet Luce, Le Corbusier, Michelet Bousquet, Michelet Ramon, Michelet Huveaune et M\u00e9tro Rond-point du Prado.<\/li>\n<li>Terminus M\u00e9tro Rond Point du Prado d\u00e9plac\u00e9s \u00e0 l\u2019arr\u00eat Mazargues Etienne Milan (arr\u00eat du Bus 23 situ\u00e9 sur l\u2019avenue de Mazargues, face au Supermarch\u00e9).<\/li>\n<\/ul>\n<p class=\" wall-content\"><strong>Bus 23, 44 et 45<\/strong>\u2009:<\/p>\n<ul class=\" wall-content\">\n<li>Deux arr\u00eats non desservis en direction de Beauvallon, Coll\u00e8ge Roy d\u2019Espagne, Marseilleveyre\u2009: M\u00e9tro Rond-point du Prado et N\u00e9gresko\u2009;<\/li>\n<li>Trois arr\u00eats non desservis en direction de M\u00e9tro Rond-point du Prado\u2009: Mazargues N\u00e9gresko, N\u00e9gresko, M\u00e9tro Rond-point du Prado.<\/li>\n<li>Terminus M\u00e9tro Rond Point du Prado d\u00e9plac\u00e9s \u00e0 l\u2019arr\u00eat Mazargues E.Milan (situ\u00e9 sur l\u2019avenue de Mazargues, face au Supermarch\u00e9)<\/li>\n<\/ul>\n<p class=\" wall-content\"><strong>Bus 72<\/strong>\u2009:<\/p>\n<ul class=\" wall-content\">\n<li>Deux arr\u00eats non desservis\u2009: H\u00f4pital Saint Joseph, M\u00e9tro Rond Point du Prado.<\/li>\n<li>Terminus M\u00e9tro Rond Point du Prado d\u00e9plac\u00e9 \u00e0 4 bd de l\u2019Huveaune \u00e0 proximit\u00e9 du PEM Sainte-Marguerite Dromel.<\/li>\n<\/ul>\n<p class=\" wall-content\"><strong>Bus 73<\/strong>\u2009:<\/p>\n<ul class=\" wall-content\">\n<li>Onze arr\u00eats non desservis en direction de Sainte-Marguerite Dromel\u2009: Toulon Delphes, Rouet Gaz du Midi, Rouet Cassis, Rouet Liandier, Rouet Roumanille, Rouet Louvain, Teisseire Rabatau, Teisseire Montfuron, Teisseire Palais des Sports, La Pugette, Sainte-Marguerite Dromel.<\/li>\n<li>Neuf arr\u00eats non desservis en direction de Vallon de l\u2019Oriol\u2009: Sainte-Marguerite Dromel, Teisseire Palais des Sports, Teisseire Montfuron, Teisseire Rabatau, Rouet Louvain, Maillane, Cantini Borde, Parc du 26e Centenaire, Gouff\u00e9 Austerlitz.<\/li>\n<li>Terminus Sainte-Marguerite Dromel d\u00e9plac\u00e9 \u00e0 Castellane.<\/li>\n<\/ul>\n<p class=\" wall-content\">Personnalisez votre actualit\u00e9 en ajoutant vos villes et m\u00e9dias en favori avec <a href=\"https:\/\/moncompte.actu.fr\" title=\"D\u00e9couvez Mon Actu\" rel=\"nofollow noopener\" data-trk=\"{&quot;cta&quot;:{&quot;action&quot;:&quot;https:\\\/\\\/moncompte.actu.fr&quot;,&quot;category&quot;:&quot;mon compte&quot;,&quot;from&quot;:&quot;article footer&quot;,&quot;name&quot;:&quot;Mon actu&quot;,&quot;type&quot;:&quot;cta&quot;}}\" target=\"_blank\">Mon Actu<\/a>.<\/p>\n","protected":false},"excerpt":{"rendered":"Par Thibault Nadal Publi\u00e9 le 11 sept. 2025 \u00e0 6h04 Un horaire qui risque de grandement compliquer la&hellip;\n","protected":false},"author":2,"featured_media":381874,"comment_status":"","ping_status":"","sticky":false,"template":"","format":"standard","meta":{"footnotes":""},"categories":[2814],"tags":[1111,11,1777,674,1011,27,884,12,882,25,10783,104,1280,2803],"class_list":{"0":"post-381873","1":"post","2":"type-post","3":"status-publish","4":"format-standard","5":"has-post-thumbnail","7":"category-marseille","8":"tag-actu","9":"tag-actualites","10":"tag-eu","11":"tag-europe","12":"tag-fr","13":"tag-france","14":"tag-marseille","15":"tag-news","16":"tag-provence-alpes-cote-dazur","17":"tag-republique-francaise","18":"tag-rtm","19":"tag-societe","20":"tag-stade-velodrome","21":"tag-transport"},"share_on_mastodon":{"url":"https:\/\/pubeurope.com\/@fr\/115183764405558035","error":""},"_links":{"self":[{"href":"https:\/\/www.europesays.com\/fr\/wp-json\/wp\/v2\/posts\/381873","targetHints":{"allow":["GET"]}}],"collection":[{"href":"https:\/\/www.europesays.com\/fr\/wp-json\/wp\/v2\/posts"}],"about":[{"href":"https:\/\/www.europesays.com\/fr\/wp-json\/wp\/v2\/types\/post"}],"author":[{"embeddable":true,"href":"https:\/\/www.europesays.com\/fr\/wp-json\/wp\/v2\/users\/2"}],"replies":[{"embeddable":true,"href":"https:\/\/www.europesays.com\/fr\/wp-json\/wp\/v2\/comments?post=381873"}],"version-history":[{"count":0,"href":"https:\/\/www.europesays.com\/fr\/wp-json\/wp\/v2\/posts\/381873\/revisions"}],"wp:featuredmedia":[{"embeddable":true,"href":"https:\/\/www.europesays.com\/fr\/wp-json\/wp\/v2\/media\/381874"}],"wp:attachment":[{"href":"https:\/\/www.europesays.com\/fr\/wp-json\/wp\/v2\/media?parent=381873"}],"wp:term":[{"taxonomy":"category","embeddable":true,"href":"https:\/\/www.europesays.com\/fr\/wp-json\/wp\/v2\/categories?post=381873"},{"taxonomy":"post_tag","embeddable":true,"href":"https:\/\/www.europesays.com\/fr\/wp-json\/wp\/v2\/tags?post=381873"}],"curies":[{"name":"wp","href":"https:\/\/api.w.org\/{rel}","templated":true}]}}