{"id":381875,"date":"2025-09-11T04:25:13","date_gmt":"2025-09-11T04:25:13","guid":{"rendered":"https:\/\/www.europesays.com\/fr\/381875\/"},"modified":"2025-09-11T04:25:13","modified_gmt":"2025-09-11T04:25:13","slug":"toute-lactualite-de-ce-jeudi-11-septembre-2025-a-lyon","status":"publish","type":"post","link":"https:\/\/www.europesays.com\/fr\/381875\/","title":{"rendered":"Toute l&rsquo;actualit\u00e9 de ce jeudi 11 septembre 2025 \u00e0 Lyon"},"content":{"rendered":"<p>A la une de l\u2019info \u00e0 Lyon : le mouvement Bloquons Tout, des heurts avec les CRS et 15 interpellations, nouvelle journ\u00e9e de fermeture \u00e0 l\u2019universit\u00e9 Lyon 2, l\u2019encadrement des baux commerciaux, le nouveau portail des associations de la M\u00e9tropole de Lyon, l\u2019ouverture des r\u00e9serves du mus\u00e9e des sapeurs-pompiers \u00e0 l\u2019occasion des Journ\u00e9es Europ\u00e9ennes du Patrimoine\u2026.<\/p>\n<p>ECOUTEZ LE 1\/4H LYONNAIS\u2026 Toute l\u2019actualit\u00e9 de ce jeudi 11 septembre 2025<\/p>\n<p>LE 1\/4H LYONNAIS | jeudi 11 septembre 2025<\/p>\n<p>Le mouvement \u00ab\u00a0<strong>Bloquons tout<\/strong>\u00a0\u00bb a largement mobilis\u00e9 hier \u00e0 Lyon. Au total, <strong>plus de 8 000 personnes<\/strong> ont pris part aux diverses actions<\/p>\n<p><strong>15 interpellations<\/strong> ont \u00e9t\u00e9 d\u00e9nombr\u00e9es.\u00a0De nombreux <strong>cort\u00e8ges sauvages<\/strong> ont d\u00e9bord\u00e9s, n\u00e9cessitant l\u2019intervention des CRS.<\/p>\n<p>Entre slogans <strong>contre l\u2019aust\u00e9rit\u00e9<\/strong> et <strong>col\u00e8re face aux violences polici\u00e8res<\/strong>, la journ\u00e9e a \u00e9t\u00e9 marqu\u00e9e par une forte tension dans les rues du centre-ville.\u00a0<\/p>\n<p>Reportage de Paul Mars.\u00a0<\/p>\n<p>Les syndicats revendiquent notamment \u00ab\u00a0<strong>plus de justice fiscale, une justice sociale, et l\u2019augmentation des salaires, des minimas sociaux et des pensions de retraite<\/strong>.\u00a0\u00bb. Une <strong>autre journ\u00e9e de blocage<\/strong> est d\u00e9j\u00e0 programm\u00e9e pour le <strong>18 septembre<\/strong><\/p>\n<p>L\u2019<strong>universit\u00e9 Lyon 2<\/strong> a annonc\u00e9 sur ses r\u00e9seaux sociaux maintenir la <strong>fermeture de ses sites ce jeudi<\/strong> , pour pr\u00e9server la s\u00e9curit\u00e9 des personnes et des biens. \u00bb<\/p>\n<p>Ecoutez aussi :<\/p>\n<p>Egalement dans l\u2019actualit\u00e9 de ce jeudi 11 septembre<\/p>\n<p>Lyon veut exp\u00e9rimenter l\u2019<strong>encadrement des baux commerciaux<\/strong>. C\u2019est <strong>Gr\u00e9gory Doucet<\/strong> qui l\u2019a confirm\u00e9 hier en d\u00e9ambulant dans le centre-ville aux cot\u00e9s du pr\u00e9sident de l\u2019Umih,<strong> Thierry Fontaine<\/strong>, qui approuve cette initiative\u00a0<\/p>\n<p>Comment r\u00e9diger les statuts de son <strong>association<\/strong> ? Comment demander une <strong>subvention<\/strong> ? ou comment <strong>faire connaitre sa structure<\/strong> ? Toutes les r\u00e9ponses \u00e0 ces questions, vous les trouverez sans aucun doute sur le <strong>nouveau<a href=\"https:\/\/www.assos-grandlyon.org\/\" target=\"_blank\" rel=\"noreferrer noopener\"> portail des associations<\/a> de la M\u00e9tropole de Lyon<\/strong><\/p>\n<p>Notre invit\u00e9e : <strong>M\u00e9lissa Zonzon<\/strong>, charg\u00e9e d\u2019animation et de d\u00e9veloppement du <strong>r\u00e9seau SAVAARA<\/strong>, en charge de ce portail<\/p>\n<p>Le <strong>Mus\u00e9e des sapeurs-pompiers<\/strong> de Lyon va ouvrir exceptionnellement ses r\u00e9serves \u00e0 <strong>Vaulx-en-Velin<\/strong>. A l\u2019occasion des <strong>Journ\u00e9es du patrimoine<\/strong> les 20 et 21 septembre prochains\u2026 Pr\u00e8s de <strong>150 v\u00e9hicules historique<\/strong>s seront exceptionnellement visibles tout le week-end, de 10 h \u00e0 18 h<\/p>\n<p>Ecoutez aussi : <a href=\"https:\/\/www.lyondemain.fr\/actualite-de-ce-mercredi-10-septembre-lyon-info-college-katia-krafft\/\" target=\"_blank\" rel=\"noreferrer noopener\">Toute l\u2019actualit\u00e9 de ce mercredi 10 septembre 2025 \u00e0 Lyon<\/a><\/p>\n<p><img loading=\"lazy\" decoding=\"async\" width=\"1200\" height=\"675\" src=\"https:\/\/www.europesays.com\/fr\/wp-content\/uploads\/2025\/09\/actualite-de-ce-jeudi-11-septembre-2025.jpg\" alt=\"actualit\u00e9 de ce jeudi 11 septembre 2025 info \u00e0 Lyon\" class=\"wp-image-251441\"  \/>Retrouvez aussi le Quart d\u2019Heure Lyonnais de Lyon Demain sur les antennes de Radio Pluriel (Lyon). Radio Salam (Lyon, Saint-Etienne et Bourg) et Radio Arm\u00e9nie (Lyon et Vienne)<br \/>\nJ\u2019aime \u00e7a\u00a0:<\/p>\n<p>J\u2019aime chargement\u2026<\/p>\n<p><a class=\"sd-link-color\"\/><\/p>\n<p>\n\tArticles similaires\n<\/p>\n<p>\t\t\t\t<img decoding=\"async\" src=\"https:\/\/www.europesays.com\/fr\/wp-content\/uploads\/2025\/09\/1757564713_219_7866158698e17e8ed633c05e8f8e7fe5d9e057ad78661c4dc34e413abb6b9f19\" alt=\"G\u00e9rald Bouchon\"\/><\/p>\n<p>Pionnier des radios libres, passionn\u00e9 de radio, journaliste et dirigeant de m\u00e9dias \u00e9co-responsables..<\/p>\n","protected":false},"excerpt":{"rendered":"A la une de l\u2019info \u00e0 Lyon : le mouvement Bloquons Tout, des heurts avec les CRS et&hellip;\n","protected":false},"author":2,"featured_media":381876,"comment_status":"","ping_status":"","sticky":false,"template":"","format":"standard","meta":{"footnotes":""},"categories":[1889],"tags":[1111,11,4733,2430,51503,47212,13207,215,12513,5225,1777,674,1011,27,5226,2428,2088,51504,10510,51505,12,51506,25,51507,51508,45356,29496,51509],"class_list":{"0":"post-381875","1":"post","2":"type-post","3":"status-publish","4":"format-standard","5":"has-post-thumbnail","7":"category-lyon","8":"tag-actu","9":"tag-actualites","10":"tag-associations","11":"tag-auvergne-rhone-alpes","12":"tag-bail-commercial","13":"tag-bloquons-tout","14":"tag-collections","15":"tag-commerce","16":"tag-crs","17":"tag-encadrement-des-loyers","18":"tag-eu","19":"tag-europe","20":"tag-fr","21":"tag-france","22":"tag-gregory-doucet","23":"tag-lyon","24":"tag-manifestation","25":"tag-melissa-zonzon","26":"tag-metropole-de-lyon","27":"tag-musee-des-pompiers","28":"tag-news","29":"tag-portail-des-associations","30":"tag-republique-francaise","31":"tag-savaara","32":"tag-thierry-fontaine","33":"tag-umih","34":"tag-universite-lyon-2","35":"tag-vehicule-dintervention"},"share_on_mastodon":{"url":"https:\/\/pubeurope.com\/@fr\/115183768478234630","error":""},"_links":{"self":[{"href":"https:\/\/www.europesays.com\/fr\/wp-json\/wp\/v2\/posts\/381875","targetHints":{"allow":["GET"]}}],"collection":[{"href":"https:\/\/www.europesays.com\/fr\/wp-json\/wp\/v2\/posts"}],"about":[{"href":"https:\/\/www.europesays.com\/fr\/wp-json\/wp\/v2\/types\/post"}],"author":[{"embeddable":true,"href":"https:\/\/www.europesays.com\/fr\/wp-json\/wp\/v2\/users\/2"}],"replies":[{"embeddable":true,"href":"https:\/\/www.europesays.com\/fr\/wp-json\/wp\/v2\/comments?post=381875"}],"version-history":[{"count":0,"href":"https:\/\/www.europesays.com\/fr\/wp-json\/wp\/v2\/posts\/381875\/revisions"}],"wp:featuredmedia":[{"embeddable":true,"href":"https:\/\/www.europesays.com\/fr\/wp-json\/wp\/v2\/media\/381876"}],"wp:attachment":[{"href":"https:\/\/www.europesays.com\/fr\/wp-json\/wp\/v2\/media?parent=381875"}],"wp:term":[{"taxonomy":"category","embeddable":true,"href":"https:\/\/www.europesays.com\/fr\/wp-json\/wp\/v2\/categories?post=381875"},{"taxonomy":"post_tag","embeddable":true,"href":"https:\/\/www.europesays.com\/fr\/wp-json\/wp\/v2\/tags?post=381875"}],"curies":[{"name":"wp","href":"https:\/\/api.w.org\/{rel}","templated":true}]}}