{"id":381877,"date":"2025-09-11T04:26:16","date_gmt":"2025-09-11T04:26:16","guid":{"rendered":"https:\/\/www.europesays.com\/fr\/381877\/"},"modified":"2025-09-11T04:26:16","modified_gmt":"2025-09-11T04:26:16","slug":"voici-le-profil-des-manifestants-du-10-septembre","status":"publish","type":"post","link":"https:\/\/www.europesays.com\/fr\/381877\/","title":{"rendered":"voici le profil des manifestants du 10 septembre"},"content":{"rendered":"<p>            Par<br \/>\n        <strong><br \/>\n            <a href=\"https:\/\/actu.fr\/auteur\/theo-zuili\" title=\"Consulter tous les articles de Th\u00e9o Zuili\" target=\"_blank\" rel=\"noopener\">Th\u00e9o Zuili<\/a><br \/>\n        <\/strong><\/p>\n<p>        Publi\u00e9 le<\/p>\n<p>            11 sept. 2025 \u00e0 6h04        <\/p>\n<p>Une manifestation a rassembl\u00e9 dans le calme <strong>au moins 10 000 personnes<\/strong> \u00e0 12h place Guichard, dans le 3\u1d49 arrondissement de <a href=\"https:\/\/actu.fr\/auvergne-rhone-alpes\/lyon_69123\" target=\"_blank\" rel=\"noopener\">Lyon<\/a>, \u00e0 l\u2019appel de la CGT ce mercredi 10 septembre dans le cadre du mouvement \u00ab\u00a0Bloquons tout\u00a0\u00bb. Des violences ont ensuite \u00e9clat\u00e9. On fait le point sur les profils des manifestants.<\/p>\n<p>Une mobilisation tr\u00e8s h\u00e9t\u00e9rog\u00e8ne<\/p>\n<p class=\" wall-content\">\u00c9tudiants, jeunes actifs, familles, personnes \u00e2g\u00e9es, syndicalistes, militants de tous les spectres de la gauche, \u00e9lus \u00c9cologistes et LFI, black-blocks, casseurs et marginaux ont r\u00e9pondu pr\u00e9sent au rendez-vous, lanc\u00e9 dans le cadre du mouvement \u00ab\u00a0Bloquons tout\u00a0\u00bb <a href=\"https:\/\/actu.fr\/societe\/les-essentiels-bloquons-tout-qui-sont-ces-groupes-a-l-origine-des-blocages-du-10-septembre_63105694.html\" target=\"_blank\" rel=\"noopener\">n\u00e9 sur les r\u00e9seaux-sociaux cet \u00e9t\u00e9<\/a>.\u00a0<\/p>\n<p class=\" wall-content\">Les revendications de ce mouvement populaire et d\u00e9centralis\u00e9 \u00e9taient nombreuses et vari\u00e9es, mais s\u2019articulent autour d\u2019un ras-le-bol d\u2019<a href=\"https:\/\/actu.fr\/tag\/emmanuel-macron\" target=\"_blank\" rel=\"noopener\">Emmanuel Macron<\/a>, sa politique ou ce qu\u2019il repr\u00e9sente. \u00ab\u00a0Pouvoir au peuple\u00a0\u00bb, loi Zucman, fin au \u00ab\u00a0d\u00e9ni climatique\u00a0\u00bb, \u00ab\u00a0de l\u2019argent pour nos services publics, pas pour les militaires\u00a0\u00bb\u2026<\/p>\n<p>    <a href=\"https:\/\/www.facebook.com\/plugins\/video.php?height=476&amp;href=https%3A%2F%2Fwww.facebook.com%2Freel%2F2184189012103414%2F&amp;show_text=true&amp;width=350&amp;t=0\" title=\"Ouvrie le lien\" target=\"_blank\" rel=\"noopener\">Cliquez ici pour visualiser le contenu<\/a><\/p>\n<p class=\" wall-content\">Contrairement au mouvement des <a href=\"https:\/\/actu.fr\/auvergne-rhone-alpes\/lyon_69123\/10-septembre-a-lyon-voici-pourquoi-thierry-gilet-jaune-historique-ne-bloquera-pas-la-ville_63074231.html\" target=\"_blank\" rel=\"noopener\">Gilets-Jaunes<\/a>, aucun code couleur ni style vestimentaire unique n\u2019appara\u00eet sur nos images, qui mettent plut\u00f4t en avant <strong>l\u2019h\u00e9t\u00e9rog\u00e9n\u00e9it\u00e9 des profils<\/strong> pr\u00e9sents \u00e0 Lyon lors de cette mobilisation.<\/p>\n<p>    <img   decoding=\"async\" loading=\"lazy\" src=\"https:\/\/www.europesays.com\/fr\/wp-content\/uploads\/2025\/09\/manifestation-lyon-place-guichard-960x640.jpg\" alt=\"Les manifestants r\u00e9unis place Guichard \u00e0 Lyon pour le 10 septembre.\" width=\"960\" height=\"640\"\/><br \/>\n    Les manifestants r\u00e9unis place Guichard \u00e0 Lyon pour le 10 septembre. (\u00a9Th\u00e9o Zuili \/ actu Lyon)<\/p>\n<p class=\" wall-content\">Les manifestations spontan\u00e9es, non d\u00e9clar\u00e9es en amont en pr\u00e9fecture, ont bloqu\u00e9 la circulation puis <strong>d\u00e9g\u00e9n\u00e9r\u00e9 en affrontements urbains<\/strong> avec les forces de l\u2019ordre. Ces derni\u00e8res tentaient d\u2019emp\u00eacher les manifestations sauvages de rejoindre la Presqu\u2019\u00eele et ont \u00e9t\u00e9 prises pour cibles par des jets de pierres et des tirs de mortiers.<\/p>\n<p>Votre r\u00e9gion, votre actu !<\/p>\n<p>Recevez chaque jour les infos qui comptent pour vous.<\/p>\n<p>\t<a href=\"https:\/\/actu.fr\/newsletter\" class=\"ac-btn ac-btn--corner ac-btn--medium ac-btn--blue800\" target=\"_blank\" rel=\"noopener\">S&rsquo;incrire<\/a><br \/>\nLa violence s\u2019invite<\/p>\n<p class=\" wall-content\">La r\u00e9plique n\u2019a pas tard\u00e9 \u00e0 se faire sentir par l\u2019ensemble des manifestants, largement plus pacifiques, avec l\u2019usage massif de gaz lacrymog\u00e8ne.<\/p>\n<p>    <img   decoding=\"async\" loading=\"lazy\" src=\"https:\/\/www.europesays.com\/fr\/wp-content\/uploads\/2025\/09\/1757564776_233_manif-lyon-gaz-960x640.jpg\" alt=\"Les manifestants gaz\u00e9s par les policiers \u00e0 Lyon, mercredi 10 septembre.\" width=\"960\" height=\"640\"\/><br \/>\n    Les manifestants gaz\u00e9s par les policiers \u00e0 Lyon, mercredi 10 septembre. (\u00a9Th\u00e9o Zuili \/ actu Lyon)<\/p>\n<p class=\" wall-content\">De quoi alimenter <strong>l\u2019incompr\u00e9hension<\/strong> ou une col\u00e8re d\u00e9j\u00e0 br\u00fblante chez les personnes confront\u00e9es \u00e0 cette disproportionnalit\u00e9, non-solidaire des agissements violents d\u2019une minorit\u00e9 en t\u00eate de cort\u00e8ge. \u00ab\u00a0Ils veulent nous d\u00e9courager\u00a0\u00bb, l\u00e2che un jeune.<\/p>\n<blockquote class=\"ac-article-quote wall-content\">\n<p>De base, c&rsquo;\u00e9tait un rassemblement bonne ambiance, puis on a vu partir une manifestation, on a suivi&#8230; C&rsquo;\u00e9tait toujours bonne ambiance avec la fanfare, puis d\u2019un coup gazage. On n&rsquo;a pas compris qu&rsquo;il n&rsquo;y avait pas de manifestation l\u00e9gale, \u00e7a aurait d\u00fb rester un rassemblement, puis rendez-vous le 18 septembre pour manifester \u00e0 nouveau !<\/p>\n<p>    <strong>Tristan<\/strong><br \/>\n        Jeune manifestant    <\/p><\/blockquote>\n<p class=\" wall-content\">Sur le passage des diff\u00e9rents cort\u00e8ges qui ont anim\u00e9 la ville de Lyon, <a href=\"https:\/\/actu.fr\/auvergne-rhone-alpes\/lyon_69123\/photos-bloquons-tout-a-lyon-la-manifestation-vire-en-violences-la-presqu-ile-ciblee_63143355.html\" target=\"_blank\" rel=\"noopener\">de nombreux d\u00e9g\u00e2ts<\/a> et une odeur poivr\u00e9e agressive laissant un go\u00fbt m\u00e9tallique. Des commerces ont \u00e9t\u00e9 vis\u00e9s.<\/p>\n<p class=\" wall-content\">\n<p class=\" wall-content\">Barricades de fortunes dans les rues ou sur les rails de tramway, panneaux publicitaires d\u00e9truits, vitrines de commerces ab\u00eem\u00e9es, amas de cendres et feux de poubelles\u2026 Surtout, de <strong>tr\u00e8s nombreux tags et graffitis<\/strong>, entre revendications, insultes et appels \u00e0 la violence.<\/p>\n<p>Des t\u00e9moignages<\/p>\n<p class=\" wall-content\">\u00ab\u00a0\u00c7a fait quinze minutes que je discute avec les policiers, <strong>ils se font insulter<\/strong> de tous les noms\u00a0\u00bb, d\u00e9plore un jeune homme. Sa copine r\u00e9plique, l\u2019air triste : \u00ab\u00a0Y\u2019avait un p\u00e8re de famille\u2026\u00a0\u00bb Plus loin, un passant jette de l\u2019eau sur une poubelle incendi\u00e9e.<\/p>\n<p class=\" wall-content\">\n<p class=\" wall-content\">\u00ab\u00a0J\u2019ai grandi au Mas du Taureau \u00e0 Vaulx-en-Velin, on sait ce que c\u2019est la mis\u00e8re. Il n\u2019y a que les bobos dans la manif\u2019. Mes copains noirs et arabes ne se sentent pas concern\u00e9s, ils devraient \u00eatre l\u00e0. C\u2019est un pays de papiers. Eux, ce n\u2019est pas leur pays, ils s\u2019en battent les couilles\u00a0\u00bb, regrette Robert, retrait\u00e9.<\/p>\n<p class=\" wall-content\">Seul le rassemblement place Guichard \u00e9tait d\u00e9clar\u00e9 en pr\u00e9fecture. Il a pourtant \u00e9t\u00e9 <strong>dispers\u00e9 par des tirs de gaz lacrymog\u00e8ne<\/strong> et une charge en milieu d\u2019apr\u00e8s-midi. Selon les forces de l\u2019ordre, des auteurs de jets de projectiles sur la police dans les rues adjacentes \u00e9taient vis\u00e9s.<\/p>\n<p class=\" wall-content\">\n<p class=\" wall-content\">\u00ab\u00a0L\u00e0, c\u2019\u00e9tait absolument pacifique. \u00c7a ne peut plus durer. La jeunesse est la rel\u00e8ve et ne c\u00e9dera pas. C\u2019est la premi\u00e8re fois que je vois une manifestation aussi brutale, aussi pacifique, qui chante\u2026 on veut nous faire peur\u00a0\u00bb, diagnostique une militante \u00e2g\u00e9e de 70 ans, forc\u00e9e de quitter la place.<\/p>\n<p class=\" wall-content\"><strong>Avec Julien Damboise<\/strong><\/p>\n<p class=\" wall-content\">Personnalisez votre actualit\u00e9 en ajoutant vos villes et m\u00e9dias en favori avec <a href=\"https:\/\/moncompte.actu.fr\" title=\"D\u00e9couvez Mon Actu\" rel=\"nofollow noopener\" data-trk=\"{&quot;cta&quot;:{&quot;action&quot;:&quot;https:\\\/\\\/moncompte.actu.fr&quot;,&quot;category&quot;:&quot;mon compte&quot;,&quot;from&quot;:&quot;article footer&quot;,&quot;name&quot;:&quot;Mon actu&quot;,&quot;type&quot;:&quot;cta&quot;}}\" target=\"_blank\">Mon Actu<\/a>.<\/p>\n","protected":false},"excerpt":{"rendered":"Par Th\u00e9o Zuili Publi\u00e9 le 11 sept. 2025 \u00e0 6h04 Une manifestation a rassembl\u00e9 dans le calme au&hellip;\n","protected":false},"author":2,"featured_media":381878,"comment_status":"","ping_status":"","sticky":false,"template":"","format":"standard","meta":{"footnotes":""},"categories":[1889],"tags":[1111,11,2430,47212,1777,674,1011,27,2428,1272,50957,12,25,104],"class_list":{"0":"post-381877","1":"post","2":"type-post","3":"status-publish","4":"format-standard","5":"has-post-thumbnail","7":"category-lyon","8":"tag-actu","9":"tag-actualites","10":"tag-auvergne-rhone-alpes","11":"tag-bloquons-tout","12":"tag-eu","13":"tag-europe","14":"tag-fr","15":"tag-france","16":"tag-lyon","17":"tag-manifestations","18":"tag-mouvement-du-10-septembre","19":"tag-news","20":"tag-republique-francaise","21":"tag-societe"},"share_on_mastodon":{"url":"https:\/\/pubeurope.com\/@fr\/115183772367874409","error":""},"_links":{"self":[{"href":"https:\/\/www.europesays.com\/fr\/wp-json\/wp\/v2\/posts\/381877","targetHints":{"allow":["GET"]}}],"collection":[{"href":"https:\/\/www.europesays.com\/fr\/wp-json\/wp\/v2\/posts"}],"about":[{"href":"https:\/\/www.europesays.com\/fr\/wp-json\/wp\/v2\/types\/post"}],"author":[{"embeddable":true,"href":"https:\/\/www.europesays.com\/fr\/wp-json\/wp\/v2\/users\/2"}],"replies":[{"embeddable":true,"href":"https:\/\/www.europesays.com\/fr\/wp-json\/wp\/v2\/comments?post=381877"}],"version-history":[{"count":0,"href":"https:\/\/www.europesays.com\/fr\/wp-json\/wp\/v2\/posts\/381877\/revisions"}],"wp:featuredmedia":[{"embeddable":true,"href":"https:\/\/www.europesays.com\/fr\/wp-json\/wp\/v2\/media\/381878"}],"wp:attachment":[{"href":"https:\/\/www.europesays.com\/fr\/wp-json\/wp\/v2\/media?parent=381877"}],"wp:term":[{"taxonomy":"category","embeddable":true,"href":"https:\/\/www.europesays.com\/fr\/wp-json\/wp\/v2\/categories?post=381877"},{"taxonomy":"post_tag","embeddable":true,"href":"https:\/\/www.europesays.com\/fr\/wp-json\/wp\/v2\/tags?post=381877"}],"curies":[{"name":"wp","href":"https:\/\/api.w.org\/{rel}","templated":true}]}}