{"id":381879,"date":"2025-09-11T04:28:20","date_gmt":"2025-09-11T04:28:20","guid":{"rendered":"https:\/\/www.europesays.com\/fr\/381879\/"},"modified":"2025-09-11T04:28:20","modified_gmt":"2025-09-11T04:28:20","slug":"suicide-les-actions-de-prevention-en-ile-de-france","status":"publish","type":"post","link":"https:\/\/www.europesays.com\/fr\/381879\/","title":{"rendered":"Suicide : les actions de pr\u00e9vention en \u00cele-de-France"},"content":{"rendered":"<p>        Une priorit\u00e9 de sant\u00e9 publique<\/p>\n<p>La pr\u00e9vention du suicide est un enjeu majeur de sant\u00e9 publique. Bien que le taux de suicide soit en baisse tendancielle depuis 20 ans, la France pr\u00e9sente l\u2019un des taux de suicide les plus \u00e9lev\u00e9s d\u2019Europe, avec 9 203 d\u00e9c\u00e8s estim\u00e9s en 2017, selon l\u2019observatoire du suicide.\u00a0Selon une \u00e9tude de la fondation FondaMental, le fardeau \u00e9conomique des suicides et tentatives de suicide en France en 2019 s\u2019\u00e9l\u00e8ve \u00e0 24 milliards d\u2019euro, en tenant compte des co\u00fbts directs sanitaires et post mortem, ainsi que des co\u00fbts indirects li\u00e9s notamment \u00e0 la perte de productivit\u00e9 et la prise en charge du handicap.<\/p>\n<p>Selon le Bulletin de Sant\u00e9 Publique Ile-de-France de 2023, 4 % des Franciliens de 18-85 ans ont d\u00e9clar\u00e9 avoir pens\u00e9 \u00e0 se suicider, proportion comparable \u00e0 celle observ\u00e9e dans le reste de la France. En \u00cele-de-France, un passage \u00e0 l\u2019acte concerne 6 % des personnes de 18-85 ans, les femmes bien plus que les hommes (respectivement 7 % et 4 %). En plus des jeunes, les agriculteurs, les personnes d\u00e9tenues, les minorit\u00e9s sexuelles et les personnes \u00e2g\u00e9es sont particuli\u00e8rement concern\u00e9es par le risque suicidaire.<\/p>\n<p>La pr\u00e9vention du suicide, et plus g\u00e9n\u00e9ralement la promotion de la sant\u00e9 mentale, est l\u2019une des priorit\u00e9s du Projet r\u00e9gional de sant\u00e9 2023-2028, dans sa fiche 1.6 du Sch\u00e9ma R\u00e9gional de Sant\u00e9. L&rsquo;Agence, aux c\u00f4t\u00e9s de ses partenaires est engag\u00e9e dans une strat\u00e9gie globale qui comprend :\u00a0le d\u00e9veloppement d\u2019outils de suivi des suicides et des tentatives de suicide, des actions de pr\u00e9vention aupr\u00e8s des personnes \u00e0 risque suicidaire et celles ayant d\u00e9j\u00e0 r\u00e9alis\u00e9 un passage \u00e0 l\u2019acte, la mise en place de formations au rep\u00e9rage, \u00e0 l\u2019\u00e9valuation du risque suicidaire et \u00e0 l\u2019intervention de crise aupr\u00e8s des personnes en crise suicidaire mais aussi des actions de postvention et d\u2019accompagnement des personnes qui ont connu un suicide dans leur environnement et entourage.<\/p>\n<p>Zoom sur quelques actions mises en place en \u00cele-de-France :<\/p>\n<p>Le 3114 : le num\u00e9ro de pr\u00e9vention du suicide<\/p>\n<p>Le 3114, est un num\u00e9ro national de pr\u00e9vention du suicide lanc\u00e9 dans le cadre de la strat\u00e9gie nationale de pr\u00e9vention du suicide. Un centre r\u00e9pondant est ouvert en \u00cele-de-France depuis janvier 2023 port\u00e9 par le GHU Paris psychiatrie et neurosciences et l\u2019AP-HP.<\/p>\n<p>Ce dispositif d\u2019aide \u00e0 distance est accessible 7j\/7 et 24h\/24. Il a pour but d\u2019apporter une r\u00e9ponse r\u00e9active et personnalis\u00e9e \u00e0 toute personne confront\u00e9e \u00e0 une crise suicidaire, ainsi qu\u2019\u00e0 ses proches aidants, aux professionnels, aux endeuill\u00e9s du suicide et aux institutions impact\u00e9es. Il permet de r\u00e9pondre \u00e0 un public assez large et \u00e0 l\u2019ensemble des situations : accueil, \u00e9coute et orientation. Les r\u00e9pondants sont des psychologues et des infirmiers qui ont eux-m\u00eames une exp\u00e9rience en psychiatrie et dans le champ du suicide.<\/p>\n<p>Depuis sa cr\u00e9ation, le 3114 a re\u00e7u plus de 200 000 appels venant de l\u2019\u00cele-de-France.<\/p>\n<p>En savoir plus : <a class=\"link-ext-icon\" href=\"https:\/\/3114.fr\/\" target=\"_blank\" data-xiti-name=\"3114.fr\" data-xiti-chapitre1=\"Suicide : les actions de pr\u00e9vention en \u00cele-de-France\" data-xiti-type=\"exit\" rel=\"nofollow noopener\">3114.fr<\/a><\/p>\n<p>Le dispositif VigilanS\u00a0: un suivi et un accompagnement des personnes \u00e0 risque de r\u00e9it\u00e9ration suicidaire<\/p>\n<p>La survenue d&rsquo;une tentative de suicide multiplie par 4 le risque de suicide ult\u00e9rieur. Pour pr\u00e9venir ce risque, le maintien du contact avec les personnes est essentiel. C\u2019est l\u2019enjeu du dispositif VigilanS n\u00e9 en 2015 dans les Hauts-de-France et qui est aujourd\u2019hui effectif dans chaque d\u00e9partement d\u2019\u00cele-de-France.<\/p>\n<p>Toute personne prise en charge pour une tentative de suicide se voit proposer son inclusion dans VigilanS au moment de sa sortie. Elle est alors suivie et r\u00e9guli\u00e8rement contact\u00e9e par des \u00ab\u00a0vigilanseurs\u00a0\u00bb, des soignants form\u00e9s qui pourront r\u00e9pondre efficacement en cas de mal-\u00eatre ou de probl\u00e8me. Elle peut \u00e9galement les joindre directement via un num\u00e9ro gratuit. Parall\u00e8lement, son m\u00e9decin traitant et \u00e9ventuellement son psychiatre traitant re\u00e7oivent un courrier les informant de l\u2019organisation du dispositif et de l\u2019entr\u00e9e de leur patient dans celui-ci. Ils disposent eux aussi d\u2019un num\u00e9ro t\u00e9l\u00e9phonique d\u00e9di\u00e9 pour r\u00e9pondre \u00e0 leurs questions.<\/p>\n<p>Depuis leur cr\u00e9ation sur la r\u00e9gion, les 4 dispositifs VigilanS franciliens ont inclus dans leurs suivis plus de 10 000 patients.<\/p>\n<p>Selon l&rsquo;\u00e9valuation de Sant\u00e9 publique France, le risque de r\u00e9it\u00e9ration suicidaire ou de d\u00e9c\u00e8s par suicide est r\u00e9duit de 38% pour les patients un an apr\u00e8s leur inclusion dans VigilanS.<\/p>\n<p>En savoir plus : <a class=\"link-ext-icon\" href=\"https:\/\/www.santepubliquefrance.fr\/maladies-et-traumatismes\/sante-mentale\/suicides-et-tentatives-de-suicide\/documents\/enquetes-etudes\/evaluation-d-efficacite-de-vigilans-de-2015-a-2017-dispositif-de-prevention-de-la-reiteration-suicidaire\" target=\"_blank\" data-xiti-name=\"Sant\u00e9 publique France\" data-xiti-chapitre1=\"Suicide : les actions de pr\u00e9vention en \u00cele-de-France\" data-xiti-type=\"exit\" rel=\"nofollow noopener\">Sant\u00e9 publique France<\/a><\/p>\n<p>Les formations en pr\u00e9vention du suicide<\/p>\n<p>Les actions de formation forment un pilier de la strat\u00e9gie de pr\u00e9vention du suicide et ont plusieurs d\u00e9clinaisons :<\/p>\n<ul>\n<li>Des formations en pr\u00e9vention du suicide visant \u00e0 constituer un r\u00e9seau Sentinelle de pr\u00e9vention et d\u2019orientation dans la population.<\/li>\n<li>La formation sp\u00e9cifique des professionnels pour le d\u00e9pistage, l\u2019\u00e9valuation, l\u2019orientation et l\u2019intervention de crise.<\/li>\n<\/ul>\n<p>Trois formations standardis\u00e9es construites par le GEPS (Groupement d&rsquo;Etudes et de Pr\u00e9vention du Suicide) sont d\u00e9ploy\u00e9es \u00e0 l\u2019\u00e9chelle r\u00e9gionale\u00a0:<\/p>\n<ul>\n<li>Les formations \u00ab\u00a0Evaluation et Orientation\u00a0\u00bb et \u00ab\u00a0Intervention de Crise\u00a0\u00bb s\u2019adressent aux professionnels cliniciens et visent \u00e0 leur donner les cl\u00e9s pour \u00e9valuer et intervenir face \u00e0 une crise suicidaire.<\/li>\n<li>La formation \u00ab\u00a0Sentinelle\u00a0\u00bb, ouverte \u00e0 tous, vise \u00e0 renforcer les habilet\u00e9s et dispositions spontan\u00e9es de citoyens ou professionnels non-soignants pr\u00e9-identifi\u00e9s pour rep\u00e9rer, au sein de leur communaut\u00e9 de vie, les signes d\u2019alerte d\u2019un risque suicidaire et orienter les personnes rep\u00e9r\u00e9es vers les ressources d\u2019\u00e9valuation et\/ou de soin adapt\u00e9es.<\/li>\n<\/ul>\n<p><a class=\"link-ext-icon\" href=\"https:\/\/www.cnqsp-prevention-suicide.com\/\" target=\"_blank\" data-xiti-name=\"En savoir plus sur les formations\" data-xiti-chapitre1=\"Suicide : les actions de pr\u00e9vention en \u00cele-de-France\" data-xiti-type=\"exit\" rel=\"nofollow noopener\">En savoir plus sur les formations<\/a><\/p>\n<p>La promotion de la postvention<\/p>\n<p>En \u00cele-de-France, des dispositifs de postvention, apr\u00e8s un suicide, se d\u00e9veloppent, que \u00e7a soit des dispositifs de postvention pour les professionnels de la sant\u00e9 confront\u00e9s au suicide de patients (d\u00e9veloppement hospitalier de ressources), ou d\u2019accompagnement d\u2019endeuill\u00e9s par suicide (association Empreintes, etc.).<br \/>Une plateforme d\u2019informations et de ressources, la plateforme Espoir, recense les ressources \u00e0 proximit\u00e9.<\/p>\n<p>En savoir plus : <a class=\"link-ext-icon\" href=\"https:\/\/espoir-suicide.fr\/\" target=\"_blank\" data-xiti-name=\"espoir-suicide.fr\" data-xiti-chapitre1=\"Suicide : les actions de pr\u00e9vention en \u00cele-de-France\" data-xiti-type=\"exit\" rel=\"nofollow noopener\">espoir-suicide.fr<\/a> et <a class=\"link-ext-icon\" href=\"https:\/\/www.empreintes-asso.com\/\" target=\"_blank\" data-xiti-name=\"empreintes-asso.com\" data-xiti-chapitre1=\"Suicide : les actions de pr\u00e9vention en \u00cele-de-France\" data-xiti-type=\"exit\" rel=\"nofollow noopener\">empreintes-asso.com<\/a><br \/>\u00a0<\/p>\n<p>Nightline : une association qui prend soin de la sant\u00e9 mentale des jeunes<\/p>\n<p>Le dispositif Nightline \u0153uvre pour am\u00e9liorer la sant\u00e9 mentale des jeunes, et notamment des \u00e9tudiants, dans le cadre de la pr\u00e9vention du suicide.<\/p>\n<p>\u00a0<\/p>\n","protected":false},"excerpt":{"rendered":"Une priorit\u00e9 de sant\u00e9 publique La pr\u00e9vention du suicide est un enjeu majeur de sant\u00e9 publique. Bien que&hellip;\n","protected":false},"author":2,"featured_media":381880,"comment_status":"","ping_status":"","sticky":false,"template":"","format":"standard","meta":{"footnotes":""},"categories":[1592],"tags":[1111,11,1777,674,1011,27,662,12,626,25],"class_list":{"0":"post-381879","1":"post","2":"type-post","3":"status-publish","4":"format-standard","5":"has-post-thumbnail","7":"category-ile-de-france","8":"tag-actu","9":"tag-actualites","10":"tag-eu","11":"tag-europe","12":"tag-fr","13":"tag-france","14":"tag-ile-de-france","15":"tag-news","16":"tag-paris","17":"tag-republique-francaise"},"share_on_mastodon":{"url":"https:\/\/pubeurope.com\/@fr\/115183780046267060","error":""},"_links":{"self":[{"href":"https:\/\/www.europesays.com\/fr\/wp-json\/wp\/v2\/posts\/381879","targetHints":{"allow":["GET"]}}],"collection":[{"href":"https:\/\/www.europesays.com\/fr\/wp-json\/wp\/v2\/posts"}],"about":[{"href":"https:\/\/www.europesays.com\/fr\/wp-json\/wp\/v2\/types\/post"}],"author":[{"embeddable":true,"href":"https:\/\/www.europesays.com\/fr\/wp-json\/wp\/v2\/users\/2"}],"replies":[{"embeddable":true,"href":"https:\/\/www.europesays.com\/fr\/wp-json\/wp\/v2\/comments?post=381879"}],"version-history":[{"count":0,"href":"https:\/\/www.europesays.com\/fr\/wp-json\/wp\/v2\/posts\/381879\/revisions"}],"wp:featuredmedia":[{"embeddable":true,"href":"https:\/\/www.europesays.com\/fr\/wp-json\/wp\/v2\/media\/381880"}],"wp:attachment":[{"href":"https:\/\/www.europesays.com\/fr\/wp-json\/wp\/v2\/media?parent=381879"}],"wp:term":[{"taxonomy":"category","embeddable":true,"href":"https:\/\/www.europesays.com\/fr\/wp-json\/wp\/v2\/categories?post=381879"},{"taxonomy":"post_tag","embeddable":true,"href":"https:\/\/www.europesays.com\/fr\/wp-json\/wp\/v2\/tags?post=381879"}],"curies":[{"name":"wp","href":"https:\/\/api.w.org\/{rel}","templated":true}]}}