{"id":381881,"date":"2025-09-11T04:29:14","date_gmt":"2025-09-11T04:29:14","guid":{"rendered":"https:\/\/www.europesays.com\/fr\/381881\/"},"modified":"2025-09-11T04:29:14","modified_gmt":"2025-09-11T04:29:14","slug":"les-tetes-de-cochon-decouvertes-mardi-devant-des-mosquees-dile-de-france-ont-ete-deposees-par-des-etrangers-qui-ont-aussitot-quitte-le-territoire-annonce-le-parquet","status":"publish","type":"post","link":"https:\/\/www.europesays.com\/fr\/381881\/","title":{"rendered":"Les t\u00eates de cochon d\u00e9couvertes mardi devant des mosqu\u00e9es d&rsquo;Ile-de-France ont \u00e9t\u00e9 d\u00e9pos\u00e9es par des \u00e9trangers \u00ab\u00a0qui ont aussit\u00f4t quitt\u00e9 le territoire\u00a0\u00bb, annonce le parquet"},"content":{"rendered":"\n<p class=\"c-chapo \">\n  Le parquet de Paris d\u00e9nonce \u00ab\u00a0une volont\u00e9 manifeste de provoquer le trouble au sein de la nation\u00a0\u00bb.\n<\/p>\n<p>            lire plus tard<\/p>\n<p id=\"dialog__title\" class=\"dialog__title\">Pour sauvegarder cet article, connectez-vous ou cr\u00e9ez un compte franceinfo<\/p>\n<p class=\"dialog__description\">Sans paiement. Sans abonnement.<\/p>\n<p>        Fermer la fen\u00eatre d\u2019activation des notifications France Info<\/p>\n<p>            cr\u00e9er votre compte<\/p>\n<p>            se connecter<\/p>\n<p>        Fermer la fen\u00eatre de pr\u00e9sentation<\/p>\n<p>    <img loading=\"lazy\" decoding=\"async\" class=\"signature__image lazyload\" width=\"100\" height=\"100\" data- alt=\"\" src=\"https:\/\/www.europesays.com\/fr\/wp-content\/uploads\/2025\/06\/64a55fd777de4_placeholder-36b69ec8.png\"\/><\/p>\n<p>    Publi\u00e9 le 10\/09\/2025 19:32<\/p>\n<p>      Mis \u00e0 jour le 10\/09\/2025 19:43<\/p>\n<p>        Temps de lecture : 2min<\/p>\n<p>    <img decoding=\"async\"  alt=\"Plusieurs t\u00eates de cochon ont \u00e9t\u00e9 d\u00e9couvertes devant des lieux de culte musulmans, le 9 septembre, dont une mosqu\u00e9e dans le 20e arrondissement de Paris. (GOOGLE STREET VIEW)\" width=\"432\" height=\"243\" src=\"https:\/\/www.europesays.com\/fr\/wp-content\/uploads\/2025\/09\/mosquee-68bfeaf6d98d7380956797.png\" fetchpriority=\"high\"\/><\/p>\n<p>      Plusieurs t\u00eates de cochon ont \u00e9t\u00e9 d\u00e9couvertes devant des lieux de culte musulmans, le 9 septembre, dont une mosqu\u00e9e dans le 20e arrondissement de Paris. (GOOGLE STREET VIEW)<\/p>\n<p>L&rsquo;enqu\u00eate avance au lendemain de <a href=\"https:\/\/www.franceinfo.fr\/societe\/islamophobie\/inscription-macron-soupcon-d-ingerence-etrangere-ce-que-l-on-sait-des-tetes-de-cochon-decouvertes-devant-plusieurs-mosquees-d-ile-de-france_7482271.html\" rel=\"nofollow noopener\" target=\"_blank\">la d\u00e9couverte de t\u00eates de cochon devant plusieurs mosqu\u00e9es<\/a> d&rsquo;Ile-de-France. Les restes des animaux ont \u00e9t\u00e9 d\u00e9pos\u00e9s sur les lieux \u00ab\u00a0par des personnes de nationalit\u00e9 \u00e9trang\u00e8re qui ont aussit\u00f4t quitt\u00e9 le territoire\u00a0\u00bb, a annonc\u00e9, jeudi 10\u00a0septembre, le parquet de Paris, qui confirme dans un communiqu\u00e9 la piste de l&rsquo;ing\u00e9rence \u00e9trang\u00e8re. Ces actes ont, en effet, \u00e9t\u00e9 r\u00e9alis\u00e9s \u00ab\u00a0dans une volont\u00e9 manifeste de provoquer le trouble au sein de la nation\u00a0\u00bb, poursuit le texte.\u00a0<\/p>\n<p>\u00ab\u00a0Un agriculteur normand s\u2019est manifest\u00e9 aupr\u00e8s des enqu\u00eateurs pour signaler que deux\u00a0personnes \u00e9taient venues lui acheter une dizaine de t\u00eates de cochon, et a d\u00e9crit leur v\u00e9hicule dont la plaque d\u2019immatriculation serait serbe\u00a0\u00bb, continue le parquet, sans toutefois r\u00e9v\u00e9ler la nationalit\u00e9 des suspects. La trace de \u00ab\u00a0ce m\u00eame v\u00e9hicule\u00a0\u00bb a \u00e9t\u00e9 retrouv\u00e9e \u00e0 Paris, dans la nuit du 8 au 9\u00a0septembre, gr\u00e2ce \u00e0 l&rsquo;\u00e9tude de cam\u00e9ras de vid\u00e9osurveillance. \u00ab\u00a0Les images ont \u00e9galement montr\u00e9 deux\u00a0hommes d\u00e9poser les t\u00eates devant un certain nombre de mosqu\u00e9es\u00a0\u00bb, a continu\u00e9 le communiqu\u00e9.<\/p>\n<p>D\u00e8s mardi, des images de cam\u00e9ra de vid\u00e9osurveillance tourn\u00e9es \u00e0 Montreuil (Seine-Saint-Denis) montraient un homme en train de d\u00e9poser une t\u00eate de cochon devant l&rsquo;entr\u00e9e d&rsquo;une mosqu\u00e9e, avant de la prendre en photo plusieurs fois.\u00a0<\/p>\n<p>Au total, neuf\u00a0t\u00eates de cochon ont \u00e9t\u00e9 d\u00e9couvertes au petit matin\u00a0: quatre \u00e0 Paris, et cinq dans sa banlieue proche, dont Montrouge (Hauts-de-Seine), Malakoff (Hauts-de-Seine), Montreuil (Seine-Saint-Denis), et Gentilly (Val-de-Marne). Une inscription \u00ab\u00a0Macron\u00a0\u00bb a \u00e9t\u00e9 retrouv\u00e9e sur cinq de ces t\u00eates, se trouvant \u00e0 Paris, Montreuil et Montrouge. Les investigations se poursuivent sous la direction de la section de protection des libert\u00e9s publiques du parquet de Paris, a conclu le communiqu\u00e9 du parquet.<\/p>\n","protected":false},"excerpt":{"rendered":"Le parquet de Paris d\u00e9nonce \u00ab\u00a0une volont\u00e9 manifeste de provoquer le trouble au sein de la nation\u00a0\u00bb. lire&hellip;\n","protected":false},"author":2,"featured_media":381882,"comment_status":"","ping_status":"","sticky":false,"template":"","format":"standard","meta":{"footnotes":""},"categories":[1888],"tags":[1111,1928,11,1927,1777,674,1011,27,12,1926,626,1925,25],"class_list":{"0":"post-381881","1":"post","2":"type-post","3":"status-publish","4":"format-standard","5":"has-post-thumbnail","7":"category-paris","8":"tag-actu","9":"tag-actu-paris","10":"tag-actualites","11":"tag-actualites-paris","12":"tag-eu","13":"tag-europe","14":"tag-fr","15":"tag-france","16":"tag-news","17":"tag-news-paris","18":"tag-paris","19":"tag-paris-news","20":"tag-republique-francaise"},"share_on_mastodon":{"url":"https:\/\/pubeurope.com\/@fr\/115183784277244412","error":""},"_links":{"self":[{"href":"https:\/\/www.europesays.com\/fr\/wp-json\/wp\/v2\/posts\/381881","targetHints":{"allow":["GET"]}}],"collection":[{"href":"https:\/\/www.europesays.com\/fr\/wp-json\/wp\/v2\/posts"}],"about":[{"href":"https:\/\/www.europesays.com\/fr\/wp-json\/wp\/v2\/types\/post"}],"author":[{"embeddable":true,"href":"https:\/\/www.europesays.com\/fr\/wp-json\/wp\/v2\/users\/2"}],"replies":[{"embeddable":true,"href":"https:\/\/www.europesays.com\/fr\/wp-json\/wp\/v2\/comments?post=381881"}],"version-history":[{"count":0,"href":"https:\/\/www.europesays.com\/fr\/wp-json\/wp\/v2\/posts\/381881\/revisions"}],"wp:featuredmedia":[{"embeddable":true,"href":"https:\/\/www.europesays.com\/fr\/wp-json\/wp\/v2\/media\/381882"}],"wp:attachment":[{"href":"https:\/\/www.europesays.com\/fr\/wp-json\/wp\/v2\/media?parent=381881"}],"wp:term":[{"taxonomy":"category","embeddable":true,"href":"https:\/\/www.europesays.com\/fr\/wp-json\/wp\/v2\/categories?post=381881"},{"taxonomy":"post_tag","embeddable":true,"href":"https:\/\/www.europesays.com\/fr\/wp-json\/wp\/v2\/tags?post=381881"}],"curies":[{"name":"wp","href":"https:\/\/api.w.org\/{rel}","templated":true}]}}