{"id":381883,"date":"2025-09-11T04:30:21","date_gmt":"2025-09-11T04:30:21","guid":{"rendered":"https:\/\/www.europesays.com\/fr\/381883\/"},"modified":"2025-09-11T04:30:21","modified_gmt":"2025-09-11T04:30:21","slug":"un-restaurant-et-la-facade-dun-immeuble-en-feu-a-paris-une-enquete-ouverte","status":"publish","type":"post","link":"https:\/\/www.europesays.com\/fr\/381883\/","title":{"rendered":"Un restaurant et la fa\u00e7ade d\u2019un immeuble en feu \u00e0 Paris, une enqu\u00eate ouverte"},"content":{"rendered":"<p class=\"mb-4 text-lg md:leading-8 break-words\"><strong>col\u00e8re sociale &#8211; L\u2019incendie qui a endommag\u00e9 la fa\u00e7ade d\u2019un immeuble dans le centre de Paris mercredi apr\u00e8s-midi pourrait \u00eatre li\u00e9 \u00e0 l\u2019intervention des forces de l\u2019ordre<\/strong><\/p>\n<p class=\"mb-4 text-lg md:leading-8 break-words\">Les heurts se multiplient dans plusieurs villes de France en marge du mouvement \u00ab\u00a0Bloquons tout\u00a0\u00bb. A <a href=\"https:\/\/www.20minutes.fr\/paris\/?at_medium=RSS%20feed&amp;at_campaign=ynews&amp;utm_source=yahoo&amp;utm_medium=rss&amp;utm_campaign=news_feed&amp;utm_content=in_article_link\" rel=\"nofollow noopener\" target=\"_blank\" data-ylk=\"slk:Paris;elm:context_link;itc:0;sec:content-canvas\" class=\"link \">Paris<\/a>, un <a href=\"https:\/\/www.20minutes.fr\/dossier\/incendie?at_medium=RSS%20feed&amp;at_campaign=ynews&amp;utm_source=yahoo&amp;utm_medium=rss&amp;utm_campaign=news_feed&amp;utm_content=in_article_link\" rel=\"nofollow noopener\" target=\"_blank\" data-ylk=\"slk:incendie;elm:context_link;itc:0;sec:content-canvas\" class=\"link \">incendie<\/a> a endommag\u00e9 la fa\u00e7ade d\u2019un immeuble dans le centre mercredi apr\u00e8s-midi. A proximit\u00e9, des manifestants faisaient face \u00e0 des policiers dans le cadre de la mobilisation, ont constat\u00e9 des journalistes de l\u2019AFP.<\/p>\n<p class=\"mb-4 text-lg md:leading-8 break-words\">Une enqu\u00eate a \u00e9t\u00e9 ouverte pour \u00ab\u00a0d\u00e9gradation par incendie\u00a0\u00bb et a \u00e9t\u00e9 \u00ab\u00a0confi\u00e9e \u00e0 la S\u00fbret\u00e9 territoriale\u00a0\u00bb, a annonc\u00e9 la procureure de Paris, Laure Beccuau, en conf\u00e9rence de presse. \u00ab\u00a0Il pourrait s\u2019agir d\u2019un d\u00e9part de feu involontaire li\u00e9 \u00e0 l\u2019intervention des forces de l\u2019ordre\u00a0\u00bb, a-t-elle pr\u00e9cis\u00e9, indiquant que \u00ab\u00a0les investigations se poursuivent.\u00a0\u00bb<\/p>\n<p class=\"mb-4 text-lg md:leading-8 break-words\">Un important panache de fum\u00e9e s\u2019\u00e9levait peu apr\u00e8s 16 heures d\u2019une fa\u00e7ade d\u2019un immeuble l\u00e9ch\u00e9e par des flammes pr\u00e8s de la place du Ch\u00e2telet, et des <a href=\"https:\/\/www.20minutes.fr\/dossier\/pompiers?at_medium=RSS%20feed&amp;at_campaign=ynews&amp;utm_source=yahoo&amp;utm_medium=rss&amp;utm_campaign=news_feed&amp;utm_content=in_article_link\" rel=\"nofollow noopener\" target=\"_blank\" data-ylk=\"slk:pompiers;elm:context_link;itc:0;sec:content-canvas\" class=\"link \">pompiers<\/a> s\u2019affairaient pour \u00e9teindre le feu pendant que les forces de l\u2019ordre \u00e9vacuaient les alentours, selon des images film\u00e9es par l\u2019AFP.<\/p>\n<p>Les forces de l\u2019ordre accus\u00e9es d\u2019avoir d\u00e9clench\u00e9 l\u2019incendie<\/p>\n<p class=\"mb-4 text-lg md:leading-8 break-words\">L\u2019incendie s\u2019est d\u00e9clar\u00e9 \u00e0 l\u2019int\u00e9rieur d\u2019un restaurant avant d\u2019atteindre une fa\u00e7ade v\u00e9g\u00e9talis\u00e9e qui est partie en fum\u00e9e. Des policiers ont d\u2019abord tent\u00e9 d\u2019\u00e9teindre les flammes dans le restaurant \u00e0 l\u2019aide d\u2019extincteurs r\u00e9cup\u00e9r\u00e9s chez des voisins, sans succ\u00e8s, selon des journalistes de l\u2019AFP. Des sapeurs-pompiers sont intervenus quelques minutes apr\u00e8s et ont rapidement ma\u00eetris\u00e9 l\u2019incendie.<\/p>\n<p><a href=\"https:\/\/www.20minutes.fr\/dossier\/mouvement_social\" rel=\"nofollow noopener\" target=\"_blank\" data-ylk=\"slk:Nos derniers articles sur les mouvements sociaux;elm:context_link;itc:0;sec:content-canvas\" class=\"link \">Nos derniers articles sur les mouvements sociaux<\/a><\/p>\n<p class=\"mb-4 text-lg md:leading-8 break-words\">Des manifestants ont scand\u00e9 \u00ab\u00a0bravo la police\u00a0!\u00a0\u00bb, selon des images film\u00e9es par (&#8230;)<\/p>\n<p class=\"mb-4 text-lg md:leading-8 break-words\"><a href=\"https:\/\/www.20minutes.fr\/societe\/greve\/4172332-20250910-bloquons-tout-10-septembre-restaurant-facade-immeuble-feu-paris-enquete-ouverte?at_medium=RSS%20feed&amp;at_campaign=ynews&amp;utm_source=yahoo&amp;utm_medium=rss&amp;utm_campaign=news_feed&amp;utm_content=read_more_link&quot;\" rel=\"nofollow noopener\" target=\"_blank\" data-ylk=\"slk:Lire la suite sur 20minutes;elm:context_link;itc:0;sec:content-canvas\" class=\"link \">Lire la suite sur 20minutes<\/a><\/p>\n<p>\u00c0 lire aussi :<br \/><a href=\"https:\/\/www.20minutes.fr\/politique\/4172058-20250909-bloquons-tout-10-septembre-debut-mouvement-fin-emmanuel-macron?at_medium=RSS%20feed&amp;at_campaign=ynews&amp;utm_source=yahoo&amp;utm_medium=rss&amp;utm_campaign=news_feed&amp;utm_content=related_content_link\" rel=\"nofollow noopener\" target=\"_blank\" data-ylk=\"slk:\u00ab\u00a0Bloquons tout le 10\u00a0septembre\u00a0\u00bb\u00a0: Le d\u00e9but d\u2019un mouvement\u2026 et de la fin pour Emmanuel Macron\u00a0?;elm:context_link;itc:0;sec:content-canvas\" class=\"link \">\u00ab\u00a0Bloquons tout le 10\u00a0septembre\u00a0\u00bb\u00a0: Le d\u00e9but d\u2019un mouvement\u2026 et de la fin pour Emmanuel Macron\u00a0?<\/a><br \/><a href=\"https:\/\/www.20minutes.fr\/politique\/4171860-20250910-bloquons-tout-10-septembre-texte-passe-douce-autorise-plus-journalistes-manifestation?at_medium=RSS%20feed&amp;at_campaign=ynews&amp;utm_source=yahoo&amp;utm_medium=rss&amp;utm_campaign=news_feed&amp;utm_content=related_content_link\" rel=\"nofollow noopener\" target=\"_blank\" data-ylk=\"slk:\u00ab\u00a0Bloquons tout le 10\u00a0septembre\u00a0\u00bb\u00a0: Un texte pass\u00e9 en douce n\u2019autorise plus les journalistes en manifestation\u00a0?;elm:context_link;itc:0;sec:content-canvas\" class=\"link \">\u00ab\u00a0Bloquons tout le 10\u00a0septembre\u00a0\u00bb\u00a0: Un texte pass\u00e9 en douce n\u2019autorise plus les journalistes en manifestation\u00a0?<\/a><\/p>\n","protected":false},"excerpt":{"rendered":"col\u00e8re sociale &#8211; L\u2019incendie qui a endommag\u00e9 la fa\u00e7ade d\u2019un immeuble dans le centre de Paris mercredi apr\u00e8s-midi&hellip;\n","protected":false},"author":2,"featured_media":381884,"comment_status":"","ping_status":"","sticky":false,"template":"","format":"standard","meta":{"footnotes":""},"categories":[1888],"tags":[1111,1928,11,1927,1777,674,4816,3160,1011,27,5480,5022,33238,12,1926,626,1925,51405,25],"class_list":{"0":"post-381883","1":"post","2":"type-post","3":"status-publish","4":"format-standard","5":"has-post-thumbnail","7":"category-paris","8":"tag-actu","9":"tag-actu-paris","10":"tag-actualites","11":"tag-actualites-paris","12":"tag-eu","13":"tag-europe","14":"tag-facade","15":"tag-forces-de-lordre","16":"tag-fr","17":"tag-france","18":"tag-immeuble","19":"tag-lincendie","20":"tag-laure-beccuau","21":"tag-news","22":"tag-news-paris","23":"tag-paris","24":"tag-paris-news","25":"tag-place-du-chatelet","26":"tag-republique-francaise"},"share_on_mastodon":{"url":"https:\/\/pubeurope.com\/@fr\/115183788102704194","error":""},"_links":{"self":[{"href":"https:\/\/www.europesays.com\/fr\/wp-json\/wp\/v2\/posts\/381883","targetHints":{"allow":["GET"]}}],"collection":[{"href":"https:\/\/www.europesays.com\/fr\/wp-json\/wp\/v2\/posts"}],"about":[{"href":"https:\/\/www.europesays.com\/fr\/wp-json\/wp\/v2\/types\/post"}],"author":[{"embeddable":true,"href":"https:\/\/www.europesays.com\/fr\/wp-json\/wp\/v2\/users\/2"}],"replies":[{"embeddable":true,"href":"https:\/\/www.europesays.com\/fr\/wp-json\/wp\/v2\/comments?post=381883"}],"version-history":[{"count":0,"href":"https:\/\/www.europesays.com\/fr\/wp-json\/wp\/v2\/posts\/381883\/revisions"}],"wp:featuredmedia":[{"embeddable":true,"href":"https:\/\/www.europesays.com\/fr\/wp-json\/wp\/v2\/media\/381884"}],"wp:attachment":[{"href":"https:\/\/www.europesays.com\/fr\/wp-json\/wp\/v2\/media?parent=381883"}],"wp:term":[{"taxonomy":"category","embeddable":true,"href":"https:\/\/www.europesays.com\/fr\/wp-json\/wp\/v2\/categories?post=381883"},{"taxonomy":"post_tag","embeddable":true,"href":"https:\/\/www.europesays.com\/fr\/wp-json\/wp\/v2\/tags?post=381883"}],"curies":[{"name":"wp","href":"https:\/\/api.w.org\/{rel}","templated":true}]}}