{"id":381887,"date":"2025-09-11T04:32:11","date_gmt":"2025-09-11T04:32:11","guid":{"rendered":"https:\/\/www.europesays.com\/fr\/381887\/"},"modified":"2025-09-11T04:32:11","modified_gmt":"2025-09-11T04:32:11","slug":"a-paris-les-classes-moyennes-prises-en-etau-entre-les-hlm-et-les-nouveaux-rentiers","status":"publish","type":"post","link":"https:\/\/www.europesays.com\/fr\/381887\/","title":{"rendered":"\u00c0 Paris, les classes moyennes prises en \u00e9tau entre les HLM et les nouveaux rentiers"},"content":{"rendered":"<p><strong>ANALYSE &#8211;<\/strong> Alors que la mairie de Paris se r\u00e9jouit de la cr\u00e9ation de logements sociaux dans le tr\u00e8s chic 8e\u00a0arrondissement, une note de la Fondation Jean Jaur\u00e8s souligne que la capitale s\u2019est transform\u00e9e en une ville de rentiers et de l\u2019entre-soi.<\/p>\n<p class=\"fig-paragraph\">Devant\u00a0<a href=\"http:\/\/www.lefigaro.fr\/lifestyle\/dans-les-coulisses-d-un-palace-mythique-le-george-v-20221028\" data-fig-type=\"Article\" data-gtm-custom-categorie=\"navigation\" data-gtm-custom-action=\"crossclick\" data-gtm-custom-label=\"Contextuel\" data-gtm-event=\"customEventSPE\" data-fig-domain=\"LEFIGARO\" target=\"_blank\" rel=\"noopener\">le palace George\u00a0V,<\/a>\u00a0o\u00f9 une nuit co\u00fbte 2000\u00a0euros minimum (petit d\u00e9jeuner non compris), les berlines de luxe aux chromes impeccables c\u00f4toient les voitures de sport vrombissantes. \u00c0 quelques encablures, une boutique Armani et ses costumes \u00e0 plusieurs smics pour du sur-mesure. Nich\u00e9s entre les deux\u00a0: 23\u00a0logements sociaux. Fier de son coup, Jacques Baudrier, l\u2019adjoint au logement \u00e0 la mairie de Paris, s\u2019est f\u00e9licit\u00e9 mardi 2\u00a0septembre, sur\u00a0X, de\u00a0<a href=\"https:\/\/immobilier.lefigaro.fr\/article\/ces-23-logements-hlm-a-48-millions-d-euros-tout-pres-des-champs-elysees-suscitent-la-polemique-20250904\/\" target=\"_blank\" data-fig-type=\"Article\" rel=\"sponsored noopener\" data-gtm-custom-categorie=\"navigation\" data-gtm-custom-action=\"crossclick\" data-gtm-custom-label=\"Contextuel\" data-gtm-event=\"customEventSPE\" data-fig-domain=\"IMMOBILIER\">la transformation d\u2019un immeuble de bureaux<\/a>\u00a0de 3600\u00a0m\u00b2, situ\u00e9 au 37,\u00a0avenue George-V, dans le 8e\u00a0arrondissement de Paris, \u00e0 deux pas des Champs-\u00c9lys\u00e9es et proche du si\u00e8ge de LVMH. \u00ab\u00a0Le logement social arrive aussi dans les beaux quartiers\u00a0!\u00a0\u00bb, a claironn\u00e9 l\u2019\u00e9lu PCF.<\/p>\n<p class=\"fig-paragraph\">La gauche parisienne, qui r\u00e8gne sur Paris depuis 2001, habille son \u00e9chec en triomphe. Les logements sont accapar\u00e9s \u00e0 70\u00a0% par des CSP+, contre 54\u00a0% il y a trente ans, tandis que les ouvriers et les employ\u00e9s ont fui. Ils ne p\u00e8sent plus que 5,5\u00a0% des acheteurs, contre 17,7\u00a0%\u2026<\/p>\n<p class=\"fig-premium-paywall__infos\">\n        Cet article est r\u00e9serv\u00e9 aux abonn\u00e9s.        Il vous reste 83% \u00e0 d\u00e9couvrir.\n    <\/p>\n<p>                <img  data- alt=\"Le Figaro\" class=\"fig-img--complete fig-img\"\/><\/p>\n<p class=\"fig-premium-paywall__title\">Vous avez envie de lire la suite ?<\/p>\n<p class=\"fig-premium-paywall__subtitle\">D\u00e9bloquez tous les articles imm\u00e9diatement.<\/p>\n<p class=\"fig-premium-paywall__connect\">\n                D\u00e9j\u00e0 abonn\u00e9\u00a0?                <a class=\"fig-premium-paywall__connect-link\" href=\"https:\/\/connect.lefigaro.fr\/login?client=horizon_web&amp;type=main&amp;redirect_uri=https%3A%2F%2Fwww.lefigaro.fr%2Fvox%2Fsociete%2Fa-paris-les-classes-moyennes-prises-en-etau-entre-les-hlm-et-les-nouveaux-rentiers-20250911\" data-js-gtm=\"{&quot;customCategorie&quot;: &quot;conversion&quot;, &quot;customAction&quot;: &quot;before_Landing_Connexion_paywall_auto&quot;, &quot;customLabel&quot;: &quot;bGVmaWdhcm8uZnJfXzFmMDg5NzNiLTc2YjQtNjE2Ni05ZjBjLTJmM2Y3NWRiYzEwYV9fQXJ0aWNsZQ==_\u00c0 Paris, les classes moyennes prises en \u00e9tau entre les HLM et les nouveaux rentiers_268&quot;, &quot;customIDSPE&quot;: &quot;bGVmaWdhcm8uZnJfXzFmMDg5NzNiLTc2YjQtNjE2Ni05ZjBjLTJmM2Y3NWRiYzEwYV9fQXJ0aWNsZQ==&quot;, &quot;event&quot;: &quot;customEventSPE&quot;}\" target=\"_blank\" rel=\"noopener\"><br \/>\n                    Connectez-vous<br \/>\n                <\/a>\n            <\/p>\n","protected":false},"excerpt":{"rendered":"ANALYSE &#8211; Alors que la mairie de Paris se r\u00e9jouit de la cr\u00e9ation de logements sociaux dans le&hellip;\n","protected":false},"author":2,"featured_media":381888,"comment_status":"","ping_status":"","sticky":false,"template":"","format":"standard","meta":{"footnotes":""},"categories":[1888],"tags":[11,2618,1777,674,1011,27,6459,12,626,25],"class_list":{"0":"post-381887","1":"post","2":"type-post","3":"status-publish","4":"format-standard","5":"has-post-thumbnail","7":"category-paris","8":"tag-actualites","9":"tag-anne-hidalgo","10":"tag-eu","11":"tag-europe","12":"tag-fr","13":"tag-france","14":"tag-logements-sociaux","15":"tag-news","16":"tag-paris","17":"tag-republique-francaise"},"share_on_mastodon":{"url":"https:\/\/pubeurope.com\/@fr\/115183795805439774","error":""},"_links":{"self":[{"href":"https:\/\/www.europesays.com\/fr\/wp-json\/wp\/v2\/posts\/381887","targetHints":{"allow":["GET"]}}],"collection":[{"href":"https:\/\/www.europesays.com\/fr\/wp-json\/wp\/v2\/posts"}],"about":[{"href":"https:\/\/www.europesays.com\/fr\/wp-json\/wp\/v2\/types\/post"}],"author":[{"embeddable":true,"href":"https:\/\/www.europesays.com\/fr\/wp-json\/wp\/v2\/users\/2"}],"replies":[{"embeddable":true,"href":"https:\/\/www.europesays.com\/fr\/wp-json\/wp\/v2\/comments?post=381887"}],"version-history":[{"count":0,"href":"https:\/\/www.europesays.com\/fr\/wp-json\/wp\/v2\/posts\/381887\/revisions"}],"wp:featuredmedia":[{"embeddable":true,"href":"https:\/\/www.europesays.com\/fr\/wp-json\/wp\/v2\/media\/381888"}],"wp:attachment":[{"href":"https:\/\/www.europesays.com\/fr\/wp-json\/wp\/v2\/media?parent=381887"}],"wp:term":[{"taxonomy":"category","embeddable":true,"href":"https:\/\/www.europesays.com\/fr\/wp-json\/wp\/v2\/categories?post=381887"},{"taxonomy":"post_tag","embeddable":true,"href":"https:\/\/www.europesays.com\/fr\/wp-json\/wp\/v2\/tags?post=381887"}],"curies":[{"name":"wp","href":"https:\/\/api.w.org\/{rel}","templated":true}]}}